{"id":13069,"date":"2019-12-05T00:46:15","date_gmt":"2019-12-05T00:46:15","guid":{"rendered":"https:\/\/jorgezanoni.com.br\/2019\/?p=13069"},"modified":"2019-12-05T10:43:07","modified_gmt":"2019-12-05T10:43:07","slug":"morre-o-medico-dr-haroldo-deponte-que-ha-muitos-anos-atua-em-dracena","status":"publish","type":"post","link":"https:\/\/jorgezanoni.com.br\/2019\/morre-o-medico-dr-haroldo-deponte-que-ha-muitos-anos-atua-em-dracena\/","title":{"rendered":"Morre o m\u00e9dico Dr. Haroldo Deponte que h\u00e1 muitos anos atua em Dracena"},"content":{"rendered":"<p style=\"text-align: justify;\"><strong>Faleceu na noite de hoje (4), o m\u00e9dico dracenense Dr. Haroldo Deponte aos 66 anos. <\/strong><\/p>\n<p style=\"text-align: justify;\">Segundo informa\u00e7\u00f5es ele sofreu um infarto em sua pr\u00f3pria resid\u00eancia, no jardim Europa, foi socorrido por uma Unidade de Resgate do Corpo de Bombeiros at\u00e9 o Pronto Atendimento Municipal, mas n\u00e3o resistiu.<\/p>\n<p style=\"text-align: justify;\">Deixa a esposa tamb\u00e9m m\u00e9dica Sandra e os filhos Caio e Carla. Haroldo Deponte residia em Dracena h\u00e1 mais de 30 anos. Foi secret\u00e1rio municipal de Esportes na gest\u00e3o de Zezinho Garcia (meados da d\u00e9cada de 1990). Atuou na Santa Casa, em seu consult\u00f3rio, no curso de Medicina e trabalhou numa penitenci\u00e1ria e como m\u00e9dico legista na Pol\u00edcia Cient\u00edfica.<\/p>\n<p style=\"text-align: justify;\">Aguarde informa\u00e7\u00f5es sobre vel\u00f3rio e sepultamento.<\/p>\n<p><img loading=\"lazy\" decoding=\"async\" class=\"alignnone size-full wp-image-13072\" src=\"https:\/\/jorgezanoni.com.br\/2019\/wp-content\/uploads\/2019\/12\/dr..jpg\" alt=\"\" width=\"197\" height=\"324\" srcset=\"https:\/\/jorgezanoni.com.br\/2019\/wp-content\/uploads\/2019\/12\/dr..jpg 197w, https:\/\/jorgezanoni.com.br\/2019\/wp-content\/uploads\/2019\/12\/dr.-182x300.jpg 182w\" sizes=\"auto, (max-width: 197px) 100vw, 197px\" \/><\/p>\n<p><img loading=\"lazy\" decoding=\"async\" class=\"alignnone size-full wp-image-13095\" src=\"https:\/\/jorgezanoni.com.br\/2019\/wp-content\/uploads\/2019\/12\/Dr.-Haroldo.jpg\" alt=\"\" width=\"2048\" height=\"1574\" srcset=\"https:\/\/jorgezanoni.com.br\/2019\/wp-content\/uploads\/2019\/12\/Dr.-Haroldo.jpg 2048w, https:\/\/jorgezanoni.com.br\/2019\/wp-content\/uploads\/2019\/12\/Dr.-Haroldo-300x231.jpg 300w, https:\/\/jorgezanoni.com.br\/2019\/wp-content\/uploads\/2019\/12\/Dr.-Haroldo-768x590.jpg 768w, https:\/\/jorgezanoni.com.br\/2019\/wp-content\/uploads\/2019\/12\/Dr.-Haroldo-1024x787.jpg 1024w, https:\/\/jorgezanoni.com.br\/2019\/wp-content\/uploads\/2019\/12\/Dr.-Haroldo-80x60.jpg 80w, https:\/\/jorgezanoni.com.br\/2019\/wp-content\/uploads\/2019\/12\/Dr.-Haroldo-696x535.jpg 696w, https:\/\/jorgezanoni.com.br\/2019\/wp-content\/uploads\/2019\/12\/Dr.-Haroldo-1068x821.jpg 1068w, https:\/\/jorgezanoni.com.br\/2019\/wp-content\/uploads\/2019\/12\/Dr.-Haroldo-546x420.jpg 546w\" sizes=\"auto, (max-width: 2048px) 100vw, 2048px\" \/><\/p>\n<p style=\"text-align: justify;\">Jorge Zanoni<\/p>\n<p>&nbsp;<\/p>\n","protected":false},"excerpt":{"rendered":"<p>Faleceu na noite de hoje (4), o m\u00e9dico dracenense Dr. Haroldo Deponte aos 66 anos. Segundo informa\u00e7\u00f5es ele sofreu um infarto em sua pr\u00f3pria resid\u00eancia, no jardim Europa, foi socorrido por uma Unidade de Resgate do Corpo de Bombeiros at\u00e9 o Pronto Atendimento Municipal, mas n\u00e3o resistiu. Deixa a esposa tamb\u00e9m m\u00e9dica Sandra e os [&hellip;]<\/p>\n","protected":false},"author":1,"featured_media":13070,"comment_status":"closed","ping_status":"open","sticky":false,"template":"","format":"standard","meta":{"footnotes":""},"categories":[178,110],"tags":[],"class_list":["post-13069","post","type-post","status-publish","format-standard","has-post-thumbnail","hentry","category-notadefalecimento","category-noticiasdestaque"],"_links":{"self":[{"href":"https:\/\/jorgezanoni.com.br\/2019\/wp-json\/wp\/v2\/posts\/13069","targetHints":{"allow":["GET"]}}],"collection":[{"href":"https:\/\/jorgezanoni.com.br\/2019\/wp-json\/wp\/v2\/posts"}],"about":[{"href":"https:\/\/jorgezanoni.com.br\/2019\/wp-json\/wp\/v2\/types\/post"}],"author":[{"embeddable":true,"href":"https:\/\/jorgezanoni.com.br\/2019\/wp-json\/wp\/v2\/users\/1"}],"replies":[{"embeddable":true,"href":"https:\/\/jorgezanoni.com.br\/2019\/wp-json\/wp\/v2\/comments?post=13069"}],"version-history":[{"count":0,"href":"https:\/\/jorgezanoni.com.br\/2019\/wp-json\/wp\/v2\/posts\/13069\/revisions"}],"wp:featuredmedia":[{"embeddable":true,"href":"https:\/\/jorgezanoni.com.br\/2019\/wp-json\/wp\/v2\/media\/13070"}],"wp:attachment":[{"href":"https:\/\/jorgezanoni.com.br\/2019\/wp-json\/wp\/v2\/media?parent=13069"}],"wp:term":[{"taxonomy":"category","embeddable":true,"href":"https:\/\/jorgezanoni.com.br\/2019\/wp-json\/wp\/v2\/categories?post=13069"},{"taxonomy":"post_tag","embeddable":true,"href":"https:\/\/jorgezanoni.com.br\/2019\/wp-json\/wp\/v2\/tags?post=13069"}],"curies":[{"name":"wp","href":"https:\/\/api.w.org\/{rel}","templated":true}]}}