{"id":13064,"date":"2019-12-05T00:27:49","date_gmt":"2019-12-05T00:27:49","guid":{"rendered":"https:\/\/jorgezanoni.com.br\/2019\/?p=13064"},"modified":"2019-12-05T00:27:49","modified_gmt":"2019-12-05T00:27:49","slug":"morador-reclama-de-motoristas-folgados-e-pede-providencias","status":"publish","type":"post","link":"https:\/\/jorgezanoni.com.br\/2019\/morador-reclama-de-motoristas-folgados-e-pede-providencias\/","title":{"rendered":"Morador reclama de motoristas folgados e pede provid\u00eancias"},"content":{"rendered":"<p style=\"text-align: justify;\">Morador reclama que di\u00e1riamente em um estacionamento comercial de empresa na avenida dos Expedicion\u00e1rios, tem ve\u00edculo parado de qualquer jeito.<\/p>\n<p style=\"text-align: justify;\">As imagens foram feitas nesta quarta-feira (4) onde ningu\u00e9m respeita. Cal\u00e7ada foi feita para pedestre, diz ele.<\/p>\n<p style=\"text-align: justify;\">Pede que os setores competentes tomem provid\u00eancias urgentes e seja coibido o abuso desses maus motoristas.<\/p>\n<p style=\"text-align: justify;\"><img loading=\"lazy\" decoding=\"async\" class=\"alignnone size-full wp-image-13065\" src=\"https:\/\/jorgezanoni.com.br\/2019\/wp-content\/uploads\/2019\/12\/val.jpg\" alt=\"\" width=\"960\" height=\"1280\" srcset=\"https:\/\/jorgezanoni.com.br\/2019\/wp-content\/uploads\/2019\/12\/val.jpg 960w, https:\/\/jorgezanoni.com.br\/2019\/wp-content\/uploads\/2019\/12\/val-225x300.jpg 225w, https:\/\/jorgezanoni.com.br\/2019\/wp-content\/uploads\/2019\/12\/val-768x1024.jpg 768w, https:\/\/jorgezanoni.com.br\/2019\/wp-content\/uploads\/2019\/12\/val-696x928.jpg 696w, https:\/\/jorgezanoni.com.br\/2019\/wp-content\/uploads\/2019\/12\/val-315x420.jpg 315w\" sizes=\"auto, (max-width: 960px) 100vw, 960px\" \/> <img loading=\"lazy\" decoding=\"async\" class=\"alignnone size-full wp-image-13066\" src=\"https:\/\/jorgezanoni.com.br\/2019\/wp-content\/uploads\/2019\/12\/val1.jpg\" alt=\"\" width=\"960\" height=\"1280\" srcset=\"https:\/\/jorgezanoni.com.br\/2019\/wp-content\/uploads\/2019\/12\/val1.jpg 960w, https:\/\/jorgezanoni.com.br\/2019\/wp-content\/uploads\/2019\/12\/val1-225x300.jpg 225w, https:\/\/jorgezanoni.com.br\/2019\/wp-content\/uploads\/2019\/12\/val1-768x1024.jpg 768w, https:\/\/jorgezanoni.com.br\/2019\/wp-content\/uploads\/2019\/12\/val1-696x928.jpg 696w, https:\/\/jorgezanoni.com.br\/2019\/wp-content\/uploads\/2019\/12\/val1-315x420.jpg 315w\" sizes=\"auto, (max-width: 960px) 100vw, 960px\" \/>\u00a0Jorge Zanoni<\/p>\n<p style=\"text-align: justify;\">Foto de Internauta<\/p>\n","protected":false},"excerpt":{"rendered":"<p>Morador reclama que di\u00e1riamente em um estacionamento comercial de empresa na avenida dos Expedicion\u00e1rios, tem ve\u00edculo parado de qualquer jeito. As imagens foram feitas nesta quarta-feira (4) onde ningu\u00e9m respeita. Cal\u00e7ada foi feita para pedestre, diz ele. Pede que os setores competentes tomem provid\u00eancias urgentes e seja coibido o abuso desses maus motoristas. \u00a0Jorge Zanoni [&hellip;]<\/p>\n","protected":false},"author":1,"featured_media":13067,"comment_status":"closed","ping_status":"open","sticky":false,"template":"","format":"standard","meta":{"footnotes":""},"categories":[180,110],"tags":[],"class_list":["post-13064","post","type-post","status-publish","format-standard","has-post-thumbnail","hentry","category-estradastransitoveiculos","category-noticiasdestaque"],"_links":{"self":[{"href":"https:\/\/jorgezanoni.com.br\/2019\/wp-json\/wp\/v2\/posts\/13064","targetHints":{"allow":["GET"]}}],"collection":[{"href":"https:\/\/jorgezanoni.com.br\/2019\/wp-json\/wp\/v2\/posts"}],"about":[{"href":"https:\/\/jorgezanoni.com.br\/2019\/wp-json\/wp\/v2\/types\/post"}],"author":[{"embeddable":true,"href":"https:\/\/jorgezanoni.com.br\/2019\/wp-json\/wp\/v2\/users\/1"}],"replies":[{"embeddable":true,"href":"https:\/\/jorgezanoni.com.br\/2019\/wp-json\/wp\/v2\/comments?post=13064"}],"version-history":[{"count":0,"href":"https:\/\/jorgezanoni.com.br\/2019\/wp-json\/wp\/v2\/posts\/13064\/revisions"}],"wp:featuredmedia":[{"embeddable":true,"href":"https:\/\/jorgezanoni.com.br\/2019\/wp-json\/wp\/v2\/media\/13067"}],"wp:attachment":[{"href":"https:\/\/jorgezanoni.com.br\/2019\/wp-json\/wp\/v2\/media?parent=13064"}],"wp:term":[{"taxonomy":"category","embeddable":true,"href":"https:\/\/jorgezanoni.com.br\/2019\/wp-json\/wp\/v2\/categories?post=13064"},{"taxonomy":"post_tag","embeddable":true,"href":"https:\/\/jorgezanoni.com.br\/2019\/wp-json\/wp\/v2\/tags?post=13064"}],"curies":[{"name":"wp","href":"https:\/\/api.w.org\/{rel}","templated":true}]}}