{"id":13049,"date":"2019-12-04T22:59:18","date_gmt":"2019-12-04T22:59:18","guid":{"rendered":"https:\/\/jorgezanoni.com.br\/2019\/?p=13049"},"modified":"2019-12-04T22:59:18","modified_gmt":"2019-12-04T22:59:18","slug":"edu-dracena-do-palmeiras-chora-em-ultima-coletiva-como-jogador-e-brinca-vou-passar-meu-curriculo","status":"publish","type":"post","link":"https:\/\/jorgezanoni.com.br\/2019\/edu-dracena-do-palmeiras-chora-em-ultima-coletiva-como-jogador-e-brinca-vou-passar-meu-curriculo\/","title":{"rendered":"Edu Dracena, do Palmeiras, chora em \u00faltima coletiva como jogador e brinca: &#8220;Vou passar meu curr\u00edculo&#8221;"},"content":{"rendered":"<h2 class=\"content-head__subtitle\" style=\"text-align: justify;\"><strong>Zagueiro d\u00e1 entrevista na presen\u00e7a da esposa e dos dois filhos.<\/strong><\/h2>\n<div class=\"mc-column content-text active-extra-styles \" data-block-type=\"unstyled\" data-block-weight=\"34\" data-block-id=\"2\">\n<p class=\"content-text__container \" data-track-category=\"Link no Texto\" data-track-links=\"\">Acabar\u00e1 no domingo a carreira de Edu Dracena como jogador. Nesta quarta-feira, um dia antes da pen\u00faltima partida do Palmeiras no ano, ele deu sua \u00faltima entrevista coletiva na Academia de Futebol. E emocionou-se.<\/p>\n<\/div>\n<div class=\"wall protected-content\">\n<div class=\"mc-column content-text active-extra-styles \" data-block-type=\"unstyled\" data-block-weight=\"47\" data-block-id=\"3\">\n<p class=\"content-text__container \" data-track-category=\"Link no Texto\" data-track-links=\"\">\u2013 Vou sair de f\u00e9rias com minha fam\u00edlia, n\u00e3o sei se vou desligar ou n\u00e3o o telefone (risos). Quero estar no futebol, minha vida toda foi o futebol. Vou passar meu curr\u00edculo para todo mundo. Quem quiser, pode me chamar \u2013 brincou o zagueiro de 38 anos.<\/p>\n<p data-track-category=\"Link no Texto\" data-track-links=\"\"><img loading=\"lazy\" decoding=\"async\" class=\"alignnone size-full wp-image-13050\" src=\"https:\/\/jorgezanoni.com.br\/2019\/wp-content\/uploads\/2019\/12\/Edu.jpeg\" alt=\"\" width=\"1000\" height=\"750\" srcset=\"https:\/\/jorgezanoni.com.br\/2019\/wp-content\/uploads\/2019\/12\/Edu.jpeg 1000w, https:\/\/jorgezanoni.com.br\/2019\/wp-content\/uploads\/2019\/12\/Edu-300x225.jpeg 300w, https:\/\/jorgezanoni.com.br\/2019\/wp-content\/uploads\/2019\/12\/Edu-768x576.jpeg 768w, https:\/\/jorgezanoni.com.br\/2019\/wp-content\/uploads\/2019\/12\/Edu-80x60.jpeg 80w, https:\/\/jorgezanoni.com.br\/2019\/wp-content\/uploads\/2019\/12\/Edu-265x198.jpeg 265w, https:\/\/jorgezanoni.com.br\/2019\/wp-content\/uploads\/2019\/12\/Edu-696x522.jpeg 696w, https:\/\/jorgezanoni.com.br\/2019\/wp-content\/uploads\/2019\/12\/Edu-560x420.jpeg 560w\" sizes=\"auto, (max-width: 1000px) 100vw, 1000px\" \/>Z\u00e9 Roberto abra\u00e7a Edu Dracena \u2014 Foto: Felipe Zito<\/p>\n<div class=\"mc-column content-text active-extra-styles \" data-block-type=\"unstyled\" data-block-weight=\"55\" data-block-id=\"6\">\n<p class=\"content-text__container \" style=\"text-align: justify;\" data-track-category=\"Link no Texto\" data-track-links=\"\">Dracena chegou a dizer que n\u00e3o choraria. A promessa quase foi cumprida, mas uma novidade de \u00faltima hora o emocionou. Escondido na sala de imprensa da Academia de Futebol, Z\u00e9 Roberto, ex-colega de elenco de Edu Dracena e atualmente assessor t\u00e9cnico do Palmeiras, de repente apareceu atr\u00e1s das c\u00e2meras e fez um discurso de homenagem.<\/p>\n<\/div>\n<div class=\"mc-column content-text active-extra-styles \" style=\"text-align: justify;\" data-block-type=\"unstyled\" data-block-weight=\"49\" data-block-id=\"7\">\n<p class=\"content-text__container \" data-track-category=\"Link no Texto\" data-track-links=\"\">\u2013 Falei que n\u00e3o ia chorar, mas ele me ajudou muito aqui no Palmeiras. Por mais experiente que a gente seja, a gente tem que aprender \u2013 comentou Edu Dracena, j\u00e1 com voz embargada, antes de enaltecer a esposa e os dois filhos, que estavam sentados \u00e0 sua frente.<\/p>\n<\/div>\n<div class=\"mc-column content-text active-extra-styles \" data-block-type=\"unstyled\" data-block-weight=\"26\" data-block-id=\"8\">\n<p class=\"content-text__container \" style=\"text-align: justify;\" data-track-category=\"Link no Texto\" data-track-links=\"\">\u2013 A minha esposa, n\u00e3o tenho palavras&#8230; Ela abdicou da vida dela. \u00c9 nutricionista, trabalhava na prefeitura no interior e largou tudo para viver meu sonho.<\/p>\n<p style=\"text-align: justify;\" data-track-category=\"Link no Texto\" data-track-links=\"\">O Palmeiras \u00e9 o s\u00e9timo clube na carreira profissional do zagueiro, que come\u00e7ou no Guarani e passou ainda por Olympiacos (Gr\u00e9cia), Cruzeiro, Fenerbah\u00e7e (Turquia), Santos e Corinthians. Com a camisa alviverde, conquistou dois t\u00edtulos brasileiros e marcou tr\u00eas gols em 127 jogos.<\/p>\n<p style=\"text-align: justify;\" data-track-category=\"Link no Texto\" data-track-links=\"\"><img loading=\"lazy\" decoding=\"async\" class=\"alignnone size-full wp-image-13052\" src=\"https:\/\/jorgezanoni.com.br\/2019\/wp-content\/uploads\/2019\/12\/edu2.jpeg\" alt=\"\" width=\"1000\" height=\"750\" srcset=\"https:\/\/jorgezanoni.com.br\/2019\/wp-content\/uploads\/2019\/12\/edu2.jpeg 1000w, https:\/\/jorgezanoni.com.br\/2019\/wp-content\/uploads\/2019\/12\/edu2-300x225.jpeg 300w, https:\/\/jorgezanoni.com.br\/2019\/wp-content\/uploads\/2019\/12\/edu2-768x576.jpeg 768w, https:\/\/jorgezanoni.com.br\/2019\/wp-content\/uploads\/2019\/12\/edu2-80x60.jpeg 80w, https:\/\/jorgezanoni.com.br\/2019\/wp-content\/uploads\/2019\/12\/edu2-265x198.jpeg 265w, https:\/\/jorgezanoni.com.br\/2019\/wp-content\/uploads\/2019\/12\/edu2-696x522.jpeg 696w, https:\/\/jorgezanoni.com.br\/2019\/wp-content\/uploads\/2019\/12\/edu2-560x420.jpeg 560w\" sizes=\"auto, (max-width: 1000px) 100vw, 1000px\" \/>Edu Dracena se emociona na entrevista de despedida como jogador \u2014 Foto: Felipe Zito<\/p>\n<div class=\"mc-column content-text active-extra-styles \" data-block-type=\"unstyled\" data-block-weight=\"44\" data-block-id=\"13\">\n<p class=\"content-text__container \" style=\"text-align: justify;\" data-track-category=\"Link no Texto\" data-track-links=\"\">Diante do Goi\u00e1s, nesta quinta-feira, Edu Dracena coincidentemente voltar\u00e1 ao local do seu in\u00edcio de carreira, o Brinco de Ouro. A partida foi transferida para o est\u00e1dio de Campinas por conta de shows na arena palmeirense. Al\u00e9m disso, no domingo, ele reencontrar\u00e1 o Cruzeiro.<\/p>\n<\/div>\n<div class=\"mc-column content-text active-extra-styles \" data-block-type=\"unstyled\" data-block-weight=\"40\" data-block-id=\"14\">\n<p class=\"content-text__container \" style=\"text-align: justify;\" data-track-category=\"Link no Texto\" data-track-links=\"\">\u2013 N\u00e3o tenho nenhum norte ainda, estou \u00e0 deriva (risos). Tenho que primeiro acabar essa etapa como jogador. A\u00ed, sim, vamos ver o que vai aparecer, o que vai me seduzir \u2013 disse, antes de um de seus \u00faltimos treinos.<\/p>\n<p style=\"text-align: justify;\" data-track-category=\"Link no Texto\" data-track-links=\"\">\u2013 N\u00e3o vou me aposentar. Aposentadoria \u00e9 uma palavra bem forte, at\u00e9 porque no Brasil a lei mudou. Com 65 anos se aposenta. Tenho 38 anos, s\u00f3 vou parar de jogar (risos).<\/p>\n<p style=\"text-align: justify;\" data-track-category=\"Link no Texto\" data-track-links=\"\">Fonte: https:\/\/globoesporte.globo.com\/futebol\/times\/palmeiras\/noticia\/edu-dracena-do-palmeiras-chora-em-ultima-coletiva-como-jogador-e-brinca-vou-passar-meu-curriculo.ghtml<\/p>\n<\/div>\n<\/div>\n<\/div>\n<\/div>\n","protected":false},"excerpt":{"rendered":"<p>Zagueiro d\u00e1 entrevista na presen\u00e7a da esposa e dos dois filhos. Acabar\u00e1 no domingo a carreira de Edu Dracena como jogador. Nesta quarta-feira, um dia antes da pen\u00faltima partida do Palmeiras no ano, ele deu sua \u00faltima entrevista coletiva na Academia de Futebol. E emocionou-se. \u2013 Vou sair de f\u00e9rias com minha fam\u00edlia, n\u00e3o sei [&hellip;]<\/p>\n","protected":false},"author":1,"featured_media":13051,"comment_status":"closed","ping_status":"open","sticky":false,"template":"","format":"standard","meta":{"footnotes":""},"categories":[111,110],"tags":[],"class_list":["post-13049","post","type-post","status-publish","format-standard","has-post-thumbnail","hentry","category-esporteecultura","category-noticiasdestaque"],"_links":{"self":[{"href":"https:\/\/jorgezanoni.com.br\/2019\/wp-json\/wp\/v2\/posts\/13049","targetHints":{"allow":["GET"]}}],"collection":[{"href":"https:\/\/jorgezanoni.com.br\/2019\/wp-json\/wp\/v2\/posts"}],"about":[{"href":"https:\/\/jorgezanoni.com.br\/2019\/wp-json\/wp\/v2\/types\/post"}],"author":[{"embeddable":true,"href":"https:\/\/jorgezanoni.com.br\/2019\/wp-json\/wp\/v2\/users\/1"}],"replies":[{"embeddable":true,"href":"https:\/\/jorgezanoni.com.br\/2019\/wp-json\/wp\/v2\/comments?post=13049"}],"version-history":[{"count":0,"href":"https:\/\/jorgezanoni.com.br\/2019\/wp-json\/wp\/v2\/posts\/13049\/revisions"}],"wp:featuredmedia":[{"embeddable":true,"href":"https:\/\/jorgezanoni.com.br\/2019\/wp-json\/wp\/v2\/media\/13051"}],"wp:attachment":[{"href":"https:\/\/jorgezanoni.com.br\/2019\/wp-json\/wp\/v2\/media?parent=13049"}],"wp:term":[{"taxonomy":"category","embeddable":true,"href":"https:\/\/jorgezanoni.com.br\/2019\/wp-json\/wp\/v2\/categories?post=13049"},{"taxonomy":"post_tag","embeddable":true,"href":"https:\/\/jorgezanoni.com.br\/2019\/wp-json\/wp\/v2\/tags?post=13049"}],"curies":[{"name":"wp","href":"https:\/\/api.w.org\/{rel}","templated":true}]}}