{"id":13046,"date":"2019-12-04T22:07:14","date_gmt":"2019-12-04T22:07:14","guid":{"rendered":"https:\/\/jorgezanoni.com.br\/2019\/?p=13046"},"modified":"2019-12-04T22:07:14","modified_gmt":"2019-12-04T22:07:14","slug":"nova-andradina-chuva-forte-alaga-trevo-da-ms-134","status":"publish","type":"post","link":"https:\/\/jorgezanoni.com.br\/2019\/nova-andradina-chuva-forte-alaga-trevo-da-ms-134\/","title":{"rendered":"Nova Andradina &#8211; Chuva forte alaga trevo da MS-134"},"content":{"rendered":"<h2 style=\"text-align: justify;\"><strong>Corpo de Bombeiros precisou ser acionado.<\/strong><\/h2>\n<p style=\"text-align: justify;\">A forte chuva que caiu em Nova Andradina na tarde desta quarta feira (04), alagou o trevo da MS-134, na regi\u00e3o do Anel vi\u00e1rio, na sa\u00edda para o munic\u00edpio de Bataypor\u00e3.<\/p>\n<p style=\"text-align: justify;\">Um carro com placas de Bataypor\u00e3 ficou preso na \u201clagoa\u201d formada pela \u00e1gua da chuva. O Corpo de Bombeiros precisou ser acionado para prestar atendimento ao motorista. O tr\u00e2nsito ficou lento e alguns ve\u00edculos precisaram esperar a \u00e1gua baixar para serem liberados.<\/p>\n<div id=\"sc_intxt_container\" style=\"text-align: justify;\">\n<div>\n<div id=\"smartIntext\">Casos semelhantes ocorrem frequentemente na regi\u00e3o com grandes volumes de chuva.<\/div>\n<div><\/div>\n<div>VEJA O V\u00cdDEO:\u00a0<a href=\"https:\/\/www.novanews.com.br\/noticias\/cidades\/nova-andradina-chuva-forte-alaga-trevo-da-ms-134\">https:\/\/www.novanews.com.br\/noticias\/cidades\/nova-andradina-chuva-forte-alaga-trevo-da-ms-134<\/a><\/div>\n<\/div>\n<\/div>\n<div class=\"clear\" style=\"text-align: justify;\"><\/div>\n<div style=\"text-align: justify;\">Fonte: Nova News<\/div>\n","protected":false},"excerpt":{"rendered":"<p>Corpo de Bombeiros precisou ser acionado. A forte chuva que caiu em Nova Andradina na tarde desta quarta feira (04), alagou o trevo da MS-134, na regi\u00e3o do Anel vi\u00e1rio, na sa\u00edda para o munic\u00edpio de Bataypor\u00e3. Um carro com placas de Bataypor\u00e3 ficou preso na \u201clagoa\u201d formada pela \u00e1gua da chuva. O Corpo de [&hellip;]<\/p>\n","protected":false},"author":1,"featured_media":13047,"comment_status":"closed","ping_status":"open","sticky":false,"template":"","format":"standard","meta":{"footnotes":""},"categories":[114],"tags":[],"class_list":["post-13046","post","type-post","status-publish","format-standard","has-post-thumbnail","hentry","category-geralecomercio"],"_links":{"self":[{"href":"https:\/\/jorgezanoni.com.br\/2019\/wp-json\/wp\/v2\/posts\/13046","targetHints":{"allow":["GET"]}}],"collection":[{"href":"https:\/\/jorgezanoni.com.br\/2019\/wp-json\/wp\/v2\/posts"}],"about":[{"href":"https:\/\/jorgezanoni.com.br\/2019\/wp-json\/wp\/v2\/types\/post"}],"author":[{"embeddable":true,"href":"https:\/\/jorgezanoni.com.br\/2019\/wp-json\/wp\/v2\/users\/1"}],"replies":[{"embeddable":true,"href":"https:\/\/jorgezanoni.com.br\/2019\/wp-json\/wp\/v2\/comments?post=13046"}],"version-history":[{"count":0,"href":"https:\/\/jorgezanoni.com.br\/2019\/wp-json\/wp\/v2\/posts\/13046\/revisions"}],"wp:featuredmedia":[{"embeddable":true,"href":"https:\/\/jorgezanoni.com.br\/2019\/wp-json\/wp\/v2\/media\/13047"}],"wp:attachment":[{"href":"https:\/\/jorgezanoni.com.br\/2019\/wp-json\/wp\/v2\/media?parent=13046"}],"wp:term":[{"taxonomy":"category","embeddable":true,"href":"https:\/\/jorgezanoni.com.br\/2019\/wp-json\/wp\/v2\/categories?post=13046"},{"taxonomy":"post_tag","embeddable":true,"href":"https:\/\/jorgezanoni.com.br\/2019\/wp-json\/wp\/v2\/tags?post=13046"}],"curies":[{"name":"wp","href":"https:\/\/api.w.org\/{rel}","templated":true}]}}