{"id":13042,"date":"2019-12-04T21:42:43","date_gmt":"2019-12-04T21:42:43","guid":{"rendered":"https:\/\/jorgezanoni.com.br\/2019\/?p=13042"},"modified":"2019-12-04T21:42:43","modified_gmt":"2019-12-04T21:42:43","slug":"colisao-traseira-envolve-dois-caminhoes-na-rodovia-assis-chateaubriand","status":"publish","type":"post","link":"https:\/\/jorgezanoni.com.br\/2019\/colisao-traseira-envolve-dois-caminhoes-na-rodovia-assis-chateaubriand\/","title":{"rendered":"Colis\u00e3o traseira envolve dois caminh\u00f5es na Rodovia Assis Chateaubriand"},"content":{"rendered":"<h2 class=\"content-head__subtitle\" style=\"text-align: justify;\"><strong>Uma pessoa ficou gravemente ferida em decorr\u00eancia da batida, na manh\u00e3 desta quarta-feira (4), no km 455,400.<\/strong><\/h2>\n<div class=\"mc-column content-text active-extra-styles \" data-block-type=\"unstyled\" data-block-weight=\"24\" data-block-id=\"2\">\n<p class=\"content-text__container \" style=\"text-align: justify;\" data-track-category=\"Link no Texto\" data-track-links=\"\">Um acidente de tr\u00e2nsito envolveu na manh\u00e3 desta quarta-feira (4) dois caminh\u00f5es no km 455,400 da Rodovia Assis Chateaubriand (SP-425), em\u00a0<a href=\"https:\/\/g1.globo.com\/sp\/presidente-prudente-regiao\/cidade\/regente-feijo\/\">Regente Feij\u00f3 (SP)<\/a>.<\/p>\n<\/div>\n<div class=\"wall protected-content\">\n<div class=\"mc-column content-text active-extra-styles \" style=\"text-align: justify;\" data-block-type=\"unstyled\" data-block-weight=\"21\" data-block-id=\"3\">\n<p class=\"content-text__container \" data-track-category=\"Link no Texto\" data-track-links=\"\">De acordo com as informa\u00e7\u00f5es fornecidas pela Pol\u00edcia Militar Rodovi\u00e1ria, a colis\u00e3o traseira entre os ve\u00edculos ocorreu por volta das 9h50.<\/p>\n<\/div>\n<div class=\"mc-column content-text active-extra-styles \" style=\"text-align: justify;\" data-block-type=\"unstyled\" data-block-weight=\"9\" data-block-id=\"4\">\n<p class=\"content-text__container \" data-track-category=\"Link no Texto\" data-track-links=\"\">Uma pessoa ficou gravemente ferida em decorr\u00eancia da batida.<\/p>\n<\/div>\n<div class=\"mc-column content-text active-extra-styles \" style=\"text-align: justify;\" data-block-type=\"unstyled\" data-block-weight=\"18\" data-block-id=\"5\">\n<p class=\"content-text__container \" data-track-category=\"Link no Texto\" data-track-links=\"\">A pista norte precisou ser interditada e o tr\u00e1fego de ve\u00edculos foi desviado para a Rodovia \u00c2ngelo Rena.<\/p>\n<\/div>\n<div class=\"mc-column content-text active-extra-styles \" data-block-type=\"unstyled\" data-block-weight=\"21\" data-block-id=\"6\">\n<p class=\"content-text__container \" style=\"text-align: justify;\" data-track-category=\"Link no Texto\" data-track-links=\"\">J\u00e1 a pista sul est\u00e1 liberada, com o tr\u00e2nsito controlado no local com apoio do Departamento de Estradas de Rodagem (DER).<\/p>\n<p style=\"text-align: justify;\" data-track-category=\"Link no Texto\" data-track-links=\"\">Fonte: G1<\/p>\n<\/div>\n<\/div>\n","protected":false},"excerpt":{"rendered":"<p>Uma pessoa ficou gravemente ferida em decorr\u00eancia da batida, na manh\u00e3 desta quarta-feira (4), no km 455,400. Um acidente de tr\u00e2nsito envolveu na manh\u00e3 desta quarta-feira (4) dois caminh\u00f5es no km 455,400 da Rodovia Assis Chateaubriand (SP-425), em\u00a0Regente Feij\u00f3 (SP). De acordo com as informa\u00e7\u00f5es fornecidas pela Pol\u00edcia Militar Rodovi\u00e1ria, a colis\u00e3o traseira entre os [&hellip;]<\/p>\n","protected":false},"author":1,"featured_media":13043,"comment_status":"closed","ping_status":"open","sticky":false,"template":"","format":"standard","meta":{"footnotes":""},"categories":[170,110],"tags":[],"class_list":["post-13042","post","type-post","status-publish","format-standard","has-post-thumbnail","hentry","category-acidentes","category-noticiasdestaque"],"_links":{"self":[{"href":"https:\/\/jorgezanoni.com.br\/2019\/wp-json\/wp\/v2\/posts\/13042","targetHints":{"allow":["GET"]}}],"collection":[{"href":"https:\/\/jorgezanoni.com.br\/2019\/wp-json\/wp\/v2\/posts"}],"about":[{"href":"https:\/\/jorgezanoni.com.br\/2019\/wp-json\/wp\/v2\/types\/post"}],"author":[{"embeddable":true,"href":"https:\/\/jorgezanoni.com.br\/2019\/wp-json\/wp\/v2\/users\/1"}],"replies":[{"embeddable":true,"href":"https:\/\/jorgezanoni.com.br\/2019\/wp-json\/wp\/v2\/comments?post=13042"}],"version-history":[{"count":0,"href":"https:\/\/jorgezanoni.com.br\/2019\/wp-json\/wp\/v2\/posts\/13042\/revisions"}],"wp:featuredmedia":[{"embeddable":true,"href":"https:\/\/jorgezanoni.com.br\/2019\/wp-json\/wp\/v2\/media\/13043"}],"wp:attachment":[{"href":"https:\/\/jorgezanoni.com.br\/2019\/wp-json\/wp\/v2\/media?parent=13042"}],"wp:term":[{"taxonomy":"category","embeddable":true,"href":"https:\/\/jorgezanoni.com.br\/2019\/wp-json\/wp\/v2\/categories?post=13042"},{"taxonomy":"post_tag","embeddable":true,"href":"https:\/\/jorgezanoni.com.br\/2019\/wp-json\/wp\/v2\/tags?post=13042"}],"curies":[{"name":"wp","href":"https:\/\/api.w.org\/{rel}","templated":true}]}}