{"id":13039,"date":"2019-12-04T21:29:35","date_gmt":"2019-12-04T21:29:35","guid":{"rendered":"https:\/\/jorgezanoni.com.br\/2019\/?p=13039"},"modified":"2019-12-04T21:29:35","modified_gmt":"2019-12-04T21:29:35","slug":"concursos-publicos-e-processos-seletivos-tem-inscricoes-abertas-em-seis-cidades-do-oeste-paulista","status":"publish","type":"post","link":"https:\/\/jorgezanoni.com.br\/2019\/concursos-publicos-e-processos-seletivos-tem-inscricoes-abertas-em-seis-cidades-do-oeste-paulista\/","title":{"rendered":"Concursos p\u00fablicos e processos seletivos t\u00eam inscri\u00e7\u00f5es abertas em seis cidades do Oeste Paulista"},"content":{"rendered":"<h2 class=\"content-head__subtitle\" style=\"text-align: justify;\"><strong>Interessados devem se inscrever pela internet. Valor dos sal\u00e1rios oferecidos pode passar dos R$ 11 mil.<\/strong><\/h2>\n<div class=\"mc-column content-text active-extra-styles \" style=\"text-align: justify;\" data-block-type=\"unstyled\" data-block-weight=\"18\" data-block-id=\"2\">\n<p class=\"content-text__container \" data-track-category=\"Link no Texto\" data-track-links=\"\">Seis cidades do Oeste Paulista t\u00eam oportunidades de concursos p\u00fablicos e processos seletivos com inscri\u00e7\u00f5es abertas. Confira abaixo:<\/p>\n<\/div>\n<div class=\"wall protected-content\">\n<div class=\"mc-column content-text active-extra-styles\" style=\"text-align: justify;\" data-block-type=\"raw\" data-block-weight=\"1\" data-block-id=\"3\">\n<div class=\"content-intertitle\">\n<h2>Martin\u00f3polis<\/h2>\n<\/div>\n<\/div>\n<div class=\"mc-column content-text active-extra-styles \" style=\"text-align: justify;\" data-block-type=\"unstyled\" data-block-weight=\"22\" data-block-id=\"4\">\n<p class=\"content-text__container \" data-track-category=\"Link no Texto\" data-track-links=\"\">A Prefeitura de\u00a0<a href=\"https:\/\/g1.globo.com\/sp\/presidente-prudente-regiao\/cidade\/martinopolis-sp\/\">Martin\u00f3polis\u00a0<\/a>abriu processo seletivo para forma\u00e7\u00e3o de cadastro reserva de professores dos ensinos infantil e fundamental e educa\u00e7\u00e3o especial.<\/p>\n<\/div>\n<div class=\"mc-column content-text active-extra-styles \" style=\"text-align: justify;\" data-block-type=\"unstyled\" data-block-weight=\"20\" data-block-id=\"5\">\n<p class=\"content-text__container \" data-track-category=\"Link no Texto\" data-track-links=\"\">Os interessados podem se inscrever pela\u00a0<a href=\"http:\/\/www.conscamweb.com.br\/concurso\/concursoPaginaInterna.do?idInstituicao=10&amp;idConcurso=5\" target=\"_blank\" rel=\"noopener noreferrer\">internet\u00a0<\/a>at\u00e9 o dia 5 de dezembro. A taxa de inscri\u00e7\u00e3o custa R$ 9,40.<\/p>\n<\/div>\n<div class=\"mc-column content-text active-extra-styles \" style=\"text-align: justify;\" data-block-type=\"unstyled\" data-block-weight=\"19\" data-block-id=\"6\">\n<p class=\"content-text__container \" data-track-category=\"Link no Texto\" data-track-links=\"\">A carga hor\u00e1ria varia de 24 a 32 horas semanais e a hora\/aula de R$ 8,65 a R$ 15,41.<\/p>\n<\/div>\n<div class=\"mc-column content-text active-extra-styles \" style=\"text-align: justify;\" data-block-type=\"unstyled\" data-block-weight=\"7\" data-block-id=\"7\">\n<p class=\"content-text__container \" data-track-category=\"Link no Texto\" data-track-links=\"\">Mais informa\u00e7\u00f5es podem ser obtidas no\u00a0<a href=\"http:\/\/www.conscamweb.com.br\/concurso\/downloadAnexo.do?idAnexo=2753\" target=\"_blank\" rel=\"noopener noreferrer\">edital<\/a>.<\/p>\n<\/div>\n<div class=\"mc-column content-text active-extra-styles\" style=\"text-align: justify;\" data-block-type=\"raw\" data-block-weight=\"4\" data-block-id=\"8\">\n<div class=\"content-intertitle\">\n<h2>Euclides da Cunha Paulista<\/h2>\n<\/div>\n<\/div>\n<div class=\"mc-column content-text active-extra-styles \" style=\"text-align: justify;\" data-block-type=\"unstyled\" data-block-weight=\"16\" data-block-id=\"9\">\n<p class=\"content-text__container \" data-track-category=\"Link no Texto\" data-track-links=\"\">A Prefeitura de\u00a0<a href=\"https:\/\/g1.globo.com\/sp\/presidente-prudente-regiao\/cidade\/euclides-da-cunha-paulista\/\">Euclides da Cunha Paulista<\/a> abriu concurso p\u00fablico para contrata\u00e7\u00e3o de m\u00e9dico e psic\u00f3logo.<\/p>\n<p class=\"content-text__container \" data-track-category=\"Link no Texto\" data-track-links=\"\"><span style=\"font-family: inherit; font-size: inherit; font-style: inherit; font-variant-ligatures: inherit; font-variant-caps: inherit; font-weight: inherit; text-align: center;\">As inscri\u00e7\u00f5es podem ser realizadas pela <\/span><a style=\"font-family: inherit; font-size: inherit; font-style: inherit; font-variant-ligatures: inherit; font-variant-caps: inherit; font-weight: inherit; text-align: center;\" href=\"https:\/\/cmmconcursos.com.br\/editais\/ver\/2452\" target=\"_blank\" rel=\"noopener noreferrer\">internet\u00a0<\/a><span style=\"font-family: inherit; font-size: inherit; font-style: inherit; font-variant-ligatures: inherit; font-variant-caps: inherit; font-weight: inherit; text-align: center;\">at\u00e9 o dia 8 de dezembro de 2019, com taxa de inscri\u00e7\u00e3o no valor de R$ 30.<\/span><\/p>\n<\/div>\n<div class=\"mc-column content-text active-extra-styles \" style=\"text-align: justify;\" data-block-type=\"unstyled\" data-block-weight=\"20\" data-block-id=\"12\">\n<p class=\"content-text__container \" data-track-category=\"Link no Texto\" data-track-links=\"\">O sal\u00e1rio de m\u00e9dico \u00e9 de R$ 11.435,70. J\u00e1 a remunera\u00e7\u00e3o para psic\u00f3logo \u00e9 de R$ 1.430,70, segundo o\u00a0<a href=\"https:\/\/cdn.gestoreditais.com.br\/edital\/63\/2452\/f6dee7c37a505757756f31193f8333ac.pdf\" target=\"_blank\" rel=\"noopener noreferrer\">edital<\/a>.<\/p>\n<\/div>\n<div class=\"mc-column content-text active-extra-styles\" style=\"text-align: justify;\" data-block-type=\"raw\" data-block-weight=\"1\" data-block-id=\"13\">\n<div class=\"content-intertitle\">\n<h2>Junqueir\u00f3polis<\/h2>\n<\/div>\n<\/div>\n<div class=\"mc-column content-text active-extra-styles \" style=\"text-align: justify;\" data-block-type=\"unstyled\" data-block-weight=\"12\" data-block-id=\"14\">\n<p class=\"content-text__container \" data-track-category=\"Link no Texto\" data-track-links=\"\">A Prefeitura de\u00a0<a href=\"https:\/\/g1.globo.com\/sp\/presidente-prudente-regiao\/cidade\/junqueiropolis\/\">Junqueir\u00f3polis\u00a0<\/a>possui um processo seletivo para contrata\u00e7\u00e3o de professores.<\/p>\n<\/div>\n<div class=\"mc-column content-text active-extra-styles \" style=\"text-align: justify;\" data-block-type=\"unstyled\" data-block-weight=\"22\" data-block-id=\"15\">\n<p class=\"content-text__container \" data-track-category=\"Link no Texto\" data-track-links=\"\">Os interessados devem se inscrever at\u00e9 o dia 6 de dezembro pela\u00a0<a href=\"http:\/\/www.aplicativaassessoria.net\/inscricao\/inscrever\/concurso\/49\" target=\"_blank\" rel=\"noopener noreferrer\">internet<\/a>. A taxa de inscri\u00e7\u00e3o tamb\u00e9m \u00e9 de R$ 9.<\/p>\n<\/div>\n<div class=\"mc-column content-text active-extra-styles \" style=\"text-align: justify;\" data-block-type=\"unstyled\" data-block-weight=\"7\" data-block-id=\"16\">\n<p class=\"content-text__container \" data-track-category=\"Link no Texto\" data-track-links=\"\">Mais informa\u00e7\u00f5es podem ser conferidas no\u00a0<a href=\"http:\/\/www.aplicativaassessoria.net\/concurso\/show\/id\/49\" target=\"_blank\" rel=\"noopener noreferrer\">edital<\/a>.<\/p>\n<\/div>\n<div class=\"mc-column content-text active-extra-styles\" style=\"text-align: justify;\" data-block-type=\"raw\" data-block-weight=\"1\" data-block-id=\"17\">\n<div class=\"content-intertitle\">\n<h2>Rosana<\/h2>\n<\/div>\n<\/div>\n<div class=\"mc-column content-text active-extra-styles \" style=\"text-align: justify;\" data-block-type=\"unstyled\" data-block-weight=\"36\" data-block-id=\"18\">\n<p class=\"content-text__container \" data-track-category=\"Link no Texto\" data-track-links=\"\">O Cons\u00f3rcio Intermunicipal do Oeste Paulista (Ciop) abriu concurso p\u00fablico para preenchimento de vagas do quadro de pessoal para os cargos de auxiliar administrativo, auxiliar de enfermagem, auxiliar de enfermagem, enfermeiro, farmac\u00eautico, motorista e terapeuta ocupacional.<\/p>\n<\/div>\n<div class=\"mc-column content-text active-extra-styles \" style=\"text-align: justify;\" data-block-type=\"unstyled\" data-block-weight=\"6\" data-block-id=\"19\">\n<p class=\"content-text__container \" data-track-category=\"Link no Texto\" data-track-links=\"\">Os profissionais dever\u00e3o atuar em\u00a0<a href=\"https:\/\/g1.globo.com\/sp\/presidente-prudente-regiao\/cidade\/rosana\/\">Rosana<\/a>.<\/p>\n<\/div>\n<div class=\"mc-column content-text active-extra-styles \" style=\"text-align: justify;\" data-block-type=\"unstyled\" data-block-weight=\"22\" data-block-id=\"20\">\n<p class=\"content-text__container \" data-track-category=\"Link no Texto\" data-track-links=\"\">As inscri\u00e7\u00f5es podem ser realizadas at\u00e9 29 de dezembro pela\u00a0<a href=\"https:\/\/www.consesp.com.br\/site\/index.php?pg=concursos\/info&amp;codigo=3400\" target=\"_blank\" rel=\"noopener noreferrer\">internet<\/a>. A taxa de inscri\u00e7\u00e3o varia de R$ 35 a R$ 70.<\/p>\n<\/div>\n<div class=\"mc-column content-text active-extra-styles \" style=\"text-align: justify;\" data-block-type=\"unstyled\" data-block-weight=\"12\" data-block-id=\"21\">\n<p class=\"content-text__container \" data-track-category=\"Link no Texto\" data-track-links=\"\">Os sal\u00e1rios v\u00e3o de R$ 1.226,09 a R$ 2.558,27, segundo o\u00a0<a href=\"https:\/\/www.consesp.com.br\/imagens_arquivos\/concursos\/arquivos\/3400_cioppresidenteprudente0052019rosana.pdf\" target=\"_blank\" rel=\"noopener noreferrer\">edital<\/a>.<\/p>\n<\/div>\n<div class=\"mc-column content-text active-extra-styles\" style=\"text-align: justify;\" data-block-type=\"raw\" data-block-weight=\"2\" data-block-id=\"22\">\n<div class=\"content-intertitle\">\n<h2>Presidente Prudente<\/h2>\n<\/div>\n<\/div>\n<div class=\"mc-column content-text active-extra-styles \" style=\"text-align: justify;\" data-block-type=\"unstyled\" data-block-weight=\"25\" data-block-id=\"23\">\n<p class=\"content-text__container \" data-track-category=\"Link no Texto\" data-track-links=\"\">O Conselho Regional de Fisioterapia e Terapia Ocupacional da 3\u00aa Regi\u00e3o (Crefito 3) abriu concurso p\u00fablico v\u00e1lido por dois anos para a contrata\u00e7\u00e3o de fiscais.<\/p>\n<\/div>\n<div class=\"mc-column content-text active-extra-styles \" style=\"text-align: justify;\" data-block-type=\"unstyled\" data-block-weight=\"5\" data-block-id=\"24\">\n<p class=\"content-text__container \" data-track-category=\"Link no Texto\" data-track-links=\"\">H\u00e1 oportunidades em\u00a0<a href=\"https:\/\/g1.globo.com\/sp\/presidente-prudente-regiao\/cidade\/presidente-prudente\/\">Presidente Prudente<\/a>.<\/p>\n<\/div>\n<div class=\"mc-column content-text active-extra-styles \" style=\"text-align: justify;\" data-block-type=\"unstyled\" data-block-weight=\"17\" data-block-id=\"25\">\n<p class=\"content-text__container \" data-track-category=\"Link no Texto\" data-track-links=\"\">Os interessados devem ter ensino superior completo em fisioterapia ou terapia ocupacional e registro ativo no \u00f3rg\u00e3o.<\/p>\n<\/div>\n<div class=\"mc-column content-text active-extra-styles \" style=\"text-align: justify;\" data-block-type=\"unstyled\" data-block-weight=\"19\" data-block-id=\"27\">\n<p class=\"content-text__container \" data-track-category=\"Link no Texto\" data-track-links=\"\">A jornada de trabalho \u00e9 de 40 horas semanais com sal\u00e1rio no valor de R$ 5.599,80, conforme o\u00a0<a href=\"https:\/\/documento.vunesp.com.br\/documento\/stream\/MTQyNzg0NQ%3d%3d\" target=\"_blank\" rel=\"noopener noreferrer\">edital<\/a>.<\/p>\n<\/div>\n<div class=\"mc-column content-text active-extra-styles \" style=\"text-align: justify;\" data-block-type=\"unstyled\" data-block-weight=\"15\" data-block-id=\"28\">\n<p class=\"content-text__container \" data-track-category=\"Link no Texto\" data-track-links=\"\">As\u00a0<a href=\"https:\/\/www.vunesp.com.br\/CRFT1902\" target=\"_blank\" rel=\"noopener noreferrer\">inscri\u00e7\u00f5es<\/a>\u00a0custam R$ 82,20 e devem ser feitas pela internet at\u00e9 12 de dezembro.<\/p>\n<\/div>\n<div class=\"mc-column content-text active-extra-styles\" style=\"text-align: justify;\" data-block-type=\"raw\" data-block-weight=\"3\" data-block-id=\"29\">\n<div class=\"content-intertitle\">\n<h2>Mirante do Paranapanema<\/h2>\n<\/div>\n<\/div>\n<div class=\"mc-column content-text active-extra-styles \" style=\"text-align: justify;\" data-block-type=\"unstyled\" data-block-weight=\"21\" data-block-id=\"30\">\n<p class=\"content-text__container \" data-track-category=\"Link no Texto\" data-track-links=\"\">A Prefeitura de\u00a0<a href=\"https:\/\/g1.globo.com\/sp\/presidente-prudente-regiao\/cidade\/mirante-do-paranapanema\/\">Mirante do Paranapanema<\/a>\u00a0abriu processo seletivo que vai formar cadastro reserva de profissionais de n\u00edveis m\u00e9dio e superior.<\/p>\n<\/div>\n<div class=\"mc-column content-text active-extra-styles \" style=\"text-align: justify;\" data-block-type=\"unstyled\" data-block-weight=\"12\" data-block-id=\"31\">\n<p class=\"content-text__container \" data-track-category=\"Link no Texto\" data-track-links=\"\">H\u00e1 oportunidades para auxiliar de desenvolvimento infantil e professores, segundo o\u00a0<a href=\"https:\/\/www.klcconcursos.com.br\/editais\/ada1ab1ac31ab5620691f79d48d297a1.pdf\" target=\"_blank\" rel=\"noopener noreferrer\">edital<\/a>.<\/p>\n<\/div>\n<div class=\"mc-column content-text active-extra-styles \" data-block-type=\"unstyled\" data-block-weight=\"17\" data-block-id=\"32\">\n<p class=\"content-text__container \" style=\"text-align: justify;\" data-track-category=\"Link no Texto\" data-track-links=\"\">As inscri\u00e7\u00f5es podem ser feitas pela\u00a0<a href=\"https:\/\/www.klcconcursos.com.br\/?pag=mco&amp;id=303\" target=\"_blank\" rel=\"noopener noreferrer\">internet\u00a0<\/a>at\u00e9 o dia 8 de dezembro e custam R$ 70.<\/p>\n<p style=\"text-align: justify;\" data-track-category=\"Link no Texto\" data-track-links=\"\">Fonte: G1<\/p>\n<\/div>\n<\/div>\n","protected":false},"excerpt":{"rendered":"<p>Interessados devem se inscrever pela internet. Valor dos sal\u00e1rios oferecidos pode passar dos R$ 11 mil. Seis cidades do Oeste Paulista t\u00eam oportunidades de concursos p\u00fablicos e processos seletivos com inscri\u00e7\u00f5es abertas. Confira abaixo: Martin\u00f3polis A Prefeitura de\u00a0Martin\u00f3polis\u00a0abriu processo seletivo para forma\u00e7\u00e3o de cadastro reserva de professores dos ensinos infantil e fundamental e educa\u00e7\u00e3o especial. [&hellip;]<\/p>\n","protected":false},"author":1,"featured_media":13040,"comment_status":"closed","ping_status":"open","sticky":false,"template":"","format":"standard","meta":{"footnotes":""},"categories":[122],"tags":[],"class_list":["post-13039","post","type-post","status-publish","format-standard","has-post-thumbnail","hentry","category-saudeeducacaoeconcurso"],"_links":{"self":[{"href":"https:\/\/jorgezanoni.com.br\/2019\/wp-json\/wp\/v2\/posts\/13039","targetHints":{"allow":["GET"]}}],"collection":[{"href":"https:\/\/jorgezanoni.com.br\/2019\/wp-json\/wp\/v2\/posts"}],"about":[{"href":"https:\/\/jorgezanoni.com.br\/2019\/wp-json\/wp\/v2\/types\/post"}],"author":[{"embeddable":true,"href":"https:\/\/jorgezanoni.com.br\/2019\/wp-json\/wp\/v2\/users\/1"}],"replies":[{"embeddable":true,"href":"https:\/\/jorgezanoni.com.br\/2019\/wp-json\/wp\/v2\/comments?post=13039"}],"version-history":[{"count":0,"href":"https:\/\/jorgezanoni.com.br\/2019\/wp-json\/wp\/v2\/posts\/13039\/revisions"}],"wp:featuredmedia":[{"embeddable":true,"href":"https:\/\/jorgezanoni.com.br\/2019\/wp-json\/wp\/v2\/media\/13040"}],"wp:attachment":[{"href":"https:\/\/jorgezanoni.com.br\/2019\/wp-json\/wp\/v2\/media?parent=13039"}],"wp:term":[{"taxonomy":"category","embeddable":true,"href":"https:\/\/jorgezanoni.com.br\/2019\/wp-json\/wp\/v2\/categories?post=13039"},{"taxonomy":"post_tag","embeddable":true,"href":"https:\/\/jorgezanoni.com.br\/2019\/wp-json\/wp\/v2\/tags?post=13039"}],"curies":[{"name":"wp","href":"https:\/\/api.w.org\/{rel}","templated":true}]}}