{"id":13005,"date":"2019-12-04T00:51:32","date_gmt":"2019-12-04T00:51:32","guid":{"rendered":"https:\/\/jorgezanoni.com.br\/2019\/?p=13005"},"modified":"2019-12-04T00:51:32","modified_gmt":"2019-12-04T00:51:32","slug":"edu-dracena-do-palmeiras-vai-se-aposentar-no-final-da-temporada","status":"publish","type":"post","link":"https:\/\/jorgezanoni.com.br\/2019\/edu-dracena-do-palmeiras-vai-se-aposentar-no-final-da-temporada\/","title":{"rendered":"Edu Dracena, do Palmeiras, vai se aposentar no final da temporada"},"content":{"rendered":"<h2 class=\"content-head__subtitle\" style=\"text-align: justify;\"><strong>Zagueiro do Verd\u00e3o vai conceder entrevista coletiva nesta quarta-feira, na Academia de Futebol.<\/strong><\/h2>\n<div class=\"mc-column content-text active-extra-styles active-capital-letter\" data-block-type=\"unstyled\" data-block-weight=\"31\" data-block-id=\"1\">\n<p class=\"content-text__container theme-color-primary-first-letter\" style=\"text-align: justify;\" data-track-category=\"Link no Texto\" data-track-links=\"\">Edu Dracena, zagueiro do\u00a0<a href=\"https:\/\/globoesporte.globo.com\/futebol\/times\/palmeiras\/\">Palmeiras<\/a>, vai se aposentar ap\u00f3s o t\u00e9rmino da temporada de 2019. O jogador de 38 anos conceder\u00e1 entrevista coletiva na Academia de Futebol do Verd\u00e3o nesta quarta-feira.<\/p>\n<\/div>\n<div class=\"wall protected-content\">\n<div class=\"mc-column content-text active-extra-styles \" style=\"text-align: justify;\" data-block-type=\"unstyled\" data-block-weight=\"34\" data-block-id=\"2\">\n<p class=\"content-text__container \" data-track-category=\"Link no Texto\" data-track-links=\"\">Pelo Palmeiras, Dracena conquistou o Campeonato Brasileiro de 2016 e 2018. O zagueiro tem, ao todo, 127 jogos pelo Verd\u00e3o, com tr\u00eas gols marcados. Na atual temporada, o zagueiro atuou em 17 jogos.<\/p>\n<\/div>\n<div class=\"mc-column content-text active-extra-styles \" data-block-type=\"unstyled\" data-block-weight=\"46\" data-block-id=\"3\">\n<p class=\"content-text__container \" style=\"text-align: justify;\" data-track-category=\"Link no Texto\" data-track-links=\"\">Com a\u00a0<a href=\"https:\/\/globoesporte.globo.com\/futebol\/times\/palmeiras\/noticia\/edu-dracena-do-palmeiras-vai-se-aposentar-no-final-da-temporada.ghtml\">cirurgia de Vitor Hugo<\/a>, Dracena pode pintar entre os titulares nesta quinta-feira, diante do Goi\u00e1s, em jogo v\u00e1lido pela 37\u00aa rodada do\u00a0<a href=\"https:\/\/globoesporte.globo.com\/futebol\/brasileirao-serie-a\/\">Campeonato Brasileiro<\/a>. A partida ser\u00e1 disputada no Est\u00e1dio Brinco de Ouro da Princesa, do Guarani, time no qual Dracena foi revelado.<\/p>\n<div class=\"mc-column content-text active-extra-styles \" style=\"text-align: justify;\" data-block-type=\"unstyled\" data-block-weight=\"43\" data-block-id=\"6\">\n<p class=\"content-text__container \" data-track-category=\"Link no Texto\" data-track-links=\"\">Dracena coleciona t\u00edtulos em sua carreira. O zagueiro conquistou Libertadores de 2011 pelo Santos, a Tr\u00edplice Coroa pelo Cruzeiro em 2003, o Brasileiro de 2015 pelo Corinthians, o campeonato Turco de 2006 pelo Fenerbah\u00e7e e at\u00e9 o nacional Grego pelo Olympiacos.<\/p>\n<\/div>\n<div class=\"mc-column content-text active-extra-styles\" style=\"text-align: justify;\" data-block-type=\"raw\" data-block-weight=\"4\" data-block-id=\"7\">\n<div class=\"content-intertitle\">\n<h2>T\u00edtulos de Edu Dracena<\/h2>\n<\/div>\n<\/div>\n<div class=\"mc-column content-text active-extra-styles \" style=\"text-align: justify;\" data-block-type=\"unstyled\" data-block-weight=\"5\" data-block-id=\"8\">\n<p class=\"content-text__container \" data-track-category=\"Link no Texto\" data-track-links=\"\"><strong>Palmeiras<br \/>\n<\/strong>Campeonato Brasileiro: 2016 e 2018<\/p>\n<\/div>\n<div class=\"mc-column content-text active-extra-styles \" style=\"text-align: justify;\" data-block-type=\"unstyled\" data-block-weight=\"3\" data-block-id=\"9\">\n<p class=\"content-text__container \" data-track-category=\"Link no Texto\" data-track-links=\"\"><strong>Corinthians<br \/>\n<\/strong>Campeonato Brasileiro: 2015<\/p>\n<\/div>\n<div class=\"mc-column content-text active-extra-styles \" style=\"text-align: justify;\" data-block-type=\"unstyled\" data-block-weight=\"13\" data-block-id=\"10\">\n<p class=\"content-text__container \" data-track-category=\"Link no Texto\" data-track-links=\"\"><strong>Santos<br \/>\n<\/strong>Campeonato Paulista: 2010, 2011 e 2012<br \/>\nCopa do Brasil: 2010<br \/>\nCopa Libertadores: 2011<br \/>\nRecopa Sul-Americana: 2012<\/p>\n<\/div>\n<div class=\"mc-column content-text active-extra-styles \" style=\"text-align: justify;\" data-block-type=\"unstyled\" data-block-weight=\"10\" data-block-id=\"11\">\n<p class=\"content-text__container \" data-track-category=\"Link no Texto\" data-track-links=\"\"><strong>Fenerbah\u00e7e (Turquia)<br \/>\n<\/strong>Copa da Turquia: 2007-08<br \/>\nSupercopa da Turquia: 2007-08<br \/>\nCampeonato Turco: 2006-07<\/p>\n<\/div>\n<div class=\"mc-column content-text active-extra-styles \" style=\"text-align: justify;\" data-block-type=\"unstyled\" data-block-weight=\"10\" data-block-id=\"12\">\n<p class=\"content-text__container \" data-track-category=\"Link no Texto\" data-track-links=\"\"><strong>Cruzeiro<br \/>\n<\/strong>Campeonato Mineiro: 2003, 2004 e 2006<br \/>\nCopa do Brasil: 2003<br \/>\nCampeonato Brasileiro<\/p>\n<\/div>\n<div data-track-category=\"multicontent\" data-track-action=\"ultimo chunk conteudo\" data-track-noninteraction=\"false\" data-track-scroll=\"view\">\n<div class=\"mc-column content-text active-extra-styles \" data-block-type=\"unstyled\" data-block-weight=\"4\" data-block-id=\"13\">\n<p class=\"content-text__container \" style=\"text-align: justify;\" data-track-category=\"Link no Texto\" data-track-links=\"\"><strong>Olympiacos (Gr\u00e9cia)<br \/>\n<\/strong>Campeonato Grego: 2002-03<\/p>\n<p style=\"text-align: justify;\" data-track-category=\"Link no Texto\" data-track-links=\"\">Fonte: https:\/\/globoesporte.globo.com\/futebol\/times\/palmeiras\/noticia\/edu-dracena-do-palmeiras-vai-se-aposentar-no-final-da-temporada.ghtml<\/p>\n<\/div>\n<\/div>\n<\/div>\n<\/div>\n","protected":false},"excerpt":{"rendered":"<p>Zagueiro do Verd\u00e3o vai conceder entrevista coletiva nesta quarta-feira, na Academia de Futebol. Edu Dracena, zagueiro do\u00a0Palmeiras, vai se aposentar ap\u00f3s o t\u00e9rmino da temporada de 2019. O jogador de 38 anos conceder\u00e1 entrevista coletiva na Academia de Futebol do Verd\u00e3o nesta quarta-feira. Pelo Palmeiras, Dracena conquistou o Campeonato Brasileiro de 2016 e 2018. O [&hellip;]<\/p>\n","protected":false},"author":1,"featured_media":13006,"comment_status":"closed","ping_status":"open","sticky":false,"template":"","format":"standard","meta":{"footnotes":""},"categories":[111,110],"tags":[],"class_list":["post-13005","post","type-post","status-publish","format-standard","has-post-thumbnail","hentry","category-esporteecultura","category-noticiasdestaque"],"_links":{"self":[{"href":"https:\/\/jorgezanoni.com.br\/2019\/wp-json\/wp\/v2\/posts\/13005","targetHints":{"allow":["GET"]}}],"collection":[{"href":"https:\/\/jorgezanoni.com.br\/2019\/wp-json\/wp\/v2\/posts"}],"about":[{"href":"https:\/\/jorgezanoni.com.br\/2019\/wp-json\/wp\/v2\/types\/post"}],"author":[{"embeddable":true,"href":"https:\/\/jorgezanoni.com.br\/2019\/wp-json\/wp\/v2\/users\/1"}],"replies":[{"embeddable":true,"href":"https:\/\/jorgezanoni.com.br\/2019\/wp-json\/wp\/v2\/comments?post=13005"}],"version-history":[{"count":0,"href":"https:\/\/jorgezanoni.com.br\/2019\/wp-json\/wp\/v2\/posts\/13005\/revisions"}],"wp:featuredmedia":[{"embeddable":true,"href":"https:\/\/jorgezanoni.com.br\/2019\/wp-json\/wp\/v2\/media\/13006"}],"wp:attachment":[{"href":"https:\/\/jorgezanoni.com.br\/2019\/wp-json\/wp\/v2\/media?parent=13005"}],"wp:term":[{"taxonomy":"category","embeddable":true,"href":"https:\/\/jorgezanoni.com.br\/2019\/wp-json\/wp\/v2\/categories?post=13005"},{"taxonomy":"post_tag","embeddable":true,"href":"https:\/\/jorgezanoni.com.br\/2019\/wp-json\/wp\/v2\/tags?post=13005"}],"curies":[{"name":"wp","href":"https:\/\/api.w.org\/{rel}","templated":true}]}}