{"id":13002,"date":"2019-12-04T00:25:39","date_gmt":"2019-12-04T00:25:39","guid":{"rendered":"https:\/\/jorgezanoni.com.br\/2019\/?p=13002"},"modified":"2019-12-04T00:25:39","modified_gmt":"2019-12-04T00:25:39","slug":"unifadra-fundec-de-dracena-oferta-cursos-de-ensino-a-distancia","status":"publish","type":"post","link":"https:\/\/jorgezanoni.com.br\/2019\/unifadra-fundec-de-dracena-oferta-cursos-de-ensino-a-distancia\/","title":{"rendered":"Unifadra\/Fundec de Dracena oferta cursos de ensino a dist\u00e2ncia"},"content":{"rendered":"<p style=\"font-weight: 400; text-align: justify;\"><strong><em>A Fundec, por meio da parceria com a Unitau, passa a ofertar mais de 20 cursos EaD.<\/em><\/strong><\/p>\n<p style=\"font-weight: 400; text-align: justify;\">Os cursos de gradua\u00e7\u00e3o a dist\u00e2ncia da Unifadra \u2013 Polo Unitau Dracena foram desenvolvidos para aqueles que buscam uma forma\u00e7\u00e3o de qualidade, mas precisam conciliar a vida acad\u00eamica com suas atividades profissionais e pessoais.<br \/>\nA Unifadra EAD conta com mais de 20 cursos de licenciatura, bacharelado, forma\u00e7\u00e3o pedag\u00f3gica e superior de tecnologia, com mensalidades a partir de R$199,00. Utilizando a plataforma da Unitau (Universidade de Taubat\u00e9), a Unifadra trouxe para Dracena e regi\u00e3o uma modalidade de ensino com cont\u00ednuas inova\u00e7\u00f5es pedag\u00f3gicas e tecnol\u00f3gicas, para forma\u00e7\u00e3o de profissionais qualificados que atendam as demandas da sociedade.<br \/>\nOs cursos ofertados s\u00e3o: Artes Visuais, Ci\u00eancias Biol\u00f3gicas, Educa\u00e7\u00e3o Especial, Educa\u00e7\u00e3o F\u00edsica, Filosofia, F\u00edsica, Geografia, Hist\u00f3ria, Letras \u2013 L\u00edngua Portuguesa, Matem\u00e1tica, M\u00fasica, Pedagogia, Qu\u00edmica, Sociologia, Gest\u00e3o Comercial, Gest\u00e3o de Recursos Humanos, Gest\u00e3o de Agroneg\u00f3cio, Gest\u00e3o Financeira, Log\u00edstica, Processos Gerenciais, Administra\u00e7\u00e3o, Ci\u00eancias Cont\u00e1beis, Forma\u00e7\u00e3o Pedag\u00f3gica, Forma\u00e7\u00e3o Pedag\u00f3gica em Pedagogia.<\/p>\n<p style=\"font-weight: 400; text-align: justify;\">As inscri\u00e7\u00f5es para o vestibular dos cursos EAD da Unifadra podem ser feitas at\u00e9 o dia 16 de janeiro pelo site\u00a0<a href=\"http:\/\/www.fundec.edu.br\/\">www.fundec.edu.br<\/a>\u00a0ou presencialmente na Fundec\/Unifadra (Rua Bahia, 332 \u2013 Bairro Metr\u00f3pole \u2013 Dracena\/SP). A coordenadora da Unifadra EAD \u00e9 a Profa. Rosana Trindade. Mais informa\u00e7\u00f5es: (18) 3821-9004 ou\u00a0<a href=\"mailto:centroinfo@fundec.edu.br\">centroinfo@fundec.edu.br<\/a>\u00a0.<\/p>\n<p style=\"font-weight: 400; text-align: justify;\">Carolina Colnago<\/p>\n<p style=\"font-weight: 400; text-align: justify;\">Assessora de Comunica\u00e7\u00e3o da Fundec &#8211; Jornalista<\/p>\n<p style=\"text-align: justify;\">Foto: Enio Garbelini (diretor Unifadra), Rosana Trindade (coordenadora EAD Unifadra) e Edson Kai (diretor Executivo da Fundec) apresentam a UNIFADRA EAD \u2013 POLO UNITAU DRACENA.<\/p>\n","protected":false},"excerpt":{"rendered":"<p>A Fundec, por meio da parceria com a Unitau, passa a ofertar mais de 20 cursos EaD. Os cursos de gradua\u00e7\u00e3o a dist\u00e2ncia da Unifadra \u2013 Polo Unitau Dracena foram desenvolvidos para aqueles que buscam uma forma\u00e7\u00e3o de qualidade, mas precisam conciliar a vida acad\u00eamica com suas atividades profissionais e pessoais. A Unifadra EAD conta [&hellip;]<\/p>\n","protected":false},"author":1,"featured_media":13003,"comment_status":"closed","ping_status":"open","sticky":false,"template":"","format":"standard","meta":{"footnotes":""},"categories":[110,122],"tags":[],"class_list":["post-13002","post","type-post","status-publish","format-standard","has-post-thumbnail","hentry","category-noticiasdestaque","category-saudeeducacaoeconcurso"],"_links":{"self":[{"href":"https:\/\/jorgezanoni.com.br\/2019\/wp-json\/wp\/v2\/posts\/13002","targetHints":{"allow":["GET"]}}],"collection":[{"href":"https:\/\/jorgezanoni.com.br\/2019\/wp-json\/wp\/v2\/posts"}],"about":[{"href":"https:\/\/jorgezanoni.com.br\/2019\/wp-json\/wp\/v2\/types\/post"}],"author":[{"embeddable":true,"href":"https:\/\/jorgezanoni.com.br\/2019\/wp-json\/wp\/v2\/users\/1"}],"replies":[{"embeddable":true,"href":"https:\/\/jorgezanoni.com.br\/2019\/wp-json\/wp\/v2\/comments?post=13002"}],"version-history":[{"count":0,"href":"https:\/\/jorgezanoni.com.br\/2019\/wp-json\/wp\/v2\/posts\/13002\/revisions"}],"wp:featuredmedia":[{"embeddable":true,"href":"https:\/\/jorgezanoni.com.br\/2019\/wp-json\/wp\/v2\/media\/13003"}],"wp:attachment":[{"href":"https:\/\/jorgezanoni.com.br\/2019\/wp-json\/wp\/v2\/media?parent=13002"}],"wp:term":[{"taxonomy":"category","embeddable":true,"href":"https:\/\/jorgezanoni.com.br\/2019\/wp-json\/wp\/v2\/categories?post=13002"},{"taxonomy":"post_tag","embeddable":true,"href":"https:\/\/jorgezanoni.com.br\/2019\/wp-json\/wp\/v2\/tags?post=13002"}],"curies":[{"name":"wp","href":"https:\/\/api.w.org\/{rel}","templated":true}]}}