{"id":12995,"date":"2019-12-03T23:16:03","date_gmt":"2019-12-03T23:16:03","guid":{"rendered":"https:\/\/jorgezanoni.com.br\/2019\/?p=12995"},"modified":"2019-12-03T23:16:03","modified_gmt":"2019-12-03T23:16:03","slug":"edilson-de-camargo-sera-o-apresentador-do-desfile-de-aniversario-de-74-anos-de-dracena","status":"publish","type":"post","link":"https:\/\/jorgezanoni.com.br\/2019\/edilson-de-camargo-sera-o-apresentador-do-desfile-de-aniversario-de-74-anos-de-dracena\/","title":{"rendered":"Edilson de Camargo ser\u00e1 o apresentador do Desfile de Anivers\u00e1rio de 74 anos de DRACENA"},"content":{"rendered":"<p style=\"text-align: justify;\">Prefeito fez o convite que foi aceito com alegria e emo\u00e7\u00e3o.<\/p>\n<p style=\"text-align: justify;\">Na presen\u00e7a do senhor Durval Troyano e de seu filho Bruno Troyano, o Prefeito Juliano apresentou toda a programa\u00e7\u00e3o e o rol dos que ir\u00e3o desfilar: Escolas, Entidades, Clubes de servi\u00e7o, Clubes de Carros, Clubes de Motos, Projetos, Empresas, Pol\u00edcia Civil, Pol\u00edcia Militar, Bombeiros e mais, far\u00e3o parte do Desfile e contar\u00e3o<span class=\"text_exposed_show\">\u00a0suas hist\u00f3rias que ser\u00e3o narradas por Edilson.<\/span><\/p>\n<div class=\"text_exposed_show\">\n<p style=\"text-align: justify;\">&#8220;Estou muito feliz com o convite e emocionado por contribuir com o anivers\u00e1rio do nosso munic\u00edpio&#8221;, falou Edilson.<\/p>\n<p>Fonte: Diretoria de Comunica\u00e7\u00e3o<\/p>\n<\/div>\n","protected":false},"excerpt":{"rendered":"<p>Prefeito fez o convite que foi aceito com alegria e emo\u00e7\u00e3o. Na presen\u00e7a do senhor Durval Troyano e de seu filho Bruno Troyano, o Prefeito Juliano apresentou toda a programa\u00e7\u00e3o e o rol dos que ir\u00e3o desfilar: Escolas, Entidades, Clubes de servi\u00e7o, Clubes de Carros, Clubes de Motos, Projetos, Empresas, Pol\u00edcia Civil, Pol\u00edcia Militar, Bombeiros [&hellip;]<\/p>\n","protected":false},"author":1,"featured_media":12996,"comment_status":"closed","ping_status":"open","sticky":false,"template":"","format":"standard","meta":{"footnotes":""},"categories":[114,110],"tags":[],"class_list":["post-12995","post","type-post","status-publish","format-standard","has-post-thumbnail","hentry","category-geralecomercio","category-noticiasdestaque"],"_links":{"self":[{"href":"https:\/\/jorgezanoni.com.br\/2019\/wp-json\/wp\/v2\/posts\/12995","targetHints":{"allow":["GET"]}}],"collection":[{"href":"https:\/\/jorgezanoni.com.br\/2019\/wp-json\/wp\/v2\/posts"}],"about":[{"href":"https:\/\/jorgezanoni.com.br\/2019\/wp-json\/wp\/v2\/types\/post"}],"author":[{"embeddable":true,"href":"https:\/\/jorgezanoni.com.br\/2019\/wp-json\/wp\/v2\/users\/1"}],"replies":[{"embeddable":true,"href":"https:\/\/jorgezanoni.com.br\/2019\/wp-json\/wp\/v2\/comments?post=12995"}],"version-history":[{"count":0,"href":"https:\/\/jorgezanoni.com.br\/2019\/wp-json\/wp\/v2\/posts\/12995\/revisions"}],"wp:featuredmedia":[{"embeddable":true,"href":"https:\/\/jorgezanoni.com.br\/2019\/wp-json\/wp\/v2\/media\/12996"}],"wp:attachment":[{"href":"https:\/\/jorgezanoni.com.br\/2019\/wp-json\/wp\/v2\/media?parent=12995"}],"wp:term":[{"taxonomy":"category","embeddable":true,"href":"https:\/\/jorgezanoni.com.br\/2019\/wp-json\/wp\/v2\/categories?post=12995"},{"taxonomy":"post_tag","embeddable":true,"href":"https:\/\/jorgezanoni.com.br\/2019\/wp-json\/wp\/v2\/tags?post=12995"}],"curies":[{"name":"wp","href":"https:\/\/api.w.org\/{rel}","templated":true}]}}