{"id":12988,"date":"2019-12-03T22:32:12","date_gmt":"2019-12-03T22:32:12","guid":{"rendered":"https:\/\/jorgezanoni.com.br\/2019\/?p=12988"},"modified":"2019-12-03T22:33:52","modified_gmt":"2019-12-03T22:33:52","slug":"prefeitura-convida-para-inauguracoes-e-desfile-civico-em-comemoracao-aos-74-anos-de-dracena","status":"publish","type":"post","link":"https:\/\/jorgezanoni.com.br\/2019\/prefeitura-convida-para-inauguracoes-e-desfile-civico-em-comemoracao-aos-74-anos-de-dracena\/","title":{"rendered":"Prefeitura convida para inaugura\u00e7\u00f5es e desfile c\u00edvico em comemora\u00e7\u00e3o aos 74 anos de Dracena"},"content":{"rendered":"<p style=\"text-align: justify;\"><strong>A<\/strong> Prefeitura Municipal de Dracena tem a honra de CONVIDAR Vossa Senhoria para participar das comemora\u00e7\u00f5es alusivas ao 74\u00ba anivers\u00e1rio de Dracena.<\/p>\n<ul style=\"text-align: justify;\">\n<li>INAUGURA\u00c7\u00c3O DA UBS \u201cDR. LUIZ ALENCAR DE MORAES\u201d:<\/li>\n<\/ul>\n<p style=\"text-align: justify;\">\u00a0\u00a0\u00a0\u00a0\u00a0\u00a0\u00a0\u00a0\u00a0 Data\u00a0\u00a0\u00a0\u00a0\u00a0\u00a0\u00a0\u00a0\u00a0 : <u>06\/12\/2019 (sexta-feira<\/u>)<\/p>\n<p style=\"text-align: justify;\">\u00a0\u00a0\u00a0\u00a0\u00a0\u00a0\u00a0\u00a0\u00a0 Hor\u00e1rio\u00a0\u00a0\u00a0\u00a0\u00a0 : 10h00<\/p>\n<p style=\"text-align: justify;\">\u00a0\u00a0\u00a0\u00a0\u00a0\u00a0\u00a0\u00a0\u00a0 Local\u00a0 \u00a0 \u00a0 \u00a0 \u00a0: <u>Rua Moacir de Azevedo Nogueira, n\u00ba 20 \u2013 FREI <\/u><\/p>\n<p style=\"text-align: justify;\">\u00a0 \u00a0 \u00a0 \u00a0 \u00a0 \u00a0 \u00a0 \u00a0 \u00a0 \u00a0 \u00a0 \u00a0 \u00a0 \u00a0 \u00a0<u>MOACIR II \u2013 DRACENA &#8211; SP<\/u><\/p>\n<ul style=\"text-align: justify;\">\n<li>INAUGURA\u00c7\u00c3O OFICIAL DA POLICL\u00cdNICA MUNICIPAL \u201cALCIA LIN\u00c9IA VITTI REJANI \u2013 N\u00c9IA REJANI\u201d:<\/li>\n<\/ul>\n<p style=\"text-align: justify;\">Data\u00a0 \u00a0 \u00a0 \u00a0 \u00a0 : <u>08\/12\/2019 (Domingo)<\/u><\/p>\n<p style=\"text-align: justify;\">Hor\u00e1rio\u00a0\u00a0\u00a0\u00a0\u00a0 : 07h30<\/p>\n<p style=\"text-align: justify;\">Local\u00a0 \u00a0 \u00a0 \u00a0 \u00a0: <u>Rua Dom Bosco, n\u00ba 47 \u2013 Bairro S\u00e3o Crist\u00f3v\u00e3o \u2013 <\/u><\/p>\n<p style=\"text-align: justify;\">\u00a0\u00a0\u00a0\u00a0\u00a0\u00a0\u00a0\u00a0\u00a0\u00a0\u00a0\u00a0\u00a0\u00a0\u00a0\u00a0\u00a0\u00a0\u00a0 \u00a0<u>DRACENA \u2013 SP<\/u><\/p>\n<ul style=\"text-align: justify;\">\n<li><u>MISSA SOLENE DE ANIVERS\u00c1RIO DA CIDADE<\/u><\/li>\n<\/ul>\n<p style=\"text-align: justify;\">\u00a0\u00a0 \u00a0\u00a0Data\u00a0 \u00a0 \u00a0: <u>08\/12\/2019 (Domingo<\/u>)<\/p>\n<p style=\"text-align: justify;\">Hor\u00e1rio\u00a0\u00a0\u00a0\u00a0\u00a0 : 09h30<\/p>\n<p style=\"text-align: justify;\">Local\u00a0\u00a0\u00a0\u00a0\u00a0\u00a0\u00a0\u00a0 <u>: Santu\u00e1rio \u201cNossa Senhora de F\u00e1tima\u201d \u2013 Rua<\/u><\/p>\n<p style=\"text-align: justify;\">\u00a0 \u00a0 \u00a0 \u00a0 \u00a0 \u00a0 \u00a0 \u00a0 \u00a0<u>Antonio Rodrigues de Barros, n\u00ba 224 \u2013 Vila Barros<\/u><\/p>\n<p style=\"text-align: justify;\"><u>DESFILE C\u00cdVICO-MILITAR DE ANIVERS\u00c1RIO DA CIDADE<\/u><\/p>\n<p style=\"text-align: justify;\">Data\u00a0 \u00a0 \u00a0 \u00a0 \u00a0 : <u>08\/12\/2019 (Domingo)<\/u><\/p>\n<p style=\"text-align: justify;\">Hor\u00e1rio\u00a0\u00a0\u00a0\u00a0\u00a0 : 16h30<\/p>\n<p style=\"text-align: justify;\">Local\u00a0 \u00a0 \u00a0 \u00a0 \u00a0: <u>Av. Presidente Roosevelt\/Pra\u00e7a \u201cArthur Pagnozzi\u201d<\/u><\/p>\n<p style=\"text-align: justify;\">Ap\u00f3s o desfile Show Musical com o Grupo \u00a0\u201cDem\u00f4nios da Garoa\u201d na Pra\u00e7a \u201cArthur Pagnozzi\u201d<\/p>\n<p style=\"text-align: justify;\">OBS. H\u00c1VER\u00c1 PRA\u00c7A DE ALIMENTA\u00c7\u00c3O NO LOCAL, COM RENDA EM PROL \u00c0S ENTIDADES ASSISTENCIAIS DE DRACENA.<\/p>\n","protected":false},"excerpt":{"rendered":"<p>A Prefeitura Municipal de Dracena tem a honra de CONVIDAR Vossa Senhoria para participar das comemora\u00e7\u00f5es alusivas ao 74\u00ba anivers\u00e1rio de Dracena. INAUGURA\u00c7\u00c3O DA UBS \u201cDR. LUIZ ALENCAR DE MORAES\u201d: \u00a0\u00a0\u00a0\u00a0\u00a0\u00a0\u00a0\u00a0\u00a0 Data\u00a0\u00a0\u00a0\u00a0\u00a0\u00a0\u00a0\u00a0\u00a0 : 06\/12\/2019 (sexta-feira) \u00a0\u00a0\u00a0\u00a0\u00a0\u00a0\u00a0\u00a0\u00a0 Hor\u00e1rio\u00a0\u00a0\u00a0\u00a0\u00a0 : 10h00 \u00a0\u00a0\u00a0\u00a0\u00a0\u00a0\u00a0\u00a0\u00a0 Local\u00a0 \u00a0 \u00a0 \u00a0 \u00a0: Rua Moacir de Azevedo Nogueira, n\u00ba 20 \u2013 FREI \u00a0 [&hellip;]<\/p>\n","protected":false},"author":1,"featured_media":12989,"comment_status":"closed","ping_status":"open","sticky":false,"template":"","format":"standard","meta":{"footnotes":""},"categories":[179,184,110],"tags":[],"class_list":["post-12988","post","type-post","status-publish","format-standard","has-post-thumbnail","hentry","category-cidadeseregiao","category-dracena","category-noticiasdestaque"],"_links":{"self":[{"href":"https:\/\/jorgezanoni.com.br\/2019\/wp-json\/wp\/v2\/posts\/12988","targetHints":{"allow":["GET"]}}],"collection":[{"href":"https:\/\/jorgezanoni.com.br\/2019\/wp-json\/wp\/v2\/posts"}],"about":[{"href":"https:\/\/jorgezanoni.com.br\/2019\/wp-json\/wp\/v2\/types\/post"}],"author":[{"embeddable":true,"href":"https:\/\/jorgezanoni.com.br\/2019\/wp-json\/wp\/v2\/users\/1"}],"replies":[{"embeddable":true,"href":"https:\/\/jorgezanoni.com.br\/2019\/wp-json\/wp\/v2\/comments?post=12988"}],"version-history":[{"count":0,"href":"https:\/\/jorgezanoni.com.br\/2019\/wp-json\/wp\/v2\/posts\/12988\/revisions"}],"wp:featuredmedia":[{"embeddable":true,"href":"https:\/\/jorgezanoni.com.br\/2019\/wp-json\/wp\/v2\/media\/12989"}],"wp:attachment":[{"href":"https:\/\/jorgezanoni.com.br\/2019\/wp-json\/wp\/v2\/media?parent=12988"}],"wp:term":[{"taxonomy":"category","embeddable":true,"href":"https:\/\/jorgezanoni.com.br\/2019\/wp-json\/wp\/v2\/categories?post=12988"},{"taxonomy":"post_tag","embeddable":true,"href":"https:\/\/jorgezanoni.com.br\/2019\/wp-json\/wp\/v2\/tags?post=12988"}],"curies":[{"name":"wp","href":"https:\/\/api.w.org\/{rel}","templated":true}]}}