{"id":12979,"date":"2019-12-03T21:48:50","date_gmt":"2019-12-03T21:48:50","guid":{"rendered":"https:\/\/jorgezanoni.com.br\/2019\/?p=12979"},"modified":"2019-12-03T21:48:50","modified_gmt":"2019-12-03T21:48:50","slug":"conselho-municipal-de-educacao-de-dracena-tem-nova-eleicao","status":"publish","type":"post","link":"https:\/\/jorgezanoni.com.br\/2019\/conselho-municipal-de-educacao-de-dracena-tem-nova-eleicao\/","title":{"rendered":"Conselho Municipal de Educa\u00e7\u00e3o de Dracena tem nova elei\u00e7\u00e3o"},"content":{"rendered":"<p style=\"text-align: justify;\">\u00a0\u00a0\u00a0\u00a0\u00a0\u00a0\u00a0\u00a0 A Secretaria Municipal de Educa\u00e7\u00e3o de Dracena realizou uma assembleia com membros da sociedade civil e unidades escolares para elei\u00e7\u00e3o de novos integrantes do Conselho Municipal de Educa\u00e7\u00e3o, a fim de efetivar nova composi\u00e7\u00e3o para o mandato de 2020\/2021.<\/p>\n<p style=\"text-align: justify;\">\u00a0\u00a0\u00a0\u00a0\u00a0\u00a0\u00a0\u00a0 A reuni\u00e3o foi presidida pela Secret\u00e1ria de Educa\u00e7\u00e3o Adjunta, Professora Val\u00e9ria Andr\u00e9 da Costa, Presidente do Conselho, que em pauta discutiu a respeito da composi\u00e7\u00e3o e renova\u00e7\u00e3o do conselho e miss\u00e3o do mesmo, enfatizando o principal objetivo que \u00e9 analisar e aprovar a\u00e7\u00f5es da pasta da educa\u00e7\u00e3o municipal. Tamb\u00e9m foram tratadas quest\u00f5es voltadas \u00e0s atribui\u00e7\u00f5es dos representantes para o desenvolvimento das a\u00e7\u00f5es.<\/p>\n<p style=\"text-align: justify;\">\u00a0\u00a0\u00a0\u00a0\u00a0\u00a0\u00a0\u00a0 Para a Presidente do Conselho, \u201c\u00e9 de extrema import\u00e2ncia a atua\u00e7\u00e3o dos conselhos municipais para a garantia e transpar\u00eancia das iniciativas que envolvem a educa\u00e7\u00e3o, de modo a assegurar a qualidade educacional\u201d.<\/p>\n<p style=\"text-align: justify;\">\u00a0\u00a0\u00a0\u00a0\u00a0\u00a0\u00a0\u00a0 A Secret\u00e1ria de Educa\u00e7\u00e3o Prof.\u00aa Ms. Vanessa Red\u00edgolo Castilho \u201cdestaca a relev\u00e2ncia do conselho por reunir representantes de diversos segmentos, trazendo olhares diversos que contribuem para as tomadas de decis\u00f5es\u201d.<\/p>\n<p>Fonte: Diretoria de Comunica\u00e7\u00e3o<\/p>\n","protected":false},"excerpt":{"rendered":"<p>\u00a0\u00a0\u00a0\u00a0\u00a0\u00a0\u00a0\u00a0 A Secretaria Municipal de Educa\u00e7\u00e3o de Dracena realizou uma assembleia com membros da sociedade civil e unidades escolares para elei\u00e7\u00e3o de novos integrantes do Conselho Municipal de Educa\u00e7\u00e3o, a fim de efetivar nova composi\u00e7\u00e3o para o mandato de 2020\/2021. \u00a0\u00a0\u00a0\u00a0\u00a0\u00a0\u00a0\u00a0 A reuni\u00e3o foi presidida pela Secret\u00e1ria de Educa\u00e7\u00e3o Adjunta, Professora Val\u00e9ria Andr\u00e9 da Costa, [&hellip;]<\/p>\n","protected":false},"author":1,"featured_media":12980,"comment_status":"closed","ping_status":"open","sticky":false,"template":"","format":"standard","meta":{"footnotes":""},"categories":[122],"tags":[],"class_list":["post-12979","post","type-post","status-publish","format-standard","has-post-thumbnail","hentry","category-saudeeducacaoeconcurso"],"_links":{"self":[{"href":"https:\/\/jorgezanoni.com.br\/2019\/wp-json\/wp\/v2\/posts\/12979","targetHints":{"allow":["GET"]}}],"collection":[{"href":"https:\/\/jorgezanoni.com.br\/2019\/wp-json\/wp\/v2\/posts"}],"about":[{"href":"https:\/\/jorgezanoni.com.br\/2019\/wp-json\/wp\/v2\/types\/post"}],"author":[{"embeddable":true,"href":"https:\/\/jorgezanoni.com.br\/2019\/wp-json\/wp\/v2\/users\/1"}],"replies":[{"embeddable":true,"href":"https:\/\/jorgezanoni.com.br\/2019\/wp-json\/wp\/v2\/comments?post=12979"}],"version-history":[{"count":0,"href":"https:\/\/jorgezanoni.com.br\/2019\/wp-json\/wp\/v2\/posts\/12979\/revisions"}],"wp:featuredmedia":[{"embeddable":true,"href":"https:\/\/jorgezanoni.com.br\/2019\/wp-json\/wp\/v2\/media\/12980"}],"wp:attachment":[{"href":"https:\/\/jorgezanoni.com.br\/2019\/wp-json\/wp\/v2\/media?parent=12979"}],"wp:term":[{"taxonomy":"category","embeddable":true,"href":"https:\/\/jorgezanoni.com.br\/2019\/wp-json\/wp\/v2\/categories?post=12979"},{"taxonomy":"post_tag","embeddable":true,"href":"https:\/\/jorgezanoni.com.br\/2019\/wp-json\/wp\/v2\/tags?post=12979"}],"curies":[{"name":"wp","href":"https:\/\/api.w.org\/{rel}","templated":true}]}}