{"id":12944,"date":"2019-12-03T17:48:04","date_gmt":"2019-12-03T17:48:04","guid":{"rendered":"https:\/\/jorgezanoni.com.br\/2019\/?p=12944"},"modified":"2019-12-03T17:49:27","modified_gmt":"2019-12-03T17:49:27","slug":"traficante-e-preso-pela-policia-militar-em-ouro-verde","status":"publish","type":"post","link":"https:\/\/jorgezanoni.com.br\/2019\/traficante-e-preso-pela-policia-militar-em-ouro-verde\/","title":{"rendered":"Traficante \u00e9 preso pela Pol\u00edcia Militar em Ouro Verde"},"content":{"rendered":"<p style=\"font-weight: 400; text-align: justify;\">Na noite desta segunda-feira 02, por volta das 23h30min, os Policiais Militares de Ouro Verde, durante o patrulhamento se depararam com o autor A.S.P., pr\u00f3ximo ao cruzamento das Ruas Amap\u00e1 X Macei\u00f3, que ao perceber a presen\u00e7a da viatura, tentou fugir pulando morros e adentrando quintais. Com apoio de outras viaturas, foi logrado \u00eaxito em alcan\u00e7ar e deter o autor. Na busca pessoal foi localizado com o mesmo a quantia de R$25,00 reais. Em buscas nas imedia\u00e7\u00f5es, foi localizado uma sacola de pl\u00e1stico contendo 07 (sete) por\u00e7\u00f5es de maconha. Diante dos fatos foi dado voz de pris\u00e3o ao autor, que permaneceu preso \u00e0 disposi\u00e7\u00e3o da justi\u00e7a.<\/p>\n<p style=\"font-weight: 400; text-align: justify;\"><strong>#25BPMI<\/strong><\/p>\n<p style=\"font-weight: 400; text-align: justify;\"><strong>#POLICIAMILITARSP<\/strong><\/p>\n<p style=\"font-weight: 400; text-align: justify;\"><strong>#AFOR\u00c7AP\u00daBLICADES\u00c3OPAULO<\/strong><\/p>\n<p style=\"font-weight: 400; text-align: justify;\"><strong>Fonte: COMUNICA\u00c7\u00c3O SOCIAL DO 25\u00ba BPM\/I &#8211; Dracena e regi\u00e3o.<\/strong><\/p>\n","protected":false},"excerpt":{"rendered":"<p>Na noite desta segunda-feira 02, por volta das 23h30min, os Policiais Militares de Ouro Verde, durante o patrulhamento se depararam com o autor A.S.P., pr\u00f3ximo ao cruzamento das Ruas Amap\u00e1 X Macei\u00f3, que ao perceber a presen\u00e7a da viatura, tentou fugir pulando morros e adentrando quintais. Com apoio de outras viaturas, foi logrado \u00eaxito em [&hellip;]<\/p>\n","protected":false},"author":1,"featured_media":12946,"comment_status":"closed","ping_status":"open","sticky":false,"template":"","format":"standard","meta":{"footnotes":""},"categories":[2],"tags":[],"class_list":["post-12944","post","type-post","status-publish","format-standard","has-post-thumbnail","hentry","category-policial"],"_links":{"self":[{"href":"https:\/\/jorgezanoni.com.br\/2019\/wp-json\/wp\/v2\/posts\/12944","targetHints":{"allow":["GET"]}}],"collection":[{"href":"https:\/\/jorgezanoni.com.br\/2019\/wp-json\/wp\/v2\/posts"}],"about":[{"href":"https:\/\/jorgezanoni.com.br\/2019\/wp-json\/wp\/v2\/types\/post"}],"author":[{"embeddable":true,"href":"https:\/\/jorgezanoni.com.br\/2019\/wp-json\/wp\/v2\/users\/1"}],"replies":[{"embeddable":true,"href":"https:\/\/jorgezanoni.com.br\/2019\/wp-json\/wp\/v2\/comments?post=12944"}],"version-history":[{"count":0,"href":"https:\/\/jorgezanoni.com.br\/2019\/wp-json\/wp\/v2\/posts\/12944\/revisions"}],"wp:featuredmedia":[{"embeddable":true,"href":"https:\/\/jorgezanoni.com.br\/2019\/wp-json\/wp\/v2\/media\/12946"}],"wp:attachment":[{"href":"https:\/\/jorgezanoni.com.br\/2019\/wp-json\/wp\/v2\/media?parent=12944"}],"wp:term":[{"taxonomy":"category","embeddable":true,"href":"https:\/\/jorgezanoni.com.br\/2019\/wp-json\/wp\/v2\/categories?post=12944"},{"taxonomy":"post_tag","embeddable":true,"href":"https:\/\/jorgezanoni.com.br\/2019\/wp-json\/wp\/v2\/tags?post=12944"}],"curies":[{"name":"wp","href":"https:\/\/api.w.org\/{rel}","templated":true}]}}