{"id":12929,"date":"2019-12-03T16:22:16","date_gmt":"2019-12-03T16:22:16","guid":{"rendered":"https:\/\/jorgezanoni.com.br\/2019\/?p=12929"},"modified":"2019-12-03T18:28:56","modified_gmt":"2019-12-03T18:28:56","slug":"inauguracao-supermercado-troyano-junqueira-em-junqueiropolis","status":"publish","type":"post","link":"https:\/\/jorgezanoni.com.br\/2019\/inauguracao-supermercado-troyano-junqueira-em-junqueiropolis\/","title":{"rendered":"Inaugura\u00e7\u00e3o Supermercado Troyano Junqueira em Junqueir\u00f3polis"},"content":{"rendered":"<p>Inaugura\u00e7\u00e3o Supermercado Troyano Junqueira em Junqueir\u00f3polis. (Veja quatro V\u00eddeos).<\/p>\n<div id=\"fb-root\"><\/div>\n<p><script async=\"1\" defer=\"1\" crossorigin=\"anonymous\" src=\"https:\/\/connect.facebook.net\/en_US\/sdk.js#xfbml=1&amp;version=v5.0\"><\/script><\/p>\n<div class=\"fb-video\" data-href=\"https:\/\/www.facebook.com\/jorgezanonidracena\/videos\/418484535695570\/\" data-width=\"696\">\n<blockquote cite=\"https:\/\/www.facebook.com\/jorgezanonidracena\/videos\/418484535695570\/\" class=\"fb-xfbml-parse-ignore\"><p><a href=\"https:\/\/www.facebook.com\/jorgezanonidracena\/videos\/418484535695570\/\">Inaugura\u00e7\u00e3o Supermercado Troyano Junqueira em Junqueir\u00f3polis. (V\u00eddeo 01)<\/a><\/p>\n<p>Inaugura\u00e7\u00e3o Supermercado Troyano Junqueira em Junqueir\u00f3polis. (V\u00eddeo 01)<\/p>\n<p>Posted by <a href=\"https:\/\/www.facebook.com\/jorgezanonidracena\/\">Jorge Zanoni<\/a> on Tuesday, December 3, 2019<\/p><\/blockquote>\n<\/div>\n<p>Video 01<\/p>\n<div id=\"fb-root\"><\/div>\n<p><script async=\"1\" defer=\"1\" crossorigin=\"anonymous\" src=\"https:\/\/connect.facebook.net\/en_US\/sdk.js#xfbml=1&amp;version=v5.0\"><\/script><\/p>\n<div class=\"fb-video\" data-href=\"https:\/\/www.facebook.com\/jorgezanonidracena\/videos\/447625079228722\/\" data-width=\"696\">\n<blockquote cite=\"https:\/\/www.facebook.com\/jorgezanonidracena\/videos\/447625079228722\/\" class=\"fb-xfbml-parse-ignore\"><p><a href=\"https:\/\/www.facebook.com\/jorgezanonidracena\/videos\/447625079228722\/\">Inaugura\u00e7\u00e3o Supermercado Troyano Junqueira em Junqueir\u00f3polis. (V\u00eddeo 02)<\/a><\/p>\n<p>Inaugura\u00e7\u00e3o Supermercado Troyano Junqueira em Junqueir\u00f3polis. (V\u00eddeo 02)<\/p>\n<p>Posted by <a href=\"https:\/\/www.facebook.com\/jorgezanonidracena\/\">Jorge Zanoni<\/a> on Tuesday, December 3, 2019<\/p><\/blockquote>\n<\/div>\n<p>V\u00eddeo 02<\/p>\n<div id=\"fb-root\"><\/div>\n<p><script async=\"1\" defer=\"1\" crossorigin=\"anonymous\" src=\"https:\/\/connect.facebook.net\/en_US\/sdk.js#xfbml=1&amp;version=v5.0\"><\/script><\/p>\n<div class=\"fb-video\" data-href=\"https:\/\/www.facebook.com\/jorgezanonidracena\/videos\/423604528521583\/\" data-width=\"696\">\n<blockquote cite=\"https:\/\/www.facebook.com\/jorgezanonidracena\/videos\/423604528521583\/\" class=\"fb-xfbml-parse-ignore\"><p><a href=\"https:\/\/www.facebook.com\/jorgezanonidracena\/videos\/423604528521583\/\">Inaugura\u00e7\u00e3o Supermercado Troyano Junqueira em Junqueir\u00f3polis. (V\u00eddeo 03)<\/a><\/p>\n<p>Inaugura\u00e7\u00e3o Supermercado Troyano Junqueira em Junqueir\u00f3polis. (V\u00eddeo 03)<\/p>\n<p>Posted by <a href=\"https:\/\/www.facebook.com\/jorgezanonidracena\/\">Jorge Zanoni<\/a> on Tuesday, December 3, 2019<\/p><\/blockquote>\n<\/div>\n<p>V\u00eddeo 03<\/p>\n<div id=\"fb-root\"><\/div>\n<p><script async=\"1\" defer=\"1\" crossorigin=\"anonymous\" src=\"https:\/\/connect.facebook.net\/en_US\/sdk.js#xfbml=1&amp;version=v5.0\"><\/script><\/p>\n<div class=\"fb-video\" data-href=\"https:\/\/www.facebook.com\/jorgezanonidracena\/videos\/461147664821708\/\" data-width=\"696\">\n<blockquote cite=\"https:\/\/www.facebook.com\/jorgezanonidracena\/videos\/461147664821708\/\" class=\"fb-xfbml-parse-ignore\"><p><a href=\"https:\/\/www.facebook.com\/jorgezanonidracena\/videos\/461147664821708\/\">Inaugura\u00e7\u00e3o Supermercado Troyano Junqueira em Junqueir\u00f3polis. (V\u00eddeo 04)<\/a><\/p>\n<p>Inaugura\u00e7\u00e3o Supermercado Troyano Junqueira em Junqueir\u00f3polis. (V\u00eddeo 04)<\/p>\n<p>Posted by <a href=\"https:\/\/www.facebook.com\/jorgezanonidracena\/\">Jorge Zanoni<\/a> on Tuesday, December 3, 2019<\/p><\/blockquote>\n<\/div>\n<p>Video 04<\/p>\n<p>&nbsp;<\/p>\n<p>&nbsp;<\/p>\n","protected":false},"excerpt":{"rendered":"<p>Inaugura\u00e7\u00e3o Supermercado Troyano Junqueira em Junqueir\u00f3polis. (Veja quatro V\u00eddeos). Inaugura\u00e7\u00e3o Supermercado Troyano Junqueira em Junqueir\u00f3polis. (V\u00eddeo 01) Inaugura\u00e7\u00e3o Supermercado Troyano Junqueira em Junqueir\u00f3polis. (V\u00eddeo 01) Posted by Jorge Zanoni on Tuesday, December 3, 2019 Video 01 Inaugura\u00e7\u00e3o Supermercado Troyano Junqueira em Junqueir\u00f3polis. (V\u00eddeo 02) Inaugura\u00e7\u00e3o Supermercado Troyano Junqueira em Junqueir\u00f3polis. (V\u00eddeo 02) Posted by Jorge [&hellip;]<\/p>\n","protected":false},"author":1,"featured_media":12930,"comment_status":"closed","ping_status":"open","sticky":false,"template":"","format":"video","meta":{"footnotes":""},"categories":[110,169],"tags":[],"class_list":["post-12929","post","type-post","status-publish","format-video","has-post-thumbnail","hentry","category-noticiasdestaque","category-videos","post_format-post-format-video"],"_links":{"self":[{"href":"https:\/\/jorgezanoni.com.br\/2019\/wp-json\/wp\/v2\/posts\/12929","targetHints":{"allow":["GET"]}}],"collection":[{"href":"https:\/\/jorgezanoni.com.br\/2019\/wp-json\/wp\/v2\/posts"}],"about":[{"href":"https:\/\/jorgezanoni.com.br\/2019\/wp-json\/wp\/v2\/types\/post"}],"author":[{"embeddable":true,"href":"https:\/\/jorgezanoni.com.br\/2019\/wp-json\/wp\/v2\/users\/1"}],"replies":[{"embeddable":true,"href":"https:\/\/jorgezanoni.com.br\/2019\/wp-json\/wp\/v2\/comments?post=12929"}],"version-history":[{"count":0,"href":"https:\/\/jorgezanoni.com.br\/2019\/wp-json\/wp\/v2\/posts\/12929\/revisions"}],"wp:featuredmedia":[{"embeddable":true,"href":"https:\/\/jorgezanoni.com.br\/2019\/wp-json\/wp\/v2\/media\/12930"}],"wp:attachment":[{"href":"https:\/\/jorgezanoni.com.br\/2019\/wp-json\/wp\/v2\/media?parent=12929"}],"wp:term":[{"taxonomy":"category","embeddable":true,"href":"https:\/\/jorgezanoni.com.br\/2019\/wp-json\/wp\/v2\/categories?post=12929"},{"taxonomy":"post_tag","embeddable":true,"href":"https:\/\/jorgezanoni.com.br\/2019\/wp-json\/wp\/v2\/tags?post=12929"}],"curies":[{"name":"wp","href":"https:\/\/api.w.org\/{rel}","templated":true}]}}