{"id":12908,"date":"2019-12-03T01:54:13","date_gmt":"2019-12-03T01:54:13","guid":{"rendered":"https:\/\/jorgezanoni.com.br\/2019\/?p=12908"},"modified":"2019-12-03T01:54:13","modified_gmt":"2019-12-03T01:54:13","slug":"doria-inaugura-o-segundo-centro-de-detencao-provisoria-de-caiua-na-regiao-de-presidente-prudente","status":"publish","type":"post","link":"https:\/\/jorgezanoni.com.br\/2019\/doria-inaugura-o-segundo-centro-de-detencao-provisoria-de-caiua-na-regiao-de-presidente-prudente\/","title":{"rendered":"Doria inaugura o segundo Centro de Deten\u00e7\u00e3o Provis\u00f3ria de Caiu\u00e1, na regi\u00e3o de Presidente Prudente"},"content":{"rendered":"<h2 class=\"content-head__subtitle\" style=\"text-align: justify;\"><strong>Evento ocorreu nesta segunda-feira (2), no local da obra. Na oportunidade, o governador do Estado tamb\u00e9m realizou a entrega do Centro de Conviv\u00eancia do Idoso (CCI) Lydia R\u00e9 Almirates, em Santo Anast\u00e1cio.<\/strong><\/h2>\n<div class=\"mc-column content-text active-extra-styles \" data-block-type=\"unstyled\" data-block-weight=\"33\" data-block-id=\"2\">\n<p class=\"content-text__container \" style=\"text-align: justify;\" data-track-category=\"Link no Texto\" data-track-links=\"\">O governador do Estado de S\u00e3o Paulo, Jo\u00e3o Doria Junior (PSDB), inaugurou nesta segunda-feira (2), por volta das 16h, o segundo Centro de Deten\u00e7\u00e3o Provis\u00f3ria (CDP) de\u00a0<a href=\"https:\/\/g1.globo.com\/sp\/presidente-prudente-regiao\/cidade\/caiua\/\">Caiu\u00e1<\/a>, na regi\u00e3o de\u00a0<a href=\"https:\/\/g1.globo.com\/sp\/presidente-prudente-regiao\/cidade\/presidente-prudente\/\">Presidente Prudente<\/a>.<\/p>\n<\/div>\n<div class=\"wall protected-content\">\n<div class=\"mc-column content-text active-extra-styles \" style=\"text-align: justify;\" data-block-type=\"unstyled\" data-block-weight=\"33\" data-block-id=\"3\">\n<p class=\"content-text__container \" data-track-category=\"Link no Texto\" data-track-links=\"\">A inaugura\u00e7\u00e3o ocorreu no local da obra, que fica na altura do km 634,240 da Rodovia Raposo Tavares (SP-270). A unidade foi entregue totalmente automatizada, com capacidade para abrigar 823 presos provis\u00f3rios.<\/p>\n<\/div>\n<div class=\"mc-column content-text active-extra-styles \" style=\"text-align: justify;\" data-block-type=\"unstyled\" data-block-weight=\"23\" data-block-id=\"4\">\n<p class=\"content-text__container \" data-track-category=\"Link no Texto\" data-track-links=\"\">De acordo com a Secretaria da Administra\u00e7\u00e3o Penitenci\u00e1ria do Estado de S\u00e3o Paulo (SAP), o valor total da obra \u00e9 de R$ 53.302.697,64.<\/p>\n<\/div>\n<div class=\"mc-column content-text active-extra-styles \" data-block-type=\"unstyled\" data-block-weight=\"28\" data-block-id=\"5\">\n<p class=\"content-text__container \" style=\"text-align: justify;\" data-track-category=\"Link no Texto\" data-track-links=\"\">A cidade de Caiu\u00e1 j\u00e1 conta, desde 2005, com um CDP, que possui capacidade para 844 presos e que atualmente disp\u00f5e de uma popula\u00e7\u00e3o carcer\u00e1ria de 607 homens.<\/p>\n<div class=\"mc-column content-text active-extra-styles \" style=\"text-align: justify;\" data-block-type=\"unstyled\" data-block-weight=\"58\" data-block-id=\"7\">\n<p class=\"content-text__container \" data-track-category=\"Link no Texto\" data-track-links=\"\">Durante o evento de inaugura\u00e7\u00e3o, Doria tamb\u00e9m assinou a autoriza\u00e7\u00e3o e a entrega de t\u00edtulos de propriedade de \u00e1reas urbanas e rurais em benef\u00edcio de moradores de Caiu\u00e1,\u00a0<a href=\"https:\/\/g1.globo.com\/sp\/presidente-prudente-regiao\/cidade\/euclides-da-cunha-paulista\/\">Euclides da Cunha Paulista<\/a>,\u00a0<a href=\"https:\/\/g1.globo.com\/sp\/presidente-prudente-regiao\/cidade\/maraba-paulista\/\">Marab\u00e1 Paulista<\/a>,\u00a0<a href=\"https:\/\/g1.globo.com\/sp\/presidente-prudente-regiao\/cidade\/narandiba\/\">Narandiba<\/a>,\u00a0<a href=\"https:\/\/g1.globo.com\/sp\/presidente-prudente-regiao\/cidade\/presidente-venceslau\/\">Presidente Venceslau<\/a>,\u00a0<a href=\"https:\/\/g1.globo.com\/sp\/presidente-prudente-regiao\/cidade\/sandovalina\/\">Sandovalina<\/a>\u00a0e\u00a0<a href=\"https:\/\/g1.globo.com\/sp\/presidente-prudente-regiao\/cidade\/teodoro-sampaio-sp\/\">Teodoro Sampaio<\/a>, na regi\u00e3o de Presidente Prudente, al\u00e9m de\u00a0<a href=\"https:\/\/g1.globo.com\/sp\/bauru-marilia\/cidade\/candido-mota\/\">C\u00e2ndido Mota\u00a0<\/a>e\u00a0<a href=\"https:\/\/g1.globo.com\/sp\/bauru-marilia\/cidade\/platina\/\">Platina<\/a>, que ficam na regi\u00e3o de\u00a0<a href=\"https:\/\/g1.globo.com\/sp\/bauru-marilia\/cidade\/marilia\/\">Mar\u00edlia<\/a>.<\/p>\n<\/div>\n<div class=\"mc-column content-text active-extra-styles\" style=\"text-align: justify;\" data-block-type=\"raw\" data-block-weight=\"35\" data-block-id=\"8\">\n<ul class=\"content-unordered-list\">\n<li><a href=\"https:\/\/g1.globo.com\/sp\/presidente-prudente-regiao\/noticia\/2019\/11\/29\/estado-confirma-inauguracao-de-novo-cdp-em-caiua-com-capacidade-para-823-presos-provisorios.ghtml\">Estado confirma inaugura\u00e7\u00e3o de novo CDP em Caiu\u00e1 com capacidade para 823 presos provis\u00f3rios<\/a><\/li>\n<li><a href=\"https:\/\/g1.globo.com\/sp\/presidente-prudente-regiao\/noticia\/2019\/09\/22\/com-quase-99percent-da-obra-finalizada-novo-cdp-de-caiua-abre-823-vagas-no-sistema-penitenciario-na-regiao-de-presidente-prudente.ghtml\">Com quase 99% da obra finalizada, novo CDP de Caiu\u00e1 abre 823 vagas no sistema penitenci\u00e1rio na regi\u00e3o de Presidente Prudente<\/a><\/li>\n<\/ul>\n<\/div>\n<div class=\"mc-column content-text active-extra-styles\" style=\"text-align: justify;\" data-block-type=\"raw\" data-block-weight=\"2\" data-block-id=\"9\">\n<div class=\"content-intertitle\">\n<h2>Mais compromisso<\/h2>\n<\/div>\n<\/div>\n<div class=\"mc-column content-text active-extra-styles \" style=\"text-align: justify;\" data-block-type=\"unstyled\" data-block-weight=\"30\" data-block-id=\"10\">\n<p class=\"content-text__container \" data-track-category=\"Link no Texto\" data-track-links=\"\">Ainda nesta segunda-feira (2), o governador teve outro compromisso oficial na regi\u00e3o de Presidente Prudente, a entrega do Centro de Conviv\u00eancia do Idoso (CCI) Lydia R\u00e9 Almirates, em\u00a0<a href=\"https:\/\/g1.globo.com\/sp\/presidente-prudente-regiao\/cidade\/santo-anastacio\/\">Santo Anast\u00e1cio<\/a>.<\/p>\n<\/div>\n<div class=\"mc-column content-text active-extra-styles \" style=\"text-align: justify;\" data-block-type=\"unstyled\" data-block-weight=\"13\" data-block-id=\"11\">\n<p class=\"content-text__container \" data-track-category=\"Link no Texto\" data-track-links=\"\">A obra fica na Avenida Renato C\u00e9sar Mewes Mendes, 30, na Vila Prado.<\/p>\n<\/div>\n<div class=\"mc-column content-text active-extra-styles \" data-block-type=\"unstyled\" data-block-weight=\"15\" data-block-id=\"12\">\n<p class=\"content-text__container \" style=\"text-align: justify;\" data-track-category=\"Link no Texto\" data-track-links=\"\">Com esta inaugura\u00e7\u00e3o, Doria conclui a entrega de 24 equipamentos destinados a idosos no Estado.<\/p>\n<\/div>\n<div class=\"row medium-uncollapsed content-media content-photo\" data-block-type=\"backstage-photo\" data-block-id=\"13\">\n<div class=\"mc-column content-media__container\">\n<div class=\"progressive-img can-open-lightbox\" data-min-size=\"1008x671\" data-min-size-url=\"https:\/\/s2.glbimg.com\/-0Wpme-ywAndqokNt-vTBVZRUJc=\/0x0:1280x853\/1008x0\/smart\/filters:strip_icc()\/i.s3.glbimg.com\/v1\/AUTH_59edd422c0c84a879bd37670ae4f538a\/internal_photos\/bs\/2019\/V\/y\/E2jyHNT2ewAp4x6z2HNg\/49159777676-ae976b2350-o.jpg\" data-max-size=\"1600x1066\" data-max-size-url=\"https:\/\/s2.glbimg.com\/0j-hGDF3FAAbpb0u8zo9AXYF24w=\/0x0:1280x853\/1600x0\/smart\/filters:strip_icc()\/i.s3.glbimg.com\/v1\/AUTH_59edd422c0c84a879bd37670ae4f538a\/internal_photos\/bs\/2019\/V\/y\/E2jyHNT2ewAp4x6z2HNg\/49159777676-ae976b2350-o.jpg\" data-media-index=\"1\"><img loading=\"lazy\" decoding=\"async\" class=\"alignnone size-full wp-image-12909\" src=\"https:\/\/jorgezanoni.com.br\/2019\/wp-content\/uploads\/2019\/12\/doria1.jpg\" alt=\"\" width=\"1000\" height=\"666\" srcset=\"https:\/\/jorgezanoni.com.br\/2019\/wp-content\/uploads\/2019\/12\/doria1.jpg 1000w, https:\/\/jorgezanoni.com.br\/2019\/wp-content\/uploads\/2019\/12\/doria1-300x200.jpg 300w, https:\/\/jorgezanoni.com.br\/2019\/wp-content\/uploads\/2019\/12\/doria1-768x511.jpg 768w, https:\/\/jorgezanoni.com.br\/2019\/wp-content\/uploads\/2019\/12\/doria1-696x464.jpg 696w, https:\/\/jorgezanoni.com.br\/2019\/wp-content\/uploads\/2019\/12\/doria1-631x420.jpg 631w\" sizes=\"auto, (max-width: 1000px) 100vw, 1000px\" \/>Centro de Deten\u00e7\u00e3o Provis\u00f3ria foi inaugurado nesta segunda-feira (2) \u2014 Foto: Governo do Estado\/Divulga\u00e7\u00e3o<\/div>\n<\/div>\n<div data-min-size=\"1008x671\" data-min-size-url=\"https:\/\/s2.glbimg.com\/-0Wpme-ywAndqokNt-vTBVZRUJc=\/0x0:1280x853\/1008x0\/smart\/filters:strip_icc()\/i.s3.glbimg.com\/v1\/AUTH_59edd422c0c84a879bd37670ae4f538a\/internal_photos\/bs\/2019\/V\/y\/E2jyHNT2ewAp4x6z2HNg\/49159777676-ae976b2350-o.jpg\" data-max-size=\"1600x1066\" data-max-size-url=\"https:\/\/s2.glbimg.com\/0j-hGDF3FAAbpb0u8zo9AXYF24w=\/0x0:1280x853\/1600x0\/smart\/filters:strip_icc()\/i.s3.glbimg.com\/v1\/AUTH_59edd422c0c84a879bd37670ae4f538a\/internal_photos\/bs\/2019\/V\/y\/E2jyHNT2ewAp4x6z2HNg\/49159777676-ae976b2350-o.jpg\" data-media-index=\"1\"><img loading=\"lazy\" decoding=\"async\" class=\"alignnone size-full wp-image-12910\" src=\"https:\/\/jorgezanoni.com.br\/2019\/wp-content\/uploads\/2019\/12\/doria2.jpg\" alt=\"\" width=\"1000\" height=\"666\" srcset=\"https:\/\/jorgezanoni.com.br\/2019\/wp-content\/uploads\/2019\/12\/doria2.jpg 1000w, https:\/\/jorgezanoni.com.br\/2019\/wp-content\/uploads\/2019\/12\/doria2-300x200.jpg 300w, https:\/\/jorgezanoni.com.br\/2019\/wp-content\/uploads\/2019\/12\/doria2-768x511.jpg 768w, https:\/\/jorgezanoni.com.br\/2019\/wp-content\/uploads\/2019\/12\/doria2-696x464.jpg 696w, https:\/\/jorgezanoni.com.br\/2019\/wp-content\/uploads\/2019\/12\/doria2-631x420.jpg 631w\" sizes=\"auto, (max-width: 1000px) 100vw, 1000px\" \/>Centro de Deten\u00e7\u00e3o Provis\u00f3ria foi inaugurado nesta segunda-feira (2) \u2014 Foto: Governo do Estado\/Divulga\u00e7\u00e3o<\/div>\n<div data-min-size=\"1008x671\" data-min-size-url=\"https:\/\/s2.glbimg.com\/-0Wpme-ywAndqokNt-vTBVZRUJc=\/0x0:1280x853\/1008x0\/smart\/filters:strip_icc()\/i.s3.glbimg.com\/v1\/AUTH_59edd422c0c84a879bd37670ae4f538a\/internal_photos\/bs\/2019\/V\/y\/E2jyHNT2ewAp4x6z2HNg\/49159777676-ae976b2350-o.jpg\" data-max-size=\"1600x1066\" data-max-size-url=\"https:\/\/s2.glbimg.com\/0j-hGDF3FAAbpb0u8zo9AXYF24w=\/0x0:1280x853\/1600x0\/smart\/filters:strip_icc()\/i.s3.glbimg.com\/v1\/AUTH_59edd422c0c84a879bd37670ae4f538a\/internal_photos\/bs\/2019\/V\/y\/E2jyHNT2ewAp4x6z2HNg\/49159777676-ae976b2350-o.jpg\" data-media-index=\"1\"><img loading=\"lazy\" decoding=\"async\" class=\"alignnone size-full wp-image-12911\" src=\"https:\/\/jorgezanoni.com.br\/2019\/wp-content\/uploads\/2019\/12\/doria3.jpg\" alt=\"\" width=\"1000\" height=\"666\" srcset=\"https:\/\/jorgezanoni.com.br\/2019\/wp-content\/uploads\/2019\/12\/doria3.jpg 1000w, https:\/\/jorgezanoni.com.br\/2019\/wp-content\/uploads\/2019\/12\/doria3-300x200.jpg 300w, https:\/\/jorgezanoni.com.br\/2019\/wp-content\/uploads\/2019\/12\/doria3-768x511.jpg 768w, https:\/\/jorgezanoni.com.br\/2019\/wp-content\/uploads\/2019\/12\/doria3-696x464.jpg 696w, https:\/\/jorgezanoni.com.br\/2019\/wp-content\/uploads\/2019\/12\/doria3-631x420.jpg 631w\" sizes=\"auto, (max-width: 1000px) 100vw, 1000px\" \/><\/p>\n<div class=\"row medium-uncollapsed content-media content-photo\" data-block-type=\"backstage-photo\" data-block-id=\"16\">\n<div class=\"mc-column content-media__container\">\n<p class=\"content-media__description \">Centro de Deten\u00e7\u00e3o Provis\u00f3ria foi inaugurado nesta segunda-feira (2) \u2014 Foto: Governo do Estado\/Divulga\u00e7\u00e3o<\/p>\n<p><img loading=\"lazy\" decoding=\"async\" class=\"alignnone size-full wp-image-12912\" src=\"https:\/\/jorgezanoni.com.br\/2019\/wp-content\/uploads\/2019\/12\/centro.jpg\" alt=\"\" width=\"1000\" height=\"666\" srcset=\"https:\/\/jorgezanoni.com.br\/2019\/wp-content\/uploads\/2019\/12\/centro.jpg 1000w, https:\/\/jorgezanoni.com.br\/2019\/wp-content\/uploads\/2019\/12\/centro-300x200.jpg 300w, https:\/\/jorgezanoni.com.br\/2019\/wp-content\/uploads\/2019\/12\/centro-768x511.jpg 768w, https:\/\/jorgezanoni.com.br\/2019\/wp-content\/uploads\/2019\/12\/centro-696x464.jpg 696w, https:\/\/jorgezanoni.com.br\/2019\/wp-content\/uploads\/2019\/12\/centro-631x420.jpg 631w\" sizes=\"auto, (max-width: 1000px) 100vw, 1000px\" \/>Centro de Deten\u00e7\u00e3o Provis\u00f3ria foi inaugurado nesta segunda-feira (2) \u2014 Foto: Governo do Estado\/Divulga\u00e7\u00e3o<\/p>\n<p><img loading=\"lazy\" decoding=\"async\" class=\"alignnone size-full wp-image-12913\" src=\"https:\/\/jorgezanoni.com.br\/2019\/wp-content\/uploads\/2019\/12\/centro1.jpg\" alt=\"\" width=\"1000\" height=\"666\" srcset=\"https:\/\/jorgezanoni.com.br\/2019\/wp-content\/uploads\/2019\/12\/centro1.jpg 1000w, https:\/\/jorgezanoni.com.br\/2019\/wp-content\/uploads\/2019\/12\/centro1-300x200.jpg 300w, https:\/\/jorgezanoni.com.br\/2019\/wp-content\/uploads\/2019\/12\/centro1-768x511.jpg 768w, https:\/\/jorgezanoni.com.br\/2019\/wp-content\/uploads\/2019\/12\/centro1-696x464.jpg 696w, https:\/\/jorgezanoni.com.br\/2019\/wp-content\/uploads\/2019\/12\/centro1-631x420.jpg 631w\" sizes=\"auto, (max-width: 1000px) 100vw, 1000px\" \/>Centro de Deten\u00e7\u00e3o Provis\u00f3ria foi inaugurado nesta segunda-feira (2) \u2014 Foto: Governo do Estado\/Divulga\u00e7\u00e3o<\/p>\n<p><img loading=\"lazy\" decoding=\"async\" class=\"alignnone size-full wp-image-12914\" src=\"https:\/\/jorgezanoni.com.br\/2019\/wp-content\/uploads\/2019\/12\/centro2.jpg\" alt=\"\" width=\"1000\" height=\"666\" srcset=\"https:\/\/jorgezanoni.com.br\/2019\/wp-content\/uploads\/2019\/12\/centro2.jpg 1000w, https:\/\/jorgezanoni.com.br\/2019\/wp-content\/uploads\/2019\/12\/centro2-300x200.jpg 300w, https:\/\/jorgezanoni.com.br\/2019\/wp-content\/uploads\/2019\/12\/centro2-768x511.jpg 768w, https:\/\/jorgezanoni.com.br\/2019\/wp-content\/uploads\/2019\/12\/centro2-696x464.jpg 696w, https:\/\/jorgezanoni.com.br\/2019\/wp-content\/uploads\/2019\/12\/centro2-631x420.jpg 631w\" sizes=\"auto, (max-width: 1000px) 100vw, 1000px\" \/>Centro de Deten\u00e7\u00e3o Provis\u00f3ria foi inaugurado nesta segunda-feira (2) \u2014 Foto: Governo do Estado\/Divulga\u00e7\u00e3o<\/p>\n<p><img loading=\"lazy\" decoding=\"async\" class=\"alignnone size-full wp-image-12915\" src=\"https:\/\/jorgezanoni.com.br\/2019\/wp-content\/uploads\/2019\/12\/Centro4.jpg\" alt=\"\" width=\"1000\" height=\"666\" srcset=\"https:\/\/jorgezanoni.com.br\/2019\/wp-content\/uploads\/2019\/12\/Centro4.jpg 1000w, https:\/\/jorgezanoni.com.br\/2019\/wp-content\/uploads\/2019\/12\/Centro4-300x200.jpg 300w, https:\/\/jorgezanoni.com.br\/2019\/wp-content\/uploads\/2019\/12\/Centro4-768x511.jpg 768w, https:\/\/jorgezanoni.com.br\/2019\/wp-content\/uploads\/2019\/12\/Centro4-696x464.jpg 696w, https:\/\/jorgezanoni.com.br\/2019\/wp-content\/uploads\/2019\/12\/Centro4-631x420.jpg 631w\" sizes=\"auto, (max-width: 1000px) 100vw, 1000px\" \/>Centro de Deten\u00e7\u00e3o Provis\u00f3ria foi inaugurado nesta segunda-feira (2) \u2014 Foto: Governo do Estado\/Divulga\u00e7\u00e3o<\/p>\n<p><img loading=\"lazy\" decoding=\"async\" class=\"alignnone size-full wp-image-12916\" src=\"https:\/\/jorgezanoni.com.br\/2019\/wp-content\/uploads\/2019\/12\/centro5.jpg\" alt=\"\" width=\"1000\" height=\"750\" srcset=\"https:\/\/jorgezanoni.com.br\/2019\/wp-content\/uploads\/2019\/12\/centro5.jpg 1000w, https:\/\/jorgezanoni.com.br\/2019\/wp-content\/uploads\/2019\/12\/centro5-300x225.jpg 300w, https:\/\/jorgezanoni.com.br\/2019\/wp-content\/uploads\/2019\/12\/centro5-768x576.jpg 768w, https:\/\/jorgezanoni.com.br\/2019\/wp-content\/uploads\/2019\/12\/centro5-80x60.jpg 80w, https:\/\/jorgezanoni.com.br\/2019\/wp-content\/uploads\/2019\/12\/centro5-265x198.jpg 265w, https:\/\/jorgezanoni.com.br\/2019\/wp-content\/uploads\/2019\/12\/centro5-696x522.jpg 696w, https:\/\/jorgezanoni.com.br\/2019\/wp-content\/uploads\/2019\/12\/centro5-560x420.jpg 560w\" sizes=\"auto, (max-width: 1000px) 100vw, 1000px\" \/>Centro de Deten\u00e7\u00e3o Provis\u00f3ria foi inaugurado nesta segunda-feira (2) \u2014 Foto: Governo do Estado\/Divulga\u00e7\u00e3o<\/p>\n<p>Fonte: G1<\/p>\n<\/div>\n<\/div>\n<div class=\"content-ads content-ads--reveal\" data-block-type=\"ads\" data-block-id=\"17\">\n<div id=\"banner_materia__a233f233-e01c-40f1-a172-9a90f0e14d60\" class=\"tag-manager-publicidade-container mc-has-reveal mc-has-ad-lazyload tag-manager-publicidade-banner_materia__a233f233-e01c-40f1-a172-9a90f0e14d60 tag-manager-publicidade-container--carregado tag-manager-publicidade-container--visivel\" data-id=\"banner_materia__a233f233-e01c-40f1-a172-9a90f0e14d60\" data-google-query-id=\"CKvr8cqsmOYCFUJTwQodf_EKPg\" data-cid=\"null\" data-lid=\"null\">\n<div id=\"google_ads_iframe_\/95377733\/tvg_G1\/Sua_Regiao&gt;Sudeste&gt;Sao_Paulo_(Pres_Prudente)_4__container__\" style=\"box-sizing: inherit; margin: auto; padding: 0px; border: 0pt none; font: inherit; vertical-align: baseline; width: 970px; max-width: 100%; text-align: center; height: 250px;\"><iframe loading=\"lazy\" id=\"google_ads_iframe_\/95377733\/tvg_G1\/Sua_Regiao&gt;Sudeste&gt;Sao_Paulo_(Pres_Prudente)_4\" style=\"box-sizing: inherit; margin: 0px; padding: 0px; border: 0px; font: inherit; vertical-align: bottom;\" title=\"3rd party ad content\" src=\"https:\/\/tpc.googlesyndication.com\/safeframe\/1-0-36\/html\/container.html\" name=\"\" width=\"970\" height=\"250\" frameborder=\"0\" marginwidth=\"0\" marginheight=\"0\" scrolling=\"no\" sandbox=\"allow-forms allow-pointer-lock allow-popups allow-popups-to-escape-sandbox allow-same-origin allow-scripts allow-top-navigation-by-user-activation\" data-is-safeframe=\"true\" data-google-container-id=\"5\" data-load-complete=\"true\"><\/iframe><\/div>\n<\/div>\n<\/div>\n<div class=\"row medium-uncollapsed content-media content-photo\" data-block-type=\"backstage-photo\" data-block-id=\"18\">\n<div class=\"mc-column content-media__container\">\n<div class=\"progressive-img can-open-lightbox\" data-min-size=\"1008x671\" data-min-size-url=\"https:\/\/s2.glbimg.com\/0ShS7fxiffaZdzSg3gHknQWoc3c=\/0x0:1280x853\/1008x0\/smart\/filters:strip_icc()\/i.s3.glbimg.com\/v1\/AUTH_59edd422c0c84a879bd37670ae4f538a\/internal_photos\/bs\/2019\/C\/E\/Zn9DoeRqCu3guSTpXa8g\/49158579048-7d52bb7efe-o.jpg\" data-max-size=\"1600x1066\" data-max-size-url=\"https:\/\/s2.glbimg.com\/4nbROUhKOWoBhQQQpjG-_ShObyk=\/0x0:1280x853\/1600x0\/smart\/filters:strip_icc()\/i.s3.glbimg.com\/v1\/AUTH_59edd422c0c84a879bd37670ae4f538a\/internal_photos\/bs\/2019\/C\/E\/Zn9DoeRqCu3guSTpXa8g\/49158579048-7d52bb7efe-o.jpg\" data-media-index=\"4\"><\/div>\n<\/div>\n<\/div>\n<\/div>\n<\/div>\n<div data-min-size=\"1008x671\" data-min-size-url=\"https:\/\/s2.glbimg.com\/-0Wpme-ywAndqokNt-vTBVZRUJc=\/0x0:1280x853\/1008x0\/smart\/filters:strip_icc()\/i.s3.glbimg.com\/v1\/AUTH_59edd422c0c84a879bd37670ae4f538a\/internal_photos\/bs\/2019\/V\/y\/E2jyHNT2ewAp4x6z2HNg\/49159777676-ae976b2350-o.jpg\" data-max-size=\"1600x1066\" data-max-size-url=\"https:\/\/s2.glbimg.com\/0j-hGDF3FAAbpb0u8zo9AXYF24w=\/0x0:1280x853\/1600x0\/smart\/filters:strip_icc()\/i.s3.glbimg.com\/v1\/AUTH_59edd422c0c84a879bd37670ae4f538a\/internal_photos\/bs\/2019\/V\/y\/E2jyHNT2ewAp4x6z2HNg\/49159777676-ae976b2350-o.jpg\" data-media-index=\"1\"><\/div>\n<\/div>\n<\/div>\n","protected":false},"excerpt":{"rendered":"<p>Evento ocorreu nesta segunda-feira (2), no local da obra. Na oportunidade, o governador do Estado tamb\u00e9m realizou a entrega do Centro de Conviv\u00eancia do Idoso (CCI) Lydia R\u00e9 Almirates, em Santo Anast\u00e1cio. O governador do Estado de S\u00e3o Paulo, Jo\u00e3o Doria Junior (PSDB), inaugurou nesta segunda-feira (2), por volta das 16h, o segundo Centro de [&hellip;]<\/p>\n","protected":false},"author":1,"featured_media":12917,"comment_status":"closed","ping_status":"open","sticky":false,"template":"","format":"standard","meta":{"footnotes":""},"categories":[110,116],"tags":[],"class_list":["post-12908","post","type-post","status-publish","format-standard","has-post-thumbnail","hentry","category-noticiasdestaque","category-politicaeeconomia"],"_links":{"self":[{"href":"https:\/\/jorgezanoni.com.br\/2019\/wp-json\/wp\/v2\/posts\/12908","targetHints":{"allow":["GET"]}}],"collection":[{"href":"https:\/\/jorgezanoni.com.br\/2019\/wp-json\/wp\/v2\/posts"}],"about":[{"href":"https:\/\/jorgezanoni.com.br\/2019\/wp-json\/wp\/v2\/types\/post"}],"author":[{"embeddable":true,"href":"https:\/\/jorgezanoni.com.br\/2019\/wp-json\/wp\/v2\/users\/1"}],"replies":[{"embeddable":true,"href":"https:\/\/jorgezanoni.com.br\/2019\/wp-json\/wp\/v2\/comments?post=12908"}],"version-history":[{"count":0,"href":"https:\/\/jorgezanoni.com.br\/2019\/wp-json\/wp\/v2\/posts\/12908\/revisions"}],"wp:featuredmedia":[{"embeddable":true,"href":"https:\/\/jorgezanoni.com.br\/2019\/wp-json\/wp\/v2\/media\/12917"}],"wp:attachment":[{"href":"https:\/\/jorgezanoni.com.br\/2019\/wp-json\/wp\/v2\/media?parent=12908"}],"wp:term":[{"taxonomy":"category","embeddable":true,"href":"https:\/\/jorgezanoni.com.br\/2019\/wp-json\/wp\/v2\/categories?post=12908"},{"taxonomy":"post_tag","embeddable":true,"href":"https:\/\/jorgezanoni.com.br\/2019\/wp-json\/wp\/v2\/tags?post=12908"}],"curies":[{"name":"wp","href":"https:\/\/api.w.org\/{rel}","templated":true}]}}