{"id":12904,"date":"2019-12-03T01:28:18","date_gmt":"2019-12-03T01:28:18","guid":{"rendered":"https:\/\/jorgezanoni.com.br\/2019\/?p=12904"},"modified":"2019-12-03T01:28:18","modified_gmt":"2019-12-03T01:28:18","slug":"policia-de-ms-apura-afogamento-de-trigemeos-no-rio-parana-2-morrem-e-adolescente-segue-desaparecida","status":"publish","type":"post","link":"https:\/\/jorgezanoni.com.br\/2019\/policia-de-ms-apura-afogamento-de-trigemeos-no-rio-parana-2-morrem-e-adolescente-segue-desaparecida\/","title":{"rendered":"Pol\u00edcia de MS apura afogamento de trig\u00eameos no Rio Paran\u00e1; 2 morrem e adolescente segue desaparecida"},"content":{"rendered":"<h2 class=\"content-head__subtitle\" style=\"text-align: justify;\"><strong>Homem de 47 anos que levou as v\u00edtimas ao local tamb\u00e9m morreu. O filho dele, de 13 anos, segundo a pol\u00edcia, conseguiu se desvencilhar da correnteza e sobreviveu.<\/strong><\/h2>\n<div class=\"mc-column content-text active-extra-styles \" data-block-type=\"unstyled\" data-block-weight=\"45\" data-block-id=\"2\">\n<p class=\"content-text__container \" style=\"text-align: justify;\" data-track-category=\"Link no Texto\" data-track-links=\"\">A Pol\u00edcia Civil de Mundo Novo, a 458 km de Campo Grande, instaura inqu\u00e9rito nesta segunda-feira (2) para apurar a morte de dois adolescentes e um senhor de 47 anos, que tomava banho no Rio Paran\u00e1, nesse fim de semana, quando houve o afogamento.<\/p>\n<\/div>\n<div class=\"wall protected-content\">\n<div class=\"mc-column content-text active-extra-styles \" style=\"text-align: justify;\" data-block-type=\"unstyled\" data-block-weight=\"65\" data-block-id=\"3\">\n<p class=\"content-text__container \" data-track-category=\"Link no Texto\" data-track-links=\"\">Ao\u00a0<strong>G1<\/strong>\u00a0a delegada Allana Zarelli, respons\u00e1vel pelas investiga\u00e7\u00f5es, fala que o caso est\u00e1 sendo tratado como uma trag\u00e9dia e ela aguarda um per\u00edodo para intimar familiares para depoimento. &#8220;Estou me inteirando de todas as informa\u00e7\u00f5es neste momento e as pela menina ainda continuam.\u00a0<a href=\"https:\/\/g1.globo.com\/pr\/norte-noroeste\/noticia\/2019\/12\/02\/corpos-vitimas-que-morreram-afogadas-no-rio-parana-sao-velados.ghtml\">Os corpos j\u00e1 foram encaminhados para o Paran\u00e1, de onde eles s\u00e3o, e est\u00e1 ocorrendo o sepultamento por agora<\/a>&#8220;, explicou.<\/p>\n<\/div>\n<div class=\"mc-column content-text active-extra-styles \" style=\"text-align: justify;\" data-block-type=\"unstyled\" data-block-weight=\"67\" data-block-id=\"5\">\n<p class=\"content-text__container \" data-track-category=\"Link no Texto\" data-track-links=\"\">Ainda conforme a delegada, o senhor que levava os irm\u00e3os e o filho dele tamb\u00e9m faleceu. &#8220;Ele era um amigo da fam\u00edlia e estava levando os irm\u00e3os e o pr\u00f3prio filho para um passeio. O senhor era de Gua\u00edra e os irm\u00e3os de Alto Piquiri, ele conhecia a regi\u00e3o. No entanto, essas prainhas que estavam frequentando s\u00e3o inst\u00e1veis e desaparecem conforme o movimento do rio&#8221;, comentou.<\/p>\n<\/div>\n<div class=\"mc-column content-text active-extra-styles\" style=\"text-align: justify;\" data-block-type=\"raw\" data-block-weight=\"3\" data-block-id=\"6\">\n<div class=\"content-intertitle\">\n<h2>Entenda o caso<\/h2>\n<\/div>\n<\/div>\n<div class=\"mc-column content-text active-extra-styles \" style=\"text-align: justify;\" data-block-type=\"unstyled\" data-block-weight=\"49\" data-block-id=\"7\">\n<p class=\"content-text__container \" data-track-category=\"Link no Texto\" data-track-links=\"\">O inqu\u00e9rito \u00e9 de morte a esclarecer. Os afogamentos, segundo a pol\u00edcia, ocorreram em um local conhecido como &#8220;Prainha do Sol&#8221;, que fica a cerca de 15 km de Mundo Novo, regi\u00e3o sul do estado. Por n\u00e3o se tratar de um balne\u00e1rio, o local n\u00e3o tem salva vidas.<\/p>\n<\/div>\n<div class=\"mc-column content-text active-extra-styles \" data-block-type=\"unstyled\" data-block-weight=\"22\" data-block-id=\"8\">\n<p class=\"content-text__container \" style=\"text-align: justify;\" data-track-category=\"Link no Texto\" data-track-links=\"\">As buscas ocorreram durante o final de semana e foram retomadas pelo Corpo de Bombeiros por volta das 6h (de MS).<\/p>\n<p data-track-category=\"Link no Texto\" data-track-links=\"\"><img loading=\"lazy\" decoding=\"async\" class=\"alignnone size-full wp-image-12905\" src=\"https:\/\/jorgezanoni.com.br\/2019\/wp-content\/uploads\/2019\/12\/velorio-gemeos.jpg\" alt=\"\" width=\"1000\" height=\"750\" srcset=\"https:\/\/jorgezanoni.com.br\/2019\/wp-content\/uploads\/2019\/12\/velorio-gemeos.jpg 1000w, https:\/\/jorgezanoni.com.br\/2019\/wp-content\/uploads\/2019\/12\/velorio-gemeos-300x225.jpg 300w, https:\/\/jorgezanoni.com.br\/2019\/wp-content\/uploads\/2019\/12\/velorio-gemeos-768x576.jpg 768w, https:\/\/jorgezanoni.com.br\/2019\/wp-content\/uploads\/2019\/12\/velorio-gemeos-80x60.jpg 80w, https:\/\/jorgezanoni.com.br\/2019\/wp-content\/uploads\/2019\/12\/velorio-gemeos-265x198.jpg 265w, https:\/\/jorgezanoni.com.br\/2019\/wp-content\/uploads\/2019\/12\/velorio-gemeos-696x522.jpg 696w, https:\/\/jorgezanoni.com.br\/2019\/wp-content\/uploads\/2019\/12\/velorio-gemeos-560x420.jpg 560w\" sizes=\"auto, (max-width: 1000px) 100vw, 1000px\" \/>Corpos de dois adolescentes foi realizado em Alto Piquiri \u2014 Foto: Diego Canci\/RPC<\/p>\n<p data-track-category=\"Link no Texto\" data-track-links=\"\">Fonte: G1<\/p>\n<\/div>\n<\/div>\n","protected":false},"excerpt":{"rendered":"<p>Homem de 47 anos que levou as v\u00edtimas ao local tamb\u00e9m morreu. O filho dele, de 13 anos, segundo a pol\u00edcia, conseguiu se desvencilhar da correnteza e sobreviveu. A Pol\u00edcia Civil de Mundo Novo, a 458 km de Campo Grande, instaura inqu\u00e9rito nesta segunda-feira (2) para apurar a morte de dois adolescentes e um senhor [&hellip;]<\/p>\n","protected":false},"author":1,"featured_media":12906,"comment_status":"closed","ping_status":"open","sticky":false,"template":"","format":"standard","meta":{"footnotes":""},"categories":[110,2],"tags":[],"class_list":["post-12904","post","type-post","status-publish","format-standard","has-post-thumbnail","hentry","category-noticiasdestaque","category-policial"],"_links":{"self":[{"href":"https:\/\/jorgezanoni.com.br\/2019\/wp-json\/wp\/v2\/posts\/12904","targetHints":{"allow":["GET"]}}],"collection":[{"href":"https:\/\/jorgezanoni.com.br\/2019\/wp-json\/wp\/v2\/posts"}],"about":[{"href":"https:\/\/jorgezanoni.com.br\/2019\/wp-json\/wp\/v2\/types\/post"}],"author":[{"embeddable":true,"href":"https:\/\/jorgezanoni.com.br\/2019\/wp-json\/wp\/v2\/users\/1"}],"replies":[{"embeddable":true,"href":"https:\/\/jorgezanoni.com.br\/2019\/wp-json\/wp\/v2\/comments?post=12904"}],"version-history":[{"count":0,"href":"https:\/\/jorgezanoni.com.br\/2019\/wp-json\/wp\/v2\/posts\/12904\/revisions"}],"wp:featuredmedia":[{"embeddable":true,"href":"https:\/\/jorgezanoni.com.br\/2019\/wp-json\/wp\/v2\/media\/12906"}],"wp:attachment":[{"href":"https:\/\/jorgezanoni.com.br\/2019\/wp-json\/wp\/v2\/media?parent=12904"}],"wp:term":[{"taxonomy":"category","embeddable":true,"href":"https:\/\/jorgezanoni.com.br\/2019\/wp-json\/wp\/v2\/categories?post=12904"},{"taxonomy":"post_tag","embeddable":true,"href":"https:\/\/jorgezanoni.com.br\/2019\/wp-json\/wp\/v2\/tags?post=12904"}],"curies":[{"name":"wp","href":"https:\/\/api.w.org\/{rel}","templated":true}]}}