{"id":12893,"date":"2019-12-02T16:21:56","date_gmt":"2019-12-02T16:21:56","guid":{"rendered":"https:\/\/jorgezanoni.com.br\/2019\/?p=12893"},"modified":"2019-12-02T16:21:56","modified_gmt":"2019-12-02T16:21:56","slug":"policia-militar-envia-nota-para-a-imprensa-sobre-video-divulgado-envolvendo-uma-equipe-em-junqueiropolis","status":"publish","type":"post","link":"https:\/\/jorgezanoni.com.br\/2019\/policia-militar-envia-nota-para-a-imprensa-sobre-video-divulgado-envolvendo-uma-equipe-em-junqueiropolis\/","title":{"rendered":"Pol\u00edcia Militar envia nota para a imprensa sobre v\u00eddeo divulgado envolvendo uma equipe em Junqueir\u00f3polis"},"content":{"rendered":"<p style=\"text-align: justify;\">NOTA PARA IMPRENSA<\/p>\n<p style=\"text-align: justify;\">Na tarde de ontem (01), chegou ao conhecimento da Pol\u00edcia Militar um v\u00eddeo divulgado por meio de redes sociais, envolvendo uma equipe policial militar, um cidad\u00e3o e um cachorro em uma pra\u00e7a na cidade de Junqueir\u00f3polis.<\/p>\n<p style=\"text-align: justify;\">Inicialmente os policiais militares foram acionados para atender ocorr\u00eancia de animal agressivo na pra\u00e7a, fato este recorrente na cidade, inclusive com encaminhamento a outros \u00f3rg\u00e3os competentes.<\/p>\n<p style=\"text-align: justify;\">O 25\u00ba Batalh\u00e3o de Pol\u00edcia Militar do Interior lamenta o epis\u00f3dio, pois, ap\u00f3s an\u00e1lise das imagens, verificou-se que houve uma a\u00e7\u00e3o inadequada do policial militar, o qual n\u00e3o reflete o preconizado em treinamentos e na doutrina de defesa do cidad\u00e3o.<\/p>\n<p style=\"text-align: justify;\">Cabe ressaltar que a Pol\u00edcia Militar n\u00e3o compactua com nenhum tipo de irregularidade praticada pelos seus integrantes, sendo implac\u00e1vel com os desvios de conduta.<\/p>\n<p style=\"text-align: justify;\">Foi instaurado Inqu\u00e9rito Policial Militar para a apura\u00e7\u00e3o rigorosa dos fatos.<\/p>\n<p style=\"text-align: justify;\">Fonte: Com. Social da Pol\u00edcia Militar<\/p>\n<p style=\"text-align: justify;\">\n<p>&nbsp;<\/p>\n<p>&nbsp;<\/p>\n<p><strong>\u00a0<\/strong><\/p>\n<p><strong>\u00a0<\/strong><\/p>\n<p><strong>\u00a0<\/strong><\/p>\n<p><strong>\u00a0<\/strong><\/p>\n<p><strong>\u00a0<\/strong><\/p>\n<p><strong>\u00a0<\/strong><\/p>\n<p><strong>\u00a0<\/strong><\/p>\n<p>&nbsp;<\/p>\n<p><strong>Se\u00e7\u00e3o de Comunica\u00e7\u00e3o Social da Pol\u00edcia Militar<\/strong><\/p>\n<p><strong>Rua Messias Ferreira da Palma, 163 &#8211; Tel: (018) 3821-3313<\/strong><\/p>\n<p><a href=\"http:\/\/www.25bpmip5@policiamilitar.sp.gov.br\"><strong>www.25bpmip5@policiamilitar.sp.gov.br<\/strong><\/a><\/p>\n","protected":false},"excerpt":{"rendered":"<p>NOTA PARA IMPRENSA Na tarde de ontem (01), chegou ao conhecimento da Pol\u00edcia Militar um v\u00eddeo divulgado por meio de redes sociais, envolvendo uma equipe policial militar, um cidad\u00e3o e um cachorro em uma pra\u00e7a na cidade de Junqueir\u00f3polis. Inicialmente os policiais militares foram acionados para atender ocorr\u00eancia de animal agressivo na pra\u00e7a, fato este [&hellip;]<\/p>\n","protected":false},"author":1,"featured_media":12894,"comment_status":"closed","ping_status":"open","sticky":false,"template":"","format":"standard","meta":{"footnotes":""},"categories":[110,2],"tags":[],"class_list":["post-12893","post","type-post","status-publish","format-standard","has-post-thumbnail","hentry","category-noticiasdestaque","category-policial"],"_links":{"self":[{"href":"https:\/\/jorgezanoni.com.br\/2019\/wp-json\/wp\/v2\/posts\/12893","targetHints":{"allow":["GET"]}}],"collection":[{"href":"https:\/\/jorgezanoni.com.br\/2019\/wp-json\/wp\/v2\/posts"}],"about":[{"href":"https:\/\/jorgezanoni.com.br\/2019\/wp-json\/wp\/v2\/types\/post"}],"author":[{"embeddable":true,"href":"https:\/\/jorgezanoni.com.br\/2019\/wp-json\/wp\/v2\/users\/1"}],"replies":[{"embeddable":true,"href":"https:\/\/jorgezanoni.com.br\/2019\/wp-json\/wp\/v2\/comments?post=12893"}],"version-history":[{"count":0,"href":"https:\/\/jorgezanoni.com.br\/2019\/wp-json\/wp\/v2\/posts\/12893\/revisions"}],"wp:featuredmedia":[{"embeddable":true,"href":"https:\/\/jorgezanoni.com.br\/2019\/wp-json\/wp\/v2\/media\/12894"}],"wp:attachment":[{"href":"https:\/\/jorgezanoni.com.br\/2019\/wp-json\/wp\/v2\/media?parent=12893"}],"wp:term":[{"taxonomy":"category","embeddable":true,"href":"https:\/\/jorgezanoni.com.br\/2019\/wp-json\/wp\/v2\/categories?post=12893"},{"taxonomy":"post_tag","embeddable":true,"href":"https:\/\/jorgezanoni.com.br\/2019\/wp-json\/wp\/v2\/tags?post=12893"}],"curies":[{"name":"wp","href":"https:\/\/api.w.org\/{rel}","templated":true}]}}