{"id":12879,"date":"2019-12-02T15:43:18","date_gmt":"2019-12-02T15:43:18","guid":{"rendered":"https:\/\/jorgezanoni.com.br\/2019\/?p=12879"},"modified":"2019-12-02T15:43:18","modified_gmt":"2019-12-02T15:43:18","slug":"delegados-da-policia-civil-e-diretora-da-penitenciaria-feminina-de-tupi-paulista-falam-do-trabalho-de-reeducandas-na-cadeia-publica-de-dracena","status":"publish","type":"post","link":"https:\/\/jorgezanoni.com.br\/2019\/delegados-da-policia-civil-e-diretora-da-penitenciaria-feminina-de-tupi-paulista-falam-do-trabalho-de-reeducandas-na-cadeia-publica-de-dracena\/","title":{"rendered":"Delegados da Pol\u00edcia Civil e Diretora da Penitenci\u00e1ria Feminina de Tupi Paulista, falam do trabalho de reeducandas na Cadeia P\u00fablica de Dracena"},"content":{"rendered":"<p style=\"text-align: justify;\">O Delegado Seccional Dr. Nilton Santos Paschoal, Delegado da Pol\u00edcia Civil que est\u00e1 respondendo pelo 2\u00ba DP (Distr\u00edto Policial) Dr. Alexandre Luengo e a Diretora da Penitenci\u00e1ria Feminina de Tupi Paulista Dra. Adriana Alkmin Pereira Domingues, falaram com exclusividade ao Site JZ, sobre o trabalho desenvolvido por reenducandas referente a Pintura no Pr\u00e9dio que abriga o 1\u00ba e 2\u00ba DP e a Cadeia P\u00fablica de Dracena. Veja o V\u00eddeo<\/p>\n<div id=\"fb-root\"><\/div>\n<p><script async=\"1\" defer=\"1\" crossorigin=\"anonymous\" src=\"https:\/\/connect.facebook.net\/en_US\/sdk.js#xfbml=1&amp;version=v5.0\"><\/script><\/p>\n<div class=\"fb-video\" data-href=\"https:\/\/www.facebook.com\/jorgezanonidracena\/videos\/565905340840185\/\" data-width=\"696\">\n<blockquote cite=\"https:\/\/www.facebook.com\/jorgezanonidracena\/videos\/565905340840185\/\" class=\"fb-xfbml-parse-ignore\"><p><a href=\"https:\/\/www.facebook.com\/jorgezanonidracena\/videos\/565905340840185\/\">Delegados da Pol\u00edcia Civil e Diretora da Penitenci\u00e1ria Feminina de Tupi Paulista, falam do trabalho de reeducandas na Cadeia P\u00fablica de Dracena<\/a><\/p>\n<p>Delegados da Pol\u00edcia Civil e Diretora da Penitenci\u00e1ria Feminina de Tupi Paulista, falam do trabalho de reeducandas na Cadeia P\u00fablica de Dracena<\/p>\n<p>Posted by <a href=\"https:\/\/www.facebook.com\/jorgezanonidracena\/\">Jorge Zanoni<\/a> on Monday, December 2, 2019<\/p><\/blockquote>\n<\/div>\n<p>&nbsp;<\/p>\n","protected":false},"excerpt":{"rendered":"<p>O Delegado Seccional Dr. Nilton Santos Paschoal, Delegado da Pol\u00edcia Civil que est\u00e1 respondendo pelo 2\u00ba DP (Distr\u00edto Policial) Dr. Alexandre Luengo e a Diretora da Penitenci\u00e1ria Feminina de Tupi Paulista Dra. Adriana Alkmin Pereira Domingues, falaram com exclusividade ao Site JZ, sobre o trabalho desenvolvido por reenducandas referente a Pintura no Pr\u00e9dio que abriga [&hellip;]<\/p>\n","protected":false},"author":1,"featured_media":12880,"comment_status":"closed","ping_status":"open","sticky":false,"template":"","format":"video","meta":{"footnotes":""},"categories":[169],"tags":[],"class_list":["post-12879","post","type-post","status-publish","format-video","has-post-thumbnail","hentry","category-videos","post_format-post-format-video"],"_links":{"self":[{"href":"https:\/\/jorgezanoni.com.br\/2019\/wp-json\/wp\/v2\/posts\/12879","targetHints":{"allow":["GET"]}}],"collection":[{"href":"https:\/\/jorgezanoni.com.br\/2019\/wp-json\/wp\/v2\/posts"}],"about":[{"href":"https:\/\/jorgezanoni.com.br\/2019\/wp-json\/wp\/v2\/types\/post"}],"author":[{"embeddable":true,"href":"https:\/\/jorgezanoni.com.br\/2019\/wp-json\/wp\/v2\/users\/1"}],"replies":[{"embeddable":true,"href":"https:\/\/jorgezanoni.com.br\/2019\/wp-json\/wp\/v2\/comments?post=12879"}],"version-history":[{"count":0,"href":"https:\/\/jorgezanoni.com.br\/2019\/wp-json\/wp\/v2\/posts\/12879\/revisions"}],"wp:featuredmedia":[{"embeddable":true,"href":"https:\/\/jorgezanoni.com.br\/2019\/wp-json\/wp\/v2\/media\/12880"}],"wp:attachment":[{"href":"https:\/\/jorgezanoni.com.br\/2019\/wp-json\/wp\/v2\/media?parent=12879"}],"wp:term":[{"taxonomy":"category","embeddable":true,"href":"https:\/\/jorgezanoni.com.br\/2019\/wp-json\/wp\/v2\/categories?post=12879"},{"taxonomy":"post_tag","embeddable":true,"href":"https:\/\/jorgezanoni.com.br\/2019\/wp-json\/wp\/v2\/tags?post=12879"}],"curies":[{"name":"wp","href":"https:\/\/api.w.org\/{rel}","templated":true}]}}