{"id":12835,"date":"2019-12-01T21:51:39","date_gmt":"2019-12-01T21:51:39","guid":{"rendered":"https:\/\/jorgezanoni.com.br\/2019\/?p=12835"},"modified":"2019-12-01T21:51:39","modified_gmt":"2019-12-01T21:51:39","slug":"mano-menezes-nao-e-mais-tecnico-do-palmeiras","status":"publish","type":"post","link":"https:\/\/jorgezanoni.com.br\/2019\/mano-menezes-nao-e-mais-tecnico-do-palmeiras\/","title":{"rendered":"Mano Menezes n\u00e3o \u00e9 mais t\u00e9cnico do Palmeiras"},"content":{"rendered":"<p style=\"text-align: justify;\">A derrota para o Flamengo pelo placar de 3 a 1 culminou na demiss\u00e3o do t\u00e9cnico Mano Menezes. O Palmeiras deve decidir at\u00e9 o final do m\u00eas quem ser\u00e1 o novo treinador.<\/p>\n<p style=\"text-align: justify;\">O rev\u00e9s em casa explodiu a press\u00e3o interna. Maur\u00edcio Galiotte recebeu diversas liga\u00e7\u00f5es e foi abordado por conselheiros e associados, que pediram a demiss\u00e3o imediata do ex-treinador do Cruzeiro. Na vis\u00e3o de muitos, Mano perdeu a m\u00e3o do elenco e n\u00e3o conseguiu se adaptar.<\/p>\n<h2 style=\"text-align: justify;\">N\u00fameros de Mano no Palmeiras<\/h2>\n<p style=\"text-align: justify;\">Foram 20 jogos no comando do time palestrino. 11 vit\u00f3rias, cinco empates e cinco derrotas.<\/p>\n<h2 style=\"text-align: justify;\">Protestos desde sua chegada<\/h2>\n<p style=\"text-align: justify;\">Assim que Felip\u00e3o foi demitido, curiosamente ap\u00f3s derrota para o Flamengo no Maracan\u00e3, Mano Menezes assumiu em meio a protestos. No dia de sua apresenta\u00e7\u00e3o, membros de uma torcida organizada protestavam na porta da Academia de Futebol. Mesmo sem comandar o time em jogos oficiais, foi pressionado.<\/p>\n<p style=\"text-align: justify;\">Alexandre Mattos, executivo de futebol, n\u00e3o est\u00e1 garantido para a pr\u00f3xima temporada. O resultado do trabalho em 2019 \u00e9 considerado muito ruim e novas conversas devem acontecer assim que o Brasileiro terminar.<\/p>\n<p style=\"text-align: justify;\">Fonte: https:\/\/palmeirasonline.com\/<\/p>\n","protected":false},"excerpt":{"rendered":"<p>A derrota para o Flamengo pelo placar de 3 a 1 culminou na demiss\u00e3o do t\u00e9cnico Mano Menezes. O Palmeiras deve decidir at\u00e9 o final do m\u00eas quem ser\u00e1 o novo treinador. O rev\u00e9s em casa explodiu a press\u00e3o interna. Maur\u00edcio Galiotte recebeu diversas liga\u00e7\u00f5es e foi abordado por conselheiros e associados, que pediram a [&hellip;]<\/p>\n","protected":false},"author":1,"featured_media":12836,"comment_status":"closed","ping_status":"open","sticky":false,"template":"","format":"standard","meta":{"footnotes":""},"categories":[111,110],"tags":[],"class_list":["post-12835","post","type-post","status-publish","format-standard","has-post-thumbnail","hentry","category-esporteecultura","category-noticiasdestaque"],"_links":{"self":[{"href":"https:\/\/jorgezanoni.com.br\/2019\/wp-json\/wp\/v2\/posts\/12835","targetHints":{"allow":["GET"]}}],"collection":[{"href":"https:\/\/jorgezanoni.com.br\/2019\/wp-json\/wp\/v2\/posts"}],"about":[{"href":"https:\/\/jorgezanoni.com.br\/2019\/wp-json\/wp\/v2\/types\/post"}],"author":[{"embeddable":true,"href":"https:\/\/jorgezanoni.com.br\/2019\/wp-json\/wp\/v2\/users\/1"}],"replies":[{"embeddable":true,"href":"https:\/\/jorgezanoni.com.br\/2019\/wp-json\/wp\/v2\/comments?post=12835"}],"version-history":[{"count":0,"href":"https:\/\/jorgezanoni.com.br\/2019\/wp-json\/wp\/v2\/posts\/12835\/revisions"}],"wp:featuredmedia":[{"embeddable":true,"href":"https:\/\/jorgezanoni.com.br\/2019\/wp-json\/wp\/v2\/media\/12836"}],"wp:attachment":[{"href":"https:\/\/jorgezanoni.com.br\/2019\/wp-json\/wp\/v2\/media?parent=12835"}],"wp:term":[{"taxonomy":"category","embeddable":true,"href":"https:\/\/jorgezanoni.com.br\/2019\/wp-json\/wp\/v2\/categories?post=12835"},{"taxonomy":"post_tag","embeddable":true,"href":"https:\/\/jorgezanoni.com.br\/2019\/wp-json\/wp\/v2\/tags?post=12835"}],"curies":[{"name":"wp","href":"https:\/\/api.w.org\/{rel}","templated":true}]}}