{"id":12825,"date":"2019-12-01T16:03:39","date_gmt":"2019-12-01T16:03:39","guid":{"rendered":"https:\/\/jorgezanoni.com.br\/2019\/?p=12825"},"modified":"2019-12-01T16:03:39","modified_gmt":"2019-12-01T16:03:39","slug":"gol-faz-voo-inaugural-entre-a-capital-e-aracatuba-nesta-segunda-feira","status":"publish","type":"post","link":"https:\/\/jorgezanoni.com.br\/2019\/gol-faz-voo-inaugural-entre-a-capital-e-aracatuba-nesta-segunda-feira\/","title":{"rendered":"Gol faz voo inaugural entre a capital e Ara\u00e7atuba nesta segunda-feira"},"content":{"rendered":"<p style=\"text-align: justify;\">Com um voo que parte do Aeroporto Internacional de Guarulhos \u00e0s 21h45, a empresa a\u00e9rea Gol inaugura liga\u00e7\u00e3o da capital com Ara\u00e7atuba nesta segunda-feira (2), data que se comemora o anivers\u00e1rio do munic\u00edpio (111 anos). A aeronave ser\u00e1 um Boeing 737-700.<\/p>\n<div class=\"jeg_ad jeg_ad_article jnews_content_inline_2_ads \" style=\"text-align: justify;\">\n<div class=\"ads-wrapper align-left \"><\/div>\n<\/div>\n<p style=\"text-align: justify;\">O voo direto tem previs\u00e3o de dura\u00e7\u00e3o de 1 hora e 20 minutos, com chegada em Ara\u00e7atuba \u00e0s 23h05.<\/p>\n<p style=\"text-align: justify;\">Na ter\u00e7a-feira (3), a empresa organiza evento de inaugura\u00e7\u00e3o do voo no Aeroporto Dario Guarita \u00e0s 6h. \u00c0s 7h, haver\u00e1 a decolagem do primeiro voo direto da Gol com passageiros de Ara\u00e7atuba rumo a S\u00e3o Paulo (Guarulhos), com dura\u00e7\u00e3o de 1 hora e 10 minutos.<\/p>\n<p style=\"text-align: justify;\">Agora, Ara\u00e7atuba passa a contar com os servi\u00e7os de tr\u00eas companhias a\u00e9reas. As outras s\u00e3o a Azul\/Trip, que opera desde 2014, e a Passaredo, que passou a operar em 2019.<\/p>\n<p style=\"text-align: justify;\">Fonte: Folha da Regi\u00e3o<\/p>\n","protected":false},"excerpt":{"rendered":"<p>Com um voo que parte do Aeroporto Internacional de Guarulhos \u00e0s 21h45, a empresa a\u00e9rea Gol inaugura liga\u00e7\u00e3o da capital com Ara\u00e7atuba nesta segunda-feira (2), data que se comemora o anivers\u00e1rio do munic\u00edpio (111 anos). A aeronave ser\u00e1 um Boeing 737-700. O voo direto tem previs\u00e3o de dura\u00e7\u00e3o de 1 hora e 20 minutos, com [&hellip;]<\/p>\n","protected":false},"author":1,"featured_media":12826,"comment_status":"closed","ping_status":"open","sticky":false,"template":"","format":"standard","meta":{"footnotes":""},"categories":[180,110],"tags":[],"class_list":["post-12825","post","type-post","status-publish","format-standard","has-post-thumbnail","hentry","category-estradastransitoveiculos","category-noticiasdestaque"],"_links":{"self":[{"href":"https:\/\/jorgezanoni.com.br\/2019\/wp-json\/wp\/v2\/posts\/12825","targetHints":{"allow":["GET"]}}],"collection":[{"href":"https:\/\/jorgezanoni.com.br\/2019\/wp-json\/wp\/v2\/posts"}],"about":[{"href":"https:\/\/jorgezanoni.com.br\/2019\/wp-json\/wp\/v2\/types\/post"}],"author":[{"embeddable":true,"href":"https:\/\/jorgezanoni.com.br\/2019\/wp-json\/wp\/v2\/users\/1"}],"replies":[{"embeddable":true,"href":"https:\/\/jorgezanoni.com.br\/2019\/wp-json\/wp\/v2\/comments?post=12825"}],"version-history":[{"count":0,"href":"https:\/\/jorgezanoni.com.br\/2019\/wp-json\/wp\/v2\/posts\/12825\/revisions"}],"wp:featuredmedia":[{"embeddable":true,"href":"https:\/\/jorgezanoni.com.br\/2019\/wp-json\/wp\/v2\/media\/12826"}],"wp:attachment":[{"href":"https:\/\/jorgezanoni.com.br\/2019\/wp-json\/wp\/v2\/media?parent=12825"}],"wp:term":[{"taxonomy":"category","embeddable":true,"href":"https:\/\/jorgezanoni.com.br\/2019\/wp-json\/wp\/v2\/categories?post=12825"},{"taxonomy":"post_tag","embeddable":true,"href":"https:\/\/jorgezanoni.com.br\/2019\/wp-json\/wp\/v2\/tags?post=12825"}],"curies":[{"name":"wp","href":"https:\/\/api.w.org\/{rel}","templated":true}]}}