{"id":12816,"date":"2019-12-01T14:49:26","date_gmt":"2019-12-01T14:49:26","guid":{"rendered":"https:\/\/jorgezanoni.com.br\/2019\/?p=12816"},"modified":"2019-12-01T14:49:26","modified_gmt":"2019-12-01T14:49:26","slug":"mae-e-filha-em-bicicleta-sao-atropeladas-por-aviao-na-pista-de-aeroporto-de-guararapes","status":"publish","type":"post","link":"https:\/\/jorgezanoni.com.br\/2019\/mae-e-filha-em-bicicleta-sao-atropeladas-por-aviao-na-pista-de-aeroporto-de-guararapes\/","title":{"rendered":"M\u00e3e e filha em bicicleta s\u00e3o atropeladas por avi\u00e3o na pista de aeroporto de Guararapes"},"content":{"rendered":"<h2 class=\"content-head__subtitle\" style=\"text-align: justify;\"><strong>Segundo a pol\u00edcia, mulher passava pelo local para cortar caminho quando ela e a filha foram atingidas por avi\u00e3o agr\u00edcola que pousava na pista. M\u00e3e teve traumatismo craniano; crian\u00e7a de 4 anos teve apenas escoria\u00e7\u00f5es.<\/strong><\/h2>\n<div class=\"mc-column content-text active-extra-styles \" data-block-type=\"unstyled\" data-block-weight=\"25\" data-block-id=\"2\">\n<p class=\"content-text__container \" style=\"text-align: justify;\" data-track-category=\"Link no Texto\" data-track-links=\"\">Uma mulher e a filha de 4 anos em uma bicicleta foram atropeladas por um avi\u00e3o agr\u00edcola na noite de sexta-feira (29), em Guararapes (SP).<\/p>\n<\/div>\n<div class=\"wall protected-content\">\n<div class=\"mc-column content-text active-extra-styles \" style=\"text-align: justify;\" data-block-type=\"unstyled\" data-block-weight=\"48\" data-block-id=\"3\">\n<p class=\"content-text__container \" data-track-category=\"Link no Texto\" data-track-links=\"\">Segundo a Pol\u00edcia Militar, a mulher, de 30 anos, estava de bicicleta com a crian\u00e7a na garupa cruzando a pista de pouso e decolagem do aeroporto municipal da cidade quando foram atingidas pela aeronave. O aeroporto foi concedido \u00e0 iniciativa privada e \u00e9 gerido pelo aeroclube da cidade.<\/p>\n<\/div>\n<div class=\"row medium-uncollapsed content-media content-photo\" data-block-type=\"backstage-photo\" data-block-id=\"4\">\n<div class=\"mc-column content-media__container\">\n<div class=\"progressive-img can-open-lightbox\" data-min-size=\"1008x733\" data-min-size-url=\"https:\/\/s2.glbimg.com\/ZUIMfjUpFFnsZHFH0N-rI-MC2WY=\/0x0:640x466\/1008x0\/smart\/filters:strip_icc()\/i.s3.glbimg.com\/v1\/AUTH_59edd422c0c84a879bd37670ae4f538a\/internal_photos\/bs\/2019\/4\/a\/5gAdc2SpCReK2NasIISQ\/whatsapp-image-2019-11-30-at-10.jpg\" data-max-size=\"1600x1165\" data-max-size-url=\"https:\/\/s2.glbimg.com\/KanO3ieGdwAWct4sh7ayCZJ6uoo=\/0x0:640x466\/1600x0\/smart\/filters:strip_icc()\/i.s3.glbimg.com\/v1\/AUTH_59edd422c0c84a879bd37670ae4f538a\/internal_photos\/bs\/2019\/4\/a\/5gAdc2SpCReK2NasIISQ\/whatsapp-image-2019-11-30-at-10.jpg\" data-media-index=\"0\">\n<div class=\"mc-column content-text active-extra-styles \" style=\"text-align: justify;\" data-block-type=\"unstyled\" data-block-weight=\"25\" data-block-id=\"6\">\n<p class=\"content-text__container \" data-track-category=\"Link no Texto\" data-track-links=\"\">Ainda conforme a PM, o piloto do avi\u00e3o agr\u00edcola contou que estava pousando quando viu as v\u00edtimas de bicicleta e tentou desviar, mas n\u00e3o conseguiu.<\/p>\n<\/div>\n<div class=\"mc-column content-text active-extra-styles \" data-block-type=\"unstyled\" data-block-weight=\"32\" data-block-id=\"7\">\n<p class=\"content-text__container \" style=\"text-align: justify;\" data-track-category=\"Link no Texto\" data-track-links=\"\">M\u00e3e e filha foram socorridas e levadas ao pronto-socorro da cidade. A crian\u00e7a teve apenas escoria\u00e7\u00f5es. J\u00e1 a m\u00e3e foi transferida para a Santa Casa de Ara\u00e7atuba com um corte na cabe\u00e7a.<\/p>\n<p data-track-category=\"Link no Texto\" data-track-links=\"\"><img loading=\"lazy\" decoding=\"async\" class=\"alignnone size-full wp-image-12817\" src=\"https:\/\/jorgezanoni.com.br\/2019\/wp-content\/uploads\/2019\/12\/avi\u00e3o1.jpeg\" alt=\"\" width=\"1200\" height=\"675\" srcset=\"https:\/\/jorgezanoni.com.br\/2019\/wp-content\/uploads\/2019\/12\/avi\u00e3o1.jpeg 1200w, https:\/\/jorgezanoni.com.br\/2019\/wp-content\/uploads\/2019\/12\/avi\u00e3o1-300x169.jpeg 300w, https:\/\/jorgezanoni.com.br\/2019\/wp-content\/uploads\/2019\/12\/avi\u00e3o1-768x432.jpeg 768w, https:\/\/jorgezanoni.com.br\/2019\/wp-content\/uploads\/2019\/12\/avi\u00e3o1-1024x576.jpeg 1024w, https:\/\/jorgezanoni.com.br\/2019\/wp-content\/uploads\/2019\/12\/avi\u00e3o1-696x392.jpeg 696w, https:\/\/jorgezanoni.com.br\/2019\/wp-content\/uploads\/2019\/12\/avi\u00e3o1-1068x601.jpeg 1068w, https:\/\/jorgezanoni.com.br\/2019\/wp-content\/uploads\/2019\/12\/avi\u00e3o1-747x420.jpeg 747w\" sizes=\"auto, (max-width: 1200px) 100vw, 1200px\" \/>Pista do aeroporto de Guararapes \u00e9 isolada com cerca \u2014 Foto: Michele Bacelar\/TV TEM<\/p>\n<div class=\"mc-column content-text active-extra-styles \" data-block-type=\"unstyled\" data-block-weight=\"38\" data-block-id=\"9\">\n<p class=\"content-text__container \" style=\"text-align: justify;\" data-track-category=\"Link no Texto\" data-track-links=\"\">Segundo a assessoria do hospital, a paciente precisou ser levada \u00e0 Unidade de Urg\u00eancia e Emerg\u00eancia em atendimento intensivo. Ela sofreu traumatismo craniano. Ainda conforme o hospital, a mulher apresentou melhora e o quadro dela \u00e9 considerado est\u00e1vel.<\/p>\n<\/div>\n<div class=\"mc-column content-text active-extra-styles \" style=\"text-align: justify;\" data-block-type=\"unstyled\" data-block-weight=\"19\" data-block-id=\"10\">\n<p class=\"content-text__container \" data-track-category=\"Link no Texto\" data-track-links=\"\">A pista do aeroporto \u00e9 isolada com cerca, mas, segundo testemunhas, alguns moradores passam pelo local para cortar caminho.<\/p>\n<\/div>\n<div class=\"content-ads content-ads--reveal\" style=\"text-align: justify;\" data-block-type=\"ads\" data-block-id=\"11\"><\/div>\n<div class=\"mc-column content-text active-extra-styles \" style=\"text-align: justify;\" data-block-type=\"unstyled\" data-block-weight=\"17\" data-block-id=\"12\">\n<p class=\"content-text__container \" data-track-category=\"Link no Texto\" data-track-links=\"\">A Ag\u00eancia Nacional de Avia\u00e7\u00e3o (Anac) informou que o administrador respons\u00e1vel pelo aeroporto \u00e9 a prefeitura municipal.<\/p>\n<\/div>\n<div class=\"mc-column content-text active-extra-styles \" style=\"text-align: justify;\" data-block-type=\"unstyled\" data-block-weight=\"29\" data-block-id=\"13\">\n<p class=\"content-text__container \" data-track-category=\"Link no Texto\" data-track-links=\"\">A Prefeitura de Guararapes disse que uma empresa privada tem a concess\u00e3o do hangar onde s\u00e3o realizados os pousos, mas \u00e9 a prefeitura que faz a manuten\u00e7\u00e3o do aeroclube.<\/p>\n<\/div>\n<div class=\"mc-column content-text active-extra-styles \" data-block-type=\"unstyled\" data-block-weight=\"35\" data-block-id=\"14\">\n<p class=\"content-text__container \" style=\"text-align: justify;\" data-track-category=\"Link no Texto\" data-track-links=\"\">Ainda conforme o Executivo, cerca e placas avisando os moradores sobre o perigo s\u00e3o colocados no local, mas as placas s\u00e3o retiradas e a cerca \u00e9 cortada pelos pr\u00f3prios moradores para fazer uma rota alternativa.<\/p>\n<p data-track-category=\"Link no Texto\" data-track-links=\"\"><img loading=\"lazy\" decoding=\"async\" class=\"alignnone size-full wp-image-12818\" src=\"https:\/\/jorgezanoni.com.br\/2019\/wp-content\/uploads\/2019\/12\/avi\u00e3o2.jpg\" alt=\"\" width=\"1200\" height=\"900\" srcset=\"https:\/\/jorgezanoni.com.br\/2019\/wp-content\/uploads\/2019\/12\/avi\u00e3o2.jpg 1200w, https:\/\/jorgezanoni.com.br\/2019\/wp-content\/uploads\/2019\/12\/avi\u00e3o2-300x225.jpg 300w, https:\/\/jorgezanoni.com.br\/2019\/wp-content\/uploads\/2019\/12\/avi\u00e3o2-768x576.jpg 768w, https:\/\/jorgezanoni.com.br\/2019\/wp-content\/uploads\/2019\/12\/avi\u00e3o2-1024x768.jpg 1024w, https:\/\/jorgezanoni.com.br\/2019\/wp-content\/uploads\/2019\/12\/avi\u00e3o2-80x60.jpg 80w, https:\/\/jorgezanoni.com.br\/2019\/wp-content\/uploads\/2019\/12\/avi\u00e3o2-265x198.jpg 265w, https:\/\/jorgezanoni.com.br\/2019\/wp-content\/uploads\/2019\/12\/avi\u00e3o2-696x522.jpg 696w, https:\/\/jorgezanoni.com.br\/2019\/wp-content\/uploads\/2019\/12\/avi\u00e3o2-1068x801.jpg 1068w, https:\/\/jorgezanoni.com.br\/2019\/wp-content\/uploads\/2019\/12\/avi\u00e3o2-560x420.jpg 560w\" sizes=\"auto, (max-width: 1200px) 100vw, 1200px\" \/>Placa no local sinaliza a proibi\u00e7\u00e3o de pedestres \u2014 Foto: Michele Bacelar\/TV TEM<\/p>\n<p style=\"text-align: justify;\" data-track-category=\"Link no Texto\" data-track-links=\"\"><img loading=\"lazy\" decoding=\"async\" class=\"alignnone size-full wp-image-12819\" src=\"https:\/\/jorgezanoni.com.br\/2019\/wp-content\/uploads\/2019\/12\/avi\u00e3o3.jpeg\" alt=\"\" width=\"1600\" height=\"993\" srcset=\"https:\/\/jorgezanoni.com.br\/2019\/wp-content\/uploads\/2019\/12\/avi\u00e3o3.jpeg 1600w, https:\/\/jorgezanoni.com.br\/2019\/wp-content\/uploads\/2019\/12\/avi\u00e3o3-300x186.jpeg 300w, https:\/\/jorgezanoni.com.br\/2019\/wp-content\/uploads\/2019\/12\/avi\u00e3o3-768x477.jpeg 768w, https:\/\/jorgezanoni.com.br\/2019\/wp-content\/uploads\/2019\/12\/avi\u00e3o3-1024x636.jpeg 1024w, https:\/\/jorgezanoni.com.br\/2019\/wp-content\/uploads\/2019\/12\/avi\u00e3o3-356x220.jpeg 356w, https:\/\/jorgezanoni.com.br\/2019\/wp-content\/uploads\/2019\/12\/avi\u00e3o3-696x432.jpeg 696w, https:\/\/jorgezanoni.com.br\/2019\/wp-content\/uploads\/2019\/12\/avi\u00e3o3-1068x663.jpeg 1068w, https:\/\/jorgezanoni.com.br\/2019\/wp-content\/uploads\/2019\/12\/avi\u00e3o3-677x420.jpeg 677w\" sizes=\"auto, (max-width: 1600px) 100vw, 1600px\" \/>M\u00e3e e filha foram atropeladas por avi\u00e3o em aeroporto de Guararapes \u2014 Foto: Michele Bacelar\/TV TEM<\/p>\n<p data-track-category=\"Link no Texto\" data-track-links=\"\">Fonte: G1<\/p>\n<\/div>\n<div class=\"row medium-uncollapsed content-media content-photo\" data-block-type=\"backstage-photo\" data-block-id=\"15\">\n<div class=\"mc-column content-media__container\">\n<div class=\"progressive-img can-open-lightbox\" data-min-size=\"1008x756\" data-min-size-url=\"https:\/\/s2.glbimg.com\/21lRUOOYlR29kareAJbtbwiSRek=\/0x0:1280x960\/1008x0\/smart\/filters:strip_icc()\/i.s3.glbimg.com\/v1\/AUTH_59edd422c0c84a879bd37670ae4f538a\/internal_photos\/bs\/2019\/Q\/d\/24wDlJRsa3GoNUhS2VKg\/aviao-guararapes.jpg\" data-max-size=\"1600x1200\" data-max-size-url=\"https:\/\/s2.glbimg.com\/i0C4mzBaN6-ciH4-C0uxht9Gz5I=\/0x0:1280x960\/1600x0\/smart\/filters:strip_icc()\/i.s3.glbimg.com\/v1\/AUTH_59edd422c0c84a879bd37670ae4f538a\/internal_photos\/bs\/2019\/Q\/d\/24wDlJRsa3GoNUhS2VKg\/aviao-guararapes.jpg\" data-media-index=\"2\"><\/div>\n<\/div>\n<\/div>\n<\/div>\n<\/div>\n<\/div>\n<\/div>\n<\/div>\n","protected":false},"excerpt":{"rendered":"<p>Segundo a pol\u00edcia, mulher passava pelo local para cortar caminho quando ela e a filha foram atingidas por avi\u00e3o agr\u00edcola que pousava na pista. M\u00e3e teve traumatismo craniano; crian\u00e7a de 4 anos teve apenas escoria\u00e7\u00f5es. Uma mulher e a filha de 4 anos em uma bicicleta foram atropeladas por um avi\u00e3o agr\u00edcola na noite de [&hellip;]<\/p>\n","protected":false},"author":1,"featured_media":12820,"comment_status":"closed","ping_status":"open","sticky":false,"template":"","format":"standard","meta":{"footnotes":""},"categories":[170,110],"tags":[],"class_list":["post-12816","post","type-post","status-publish","format-standard","has-post-thumbnail","hentry","category-acidentes","category-noticiasdestaque"],"_links":{"self":[{"href":"https:\/\/jorgezanoni.com.br\/2019\/wp-json\/wp\/v2\/posts\/12816","targetHints":{"allow":["GET"]}}],"collection":[{"href":"https:\/\/jorgezanoni.com.br\/2019\/wp-json\/wp\/v2\/posts"}],"about":[{"href":"https:\/\/jorgezanoni.com.br\/2019\/wp-json\/wp\/v2\/types\/post"}],"author":[{"embeddable":true,"href":"https:\/\/jorgezanoni.com.br\/2019\/wp-json\/wp\/v2\/users\/1"}],"replies":[{"embeddable":true,"href":"https:\/\/jorgezanoni.com.br\/2019\/wp-json\/wp\/v2\/comments?post=12816"}],"version-history":[{"count":0,"href":"https:\/\/jorgezanoni.com.br\/2019\/wp-json\/wp\/v2\/posts\/12816\/revisions"}],"wp:featuredmedia":[{"embeddable":true,"href":"https:\/\/jorgezanoni.com.br\/2019\/wp-json\/wp\/v2\/media\/12820"}],"wp:attachment":[{"href":"https:\/\/jorgezanoni.com.br\/2019\/wp-json\/wp\/v2\/media?parent=12816"}],"wp:term":[{"taxonomy":"category","embeddable":true,"href":"https:\/\/jorgezanoni.com.br\/2019\/wp-json\/wp\/v2\/categories?post=12816"},{"taxonomy":"post_tag","embeddable":true,"href":"https:\/\/jorgezanoni.com.br\/2019\/wp-json\/wp\/v2\/tags?post=12816"}],"curies":[{"name":"wp","href":"https:\/\/api.w.org\/{rel}","templated":true}]}}