{"id":12782,"date":"2019-11-30T22:14:20","date_gmt":"2019-11-30T22:14:20","guid":{"rendered":"https:\/\/jorgezanoni.com.br\/2019\/?p=12782"},"modified":"2019-11-30T22:14:20","modified_gmt":"2019-11-30T22:14:20","slug":"em-um-pais-com-desemprego-de-13-sobram-vagas-na-area-da-tecnologia","status":"publish","type":"post","link":"https:\/\/jorgezanoni.com.br\/2019\/em-um-pais-com-desemprego-de-13-sobram-vagas-na-area-da-tecnologia\/","title":{"rendered":"Em um pa\u00eds com desemprego de 13%, sobram vagas na \u00e1rea da tecnologia"},"content":{"rendered":"<h1 style=\"text-align: justify;\"><strong><em>Mercado de TI pode apresentar d\u00e9ficit de 290 mil profissionais em 2024.<\/em><\/strong><\/h1>\n<p><img loading=\"lazy\" decoding=\"async\" class=\"alignnone size-full wp-image-12783\" src=\"https:\/\/jorgezanoni.com.br\/2019\/wp-content\/uploads\/2019\/11\/ti.jpg\" alt=\"\" width=\"240\" height=\"158\" \/> <img loading=\"lazy\" decoding=\"async\" class=\"alignnone size-full wp-image-12784\" src=\"https:\/\/jorgezanoni.com.br\/2019\/wp-content\/uploads\/2019\/11\/ti1.jpg\" alt=\"\" width=\"240\" height=\"159\" \/><\/p>\n<p style=\"font-weight: 400; text-align: justify;\">A demanda por profissionais da \u00e1rea de tecnologia da informa\u00e7\u00e3o (TI) se torna cada vez maior, \u00e0 medida que produtos e servi\u00e7os se tornam cada vez mais digitais. O mercado tem se tornado mais exigente nessa \u00e1rea, uma vez que \u00e9 preciso agregar uma boa forma\u00e7\u00e3o \u00e0s fun\u00e7\u00f5es operacionais e estrat\u00e9gicas com foco em resultados para o crescimento e atualiza\u00e7\u00e3o constante para as empresas.<\/p>\n<p style=\"font-weight: 400; text-align: justify;\"><strong>A Associa\u00e7\u00e3o Brasileira das Empresas de Tecnologia da Informa\u00e7\u00e3o e Comunica\u00e7\u00e3o (Brasscom) fez um levanamento recente que apontou\u00a0 uma proje\u00e7\u00e3o de que ser\u00e3o necess\u00e1rios 70 mil novos profissionais de TI por ano no Brasil entre 2019 e 2024, em raz\u00e3o da evolu\u00e7\u00e3o tecnol\u00f3gica. A quantidade de pessoas que se formam nessa \u00e1rea v\u00e3o na contram\u00e3o do que o pa\u00eds ir\u00e1 necessitar, pois<\/strong><strong>\u00a0<\/strong>apenas 46 mil pessoas se formam ao ano no ensino superior com o perfil necess\u00e1rio para atender essas vagas. A Brasscom estima que o mercado de TI pode apresentar d\u00e9ficit de 290 mil profissionais em 2024<em>.\u00a0<\/em>Isso comprova o quanto esse mercado se manter\u00e1 em constante crescimento.<\/p>\n<p style=\"font-weight: 400; text-align: justify;\">O curso de Tecnologia em An\u00e1lise e Desenvolvimento de Sistemas da Unifadra (TADS) contempla em suas disciplinas o perfil que o mercado procura. O coordenador do curso na Unifadra Prof. Me. Alessandro Fornari destacou que, de acordo com o relat\u00f3rio da Brasscom, as \u00e1reas mais requisitadas para os pr\u00f3ximos anos ser\u00e3o de desenvolvimento mobile, computa\u00e7\u00e3o na nuvem, data analytics, seguran\u00e7a cibern\u00e9tica e intelig\u00eancia artificial.<br \/>\nDe acordo com esse relat\u00f3rio, um profissional de TI no Brasil recebe por m\u00eas, em m\u00e9dia, R$ 5.582,00.\u00a0Segundo levantamento feito pelo Estad\u00e3o em 2019, o Brasil conta com 13,4 milh\u00f5es de desempregados e, ao mesmo tempo, faltam profissionais habilitados para suprir cerca de 70 mil vagas anuais da \u00e1rea da tecnologia. Dentro desse segmento, existem no momento 5 mil vagas abertas apenas em startups (empresas nascentes). Com a escassez dessa m\u00e3o de obra, os sal\u00e1rios tamb\u00e9m passam a ser mais elevados, conforme aponta o gr\u00e1fico do Estad\u00e3o.<\/p>\n<p style=\"font-weight: 400; text-align: justify;\">Al\u00e9m dessas \u00e1reas, Fornari ressaltou que os profissionais formados pela Unifadra podem atuar no tratamento de dados administrativos, t\u00e9cnicos e de produ\u00e7\u00e3o, coordenar ou gerenciar centros de tecnologia da informa\u00e7\u00e3o e de equipes de desenvolvimento, projetar e programar sistemas de informa\u00e7\u00e3o. &#8220;O leque de atua\u00e7\u00e3o para os analistas de sistemas \u00e9 bem vasto e promissor&#8221;, comentou o professor coordenador.<br \/>\nA Unifadra possui parcerias com grandes empresas na \u00e1rea de tecnologia da informa\u00e7\u00e3o e todos os seus alunos de TADS interessados t\u00eam garantia de emprego nessas organiza\u00e7\u00f5es em raz\u00e3o principalmente do d\u00e9ficit de profissionais nessa \u00e1rea em todo o pa\u00eds.<\/p>\n<p style=\"font-weight: 400; text-align: justify;\">O mercado local tamb\u00e9m se mostra em grande aquecimento. Os alunos da Unifadra Gabriel Gimenez Moreira e Jo\u00e3o Paulo Ata\u00edde v\u00eam se destacando no mercado de trabalho, atuando com sistemas em uma empresa privada de Dracena, como outros tamb\u00e9m, destacando Diego Brioschi Silva, Ranilson Nunes do Nascimento e Leonardo Galves, entre outros.<\/p>\n<p style=\"font-weight: 400; text-align: justify;\">VESTIBULAR<\/p>\n<p style=\"font-weight: 400; text-align: justify;\">A Unifadra est\u00e1 com inscri\u00e7\u00f5es abertas para o Vestibular do curso de An\u00e1lise e Desenvolvimento de Sistemas. A prova ser\u00e1 no dia 8 de dezembro, \u00e0s 10h. Inscri\u00e7\u00f5es pelo site:\u00a0<a href=\"http:\/\/www.fundec.edu.br\/unifadra\">www.fundec.edu.br\/unifadra<\/a>\u00a0.<\/p>\n<p style=\"font-weight: 400; text-align: justify;\">Mais informa\u00e7\u00f5es: (18) 3821-9004.<\/p>\n<p style=\"font-weight: 400; text-align: justify;\">Carolina Colnago<\/p>\n<p style=\"font-weight: 400; text-align: justify;\">Assessora de Comunica\u00e7\u00e3o da Fundec &#8211; Jornalista<\/p>\n<p style=\"text-align: justify;\">Foto1:\u00a0Com amplia\u00e7\u00e3o de n\u00famero de empresas, surgem vagas para especialistas na economia digital. Fonte: Estad\u00e3o.<br \/>\nFoto2: A demanda por profissionais da \u00e1rea de TI se torna cada vez maior, \u00e0 medida que produtos e servi\u00e7os se tornam cada vez mais digitais.<\/p>\n","protected":false},"excerpt":{"rendered":"<p>Mercado de TI pode apresentar d\u00e9ficit de 290 mil profissionais em 2024. A demanda por profissionais da \u00e1rea de tecnologia da informa\u00e7\u00e3o (TI) se torna cada vez maior, \u00e0 medida que produtos e servi\u00e7os se tornam cada vez mais digitais. O mercado tem se tornado mais exigente nessa \u00e1rea, uma vez que \u00e9 preciso agregar [&hellip;]<\/p>\n","protected":false},"author":1,"featured_media":12783,"comment_status":"closed","ping_status":"open","sticky":false,"template":"","format":"standard","meta":{"footnotes":""},"categories":[122],"tags":[],"class_list":["post-12782","post","type-post","status-publish","format-standard","has-post-thumbnail","hentry","category-saudeeducacaoeconcurso"],"_links":{"self":[{"href":"https:\/\/jorgezanoni.com.br\/2019\/wp-json\/wp\/v2\/posts\/12782","targetHints":{"allow":["GET"]}}],"collection":[{"href":"https:\/\/jorgezanoni.com.br\/2019\/wp-json\/wp\/v2\/posts"}],"about":[{"href":"https:\/\/jorgezanoni.com.br\/2019\/wp-json\/wp\/v2\/types\/post"}],"author":[{"embeddable":true,"href":"https:\/\/jorgezanoni.com.br\/2019\/wp-json\/wp\/v2\/users\/1"}],"replies":[{"embeddable":true,"href":"https:\/\/jorgezanoni.com.br\/2019\/wp-json\/wp\/v2\/comments?post=12782"}],"version-history":[{"count":0,"href":"https:\/\/jorgezanoni.com.br\/2019\/wp-json\/wp\/v2\/posts\/12782\/revisions"}],"wp:featuredmedia":[{"embeddable":true,"href":"https:\/\/jorgezanoni.com.br\/2019\/wp-json\/wp\/v2\/media\/12783"}],"wp:attachment":[{"href":"https:\/\/jorgezanoni.com.br\/2019\/wp-json\/wp\/v2\/media?parent=12782"}],"wp:term":[{"taxonomy":"category","embeddable":true,"href":"https:\/\/jorgezanoni.com.br\/2019\/wp-json\/wp\/v2\/categories?post=12782"},{"taxonomy":"post_tag","embeddable":true,"href":"https:\/\/jorgezanoni.com.br\/2019\/wp-json\/wp\/v2\/tags?post=12782"}],"curies":[{"name":"wp","href":"https:\/\/api.w.org\/{rel}","templated":true}]}}