{"id":1278,"date":"2019-07-22T12:09:46","date_gmt":"2019-07-22T12:09:46","guid":{"rendered":"http:\/\/jorgezanoni.com.br\/2019\/?p=1278"},"modified":"2019-07-22T20:45:20","modified_gmt":"2019-07-22T20:45:20","slug":"mae-filho-de-4-anos-e-casal-morrem-em-acidente-na-julio-budisk-em-alfredo-marcondes","status":"publish","type":"post","link":"https:\/\/jorgezanoni.com.br\/2019\/mae-filho-de-4-anos-e-casal-morrem-em-acidente-na-julio-budisk-em-alfredo-marcondes\/","title":{"rendered":"M\u00e3e, filho de 4 anos, e casal morrem em acidente na J\u00falio Budisk, em Alfredo Marcondes"},"content":{"rendered":"<h2 class=\"content-head__subtitle\"><strong>Dois ve\u00edculos bateram de frente. Segundo uma testemunha, a colis\u00e3o ocorreu ap\u00f3s um dos motoristas ter tentado uma ultrapassagem proibida. Outras duas pessoas ficaram feridas.<\/strong><\/h2>\n<p><img loading=\"lazy\" decoding=\"async\" class=\"alignnone size-full wp-image-1279\" src=\"http:\/\/jorgezanoni.com.br\/2019\/wp-content\/uploads\/2019\/07\/acidente1-2.jpeg\" alt=\"\" width=\"1000\" height=\"750\" srcset=\"https:\/\/jorgezanoni.com.br\/2019\/wp-content\/uploads\/2019\/07\/acidente1-2.jpeg 1000w, https:\/\/jorgezanoni.com.br\/2019\/wp-content\/uploads\/2019\/07\/acidente1-2-300x225.jpeg 300w, https:\/\/jorgezanoni.com.br\/2019\/wp-content\/uploads\/2019\/07\/acidente1-2-768x576.jpeg 768w, https:\/\/jorgezanoni.com.br\/2019\/wp-content\/uploads\/2019\/07\/acidente1-2-80x60.jpeg 80w, https:\/\/jorgezanoni.com.br\/2019\/wp-content\/uploads\/2019\/07\/acidente1-2-265x198.jpeg 265w, https:\/\/jorgezanoni.com.br\/2019\/wp-content\/uploads\/2019\/07\/acidente1-2-696x522.jpeg 696w, https:\/\/jorgezanoni.com.br\/2019\/wp-content\/uploads\/2019\/07\/acidente1-2-560x420.jpeg 560w\" sizes=\"auto, (max-width: 1000px) 100vw, 1000px\" \/><\/p>\n<div class=\"mc-column content-text active-extra-styles \" data-block-type=\"unstyled\" data-block-weight=\"25\" data-block-id=\"2\">\n<p class=\"content-text__container \" data-track-category=\"Link no Texto\" data-track-links=\"\">Quatro pessoas morreram em um acidente na Rodovia J\u00falio Budisk no in\u00edcio da noite deste domingo (21), em\u00a0<a href=\"http:\/\/g1.globo.com\/sp\/presidente-prudente-regiao\/cidade\/alfredo-marcondes.html\">Alfredo Marcondes<\/a>. Outras duas v\u00edtimas ficaram feridas.<\/p>\n<\/div>\n<div class=\"wall protected-content\">\n<div class=\"mc-column content-text active-extra-styles \" data-block-type=\"unstyled\" data-block-weight=\"34\" data-block-id=\"3\">\n<p class=\"content-text__container \" data-track-category=\"Link no Texto\" data-track-links=\"\">Segundo uma das testemunhas ouvida pelo\u00a0<strong>G1<\/strong>\u00a0no local, um dos motoristas envolvidos no acidente tentou fazer uma ultrapassagem n\u00e3o permitida e acabou batendo de frente com outro carro, que transitava no sentido contr\u00e1rio.<\/p>\n<\/div>\n<div class=\"mc-column content-text active-extra-styles \" data-block-type=\"unstyled\" data-block-weight=\"40\" data-block-id=\"4\">\n<p class=\"content-text__container \" data-track-category=\"Link no Texto\" data-track-links=\"\">Morrerem na batida uma mulher, de 52 anos, e um homem, de 56, que estavam em um dos carros. No outro ve\u00edculo envolvido na batida morreram uma mulher, de 36 anos, e o filho dela, de 4 anos de idade.<\/p>\n<\/div>\n<div class=\"mc-column content-text active-extra-styles \" data-block-type=\"unstyled\" data-block-weight=\"28\" data-block-id=\"5\">\n<p class=\"content-text__container \" data-track-category=\"Link no Texto\" data-track-links=\"\">De acordo com informa\u00e7\u00f5es da pol\u00edcia, a m\u00e3e morreu ap\u00f3s ter sido socorrida em um hospital. A crian\u00e7a, que estava na cadeirinha, mas sem cinto, morreu no local.<\/p>\n<\/div>\n<div class=\"mc-column content-text active-extra-styles \" data-block-type=\"unstyled\" data-block-weight=\"54\" data-block-id=\"6\">\n<p class=\"content-text__container \" data-track-category=\"Link no Texto\" data-track-links=\"\">Um jovem de 21 anos e a namorada dele, uma adolescente, de 16 anos, que estavam na frente do carro onde a m\u00e3e e o filho morreram, foram socorridos no Hospital Regional (HR), em\u00a0<a href=\"http:\/\/g1.globo.com\/sp\/presidente-prudente-regiao\/cidade\/presidente-prudente.html\">Presidente Prudente<\/a>, com ferimentos leves, e foram liberados. As duas v\u00edtimas fatais e os dois sobreviventes s\u00e3o de\u00a0<a href=\"http:\/\/g1.globo.com\/sp\/presidente-prudente-regiao\/cidade\/tupi-paulista.html\">Tupi Paulista<\/a>.<\/p>\n<\/div>\n<div class=\"mc-column content-text active-extra-styles \" data-block-type=\"unstyled\" data-block-weight=\"15\" data-block-id=\"7\">\n<p class=\"content-text__container \" data-track-category=\"Link no Texto\" data-track-links=\"\">O jovem motorista que sobreviveu fui submetido ao teste do baf\u00f4metro, mas nada foi constatado.<\/p>\n<\/div>\n<div class=\"mc-column content-text active-extra-styles \" data-block-type=\"unstyled\" data-block-weight=\"10\" data-block-id=\"8\">\n<p class=\"content-text__container \" data-track-category=\"Link no Texto\" data-track-links=\"\">O tr\u00e2nsito na via ficou interditado para atendimento da ocorr\u00eancia.<\/p>\n<\/div>\n<div class=\"content-ads content-ads--reveal\" data-block-type=\"ads\" data-block-id=\"9\">\n<div id=\"banner_materia2\" class=\"tag-manager-publicidade-container mc-has-reveal mc-has-ad-lazyload tag-manager-publicidade-banner_materia2 tag-manager-publicidade-container--carregado tag-manager-publicidade-container--visivel\" data-id=\"banner_materia2\" data-google-query-id=\"CNPg1s20yOMCFYschwodmkYPsQ\" data-cid=\"138275871426\" data-lid=\"5120534823\"><img loading=\"lazy\" decoding=\"async\" class=\"alignnone size-full wp-image-1280\" src=\"http:\/\/jorgezanoni.com.br\/2019\/wp-content\/uploads\/2019\/07\/acidente-2.jpeg\" alt=\"\" width=\"1000\" height=\"563\" srcset=\"https:\/\/jorgezanoni.com.br\/2019\/wp-content\/uploads\/2019\/07\/acidente-2.jpeg 1000w, https:\/\/jorgezanoni.com.br\/2019\/wp-content\/uploads\/2019\/07\/acidente-2-300x169.jpeg 300w, https:\/\/jorgezanoni.com.br\/2019\/wp-content\/uploads\/2019\/07\/acidente-2-768x432.jpeg 768w, https:\/\/jorgezanoni.com.br\/2019\/wp-content\/uploads\/2019\/07\/acidente-2-696x392.jpeg 696w, https:\/\/jorgezanoni.com.br\/2019\/wp-content\/uploads\/2019\/07\/acidente-2-746x420.jpeg 746w\" sizes=\"auto, (max-width: 1000px) 100vw, 1000px\" \/><\/div>\n<div data-id=\"banner_materia2\" data-google-query-id=\"CNPg1s20yOMCFYschwodmkYPsQ\" data-cid=\"138275871426\" data-lid=\"5120534823\">Fonte: G1<\/div>\n<div data-id=\"banner_materia2\" data-google-query-id=\"CNPg1s20yOMCFYschwodmkYPsQ\" data-cid=\"138275871426\" data-lid=\"5120534823\"><\/div>\n<\/div>\n<div data-id=\"banner_materia2\" data-google-query-id=\"CNPg1s20yOMCFYschwodmkYPsQ\" data-cid=\"138275871426\" data-lid=\"5120534823\">\n<p>\u00daLTIMAS INFORMA\u00c7\u00d5ES<br \/>\nAtualizadas \u00e0s 06:00 horas<\/p>\n<p>Os corpos de Patr\u00edcia Aparecida da Silva Alves e do seu filho Paulo S\u00e9rgio J\u00fanior (3) foram liberados pelo IML &#8211; Instituto M\u00e9dico Legal de Presidente Prudente aos seus familiares.<\/p>\n<div class=\"text_exposed_show\">\n<p>A empresa funer\u00e1ria Vida Prev far\u00e1 o translado dos corpos at\u00e9 Tupi Paulista.<\/p>\n<p>Segundo o agente funer\u00e1rio Missael os corpos dever\u00e3o chegar a partir das 9:00 horas quando dar\u00e1 in\u00edcio o vel\u00f3rio.<\/p>\n<p>O sepultamento ocorrer\u00e1 \u00e0s 16:00 hs no Cemit\u00e9rio de Tupi Paulista<\/p>\n<p>Fonte: Jo\u00e3o Paulo Lopes<\/p>\n<\/div>\n<\/div>\n<\/div>\n","protected":false},"excerpt":{"rendered":"<p>Dois ve\u00edculos bateram de frente. Segundo uma testemunha, a colis\u00e3o ocorreu ap\u00f3s um dos motoristas ter tentado uma ultrapassagem proibida. Outras duas pessoas ficaram feridas. Quatro pessoas morreram em um acidente na Rodovia J\u00falio Budisk no in\u00edcio da noite deste domingo (21), em\u00a0Alfredo Marcondes. Outras duas v\u00edtimas ficaram feridas. Segundo uma das testemunhas ouvida pelo\u00a0G1\u00a0no [&hellip;]<\/p>\n","protected":false},"author":1,"featured_media":1283,"comment_status":"open","ping_status":"open","sticky":false,"template":"","format":"standard","meta":{"footnotes":""},"categories":[170,110],"tags":[],"class_list":["post-1278","post","type-post","status-publish","format-standard","has-post-thumbnail","hentry","category-acidentes","category-noticiasdestaque"],"_links":{"self":[{"href":"https:\/\/jorgezanoni.com.br\/2019\/wp-json\/wp\/v2\/posts\/1278","targetHints":{"allow":["GET"]}}],"collection":[{"href":"https:\/\/jorgezanoni.com.br\/2019\/wp-json\/wp\/v2\/posts"}],"about":[{"href":"https:\/\/jorgezanoni.com.br\/2019\/wp-json\/wp\/v2\/types\/post"}],"author":[{"embeddable":true,"href":"https:\/\/jorgezanoni.com.br\/2019\/wp-json\/wp\/v2\/users\/1"}],"replies":[{"embeddable":true,"href":"https:\/\/jorgezanoni.com.br\/2019\/wp-json\/wp\/v2\/comments?post=1278"}],"version-history":[{"count":0,"href":"https:\/\/jorgezanoni.com.br\/2019\/wp-json\/wp\/v2\/posts\/1278\/revisions"}],"wp:featuredmedia":[{"embeddable":true,"href":"https:\/\/jorgezanoni.com.br\/2019\/wp-json\/wp\/v2\/media\/1283"}],"wp:attachment":[{"href":"https:\/\/jorgezanoni.com.br\/2019\/wp-json\/wp\/v2\/media?parent=1278"}],"wp:term":[{"taxonomy":"category","embeddable":true,"href":"https:\/\/jorgezanoni.com.br\/2019\/wp-json\/wp\/v2\/categories?post=1278"},{"taxonomy":"post_tag","embeddable":true,"href":"https:\/\/jorgezanoni.com.br\/2019\/wp-json\/wp\/v2\/tags?post=1278"}],"curies":[{"name":"wp","href":"https:\/\/api.w.org\/{rel}","templated":true}]}}