{"id":12754,"date":"2019-11-30T19:46:39","date_gmt":"2019-11-30T19:46:39","guid":{"rendered":"https:\/\/jorgezanoni.com.br\/2019\/?p=12754"},"modified":"2019-11-30T19:46:39","modified_gmt":"2019-11-30T19:46:39","slug":"professora-e-condenada-por-corrupcao-passiva-por-levar-celular-escondido-na-calcinha-a-penitenciaria-de-lucelia","status":"publish","type":"post","link":"https:\/\/jorgezanoni.com.br\/2019\/professora-e-condenada-por-corrupcao-passiva-por-levar-celular-escondido-na-calcinha-a-penitenciaria-de-lucelia\/","title":{"rendered":"Professora \u00e9 condenada por corrup\u00e7\u00e3o passiva por levar celular escondido na calcinha \u00e0 Penitenci\u00e1ria de Luc\u00e9lia"},"content":{"rendered":"<h2 class=\"content-head__subtitle\" style=\"text-align: justify;\"><strong>Mulher disse \u00e0 Justi\u00e7a que se sentia \u2018amea\u00e7ada\u2019 e que n\u00e3o sabia que o inv\u00f3lucro que portava tinha o aparelho. Presidi\u00e1rios que seriam beneficiados foram condenados por corrup\u00e7\u00e3o ativa.<\/strong><\/h2>\n<div class=\"mc-column content-text active-extra-styles \" data-block-type=\"unstyled\" data-block-weight=\"41\" data-block-id=\"2\">\n<p class=\"content-text__container \" style=\"text-align: justify;\" data-track-category=\"Link no Texto\" data-track-links=\"\">Em senten\u00e7a publicada oficialmente nesta sexta-feira (29), a Justi\u00e7a condenou em primeira inst\u00e2ncia por corrup\u00e7\u00e3o passiva uma professora acusada de ingressar na Penitenci\u00e1ria de\u00a0<a href=\"https:\/\/g1.globo.com\/sp\/presidente-prudente-regiao\/cidade\/lucelia\/\">Luc\u00e9lia (SP)<\/a>, sem autoriza\u00e7\u00e3o legal, com um aparelho de telefone celular escondido sob a calcinha que vestia.<\/p>\n<\/div>\n<div class=\"wall protected-content\">\n<div class=\"mc-column content-text active-extra-styles \" data-block-type=\"unstyled\" data-block-weight=\"71\" data-block-id=\"3\">\n<p class=\"content-text__container \" style=\"text-align: justify;\" data-track-category=\"Link no Texto\" data-track-links=\"\">A pena de reclus\u00e3o de dois anos e oito meses em regime aberto inicialmente estabelecida para a r\u00e9 foi substitu\u00edda na senten\u00e7a pelo juiz Andr\u00e9 Gustavo Livonesi, da 2\u00aa Vara do F\u00f3rum da Comarca de Luc\u00e9lia, pelo pagamento de um sal\u00e1rio m\u00ednimo a uma entidade social indicada pela Justi\u00e7a e pela presta\u00e7\u00e3o de servi\u00e7os \u00e0 comunidade consistente em uma hora de tarefa gratuita a uma institui\u00e7\u00e3o assistencial por dia de condena\u00e7\u00e3o.<\/p>\n<div class=\"mc-column content-text active-extra-styles \" style=\"text-align: justify;\" data-block-type=\"unstyled\" data-block-weight=\"34\" data-block-id=\"5\">\n<p class=\"content-text__container \" data-track-category=\"Link no Texto\" data-track-links=\"\">J\u00e1 os dois presidi\u00e1rios que seriam beneficiados pela atitude da professora foram condenados, na mesma senten\u00e7a, \u00e0 pena de tr\u00eas anos, sete meses e 16 dias de reclus\u00e3o, em regime fechado, por corrup\u00e7\u00e3o ativa.<\/p>\n<\/div>\n<div class=\"mc-column content-text active-extra-styles \" style=\"text-align: justify;\" data-block-type=\"unstyled\" data-block-weight=\"56\" data-block-id=\"6\">\n<p class=\"content-text__container \" data-track-category=\"Link no Texto\" data-track-links=\"\">O juiz concedeu aos acusados o direito de recorrer em liberdade da senten\u00e7a, por entender que n\u00e3o existem no momento os requisitos da pris\u00e3o preventiva, mas ponderou que o benef\u00edcio s\u00f3 vale se por outro motivo n\u00e3o estiverem presos. Os dois detentos condenados por corrup\u00e7\u00e3o ativa encontraram-se atualmente cumprindo outras penas em pres\u00eddios em Mirand\u00f3polis (SP).<\/p>\n<\/div>\n<div class=\"mc-column content-text active-extra-styles \" style=\"text-align: justify;\" data-block-type=\"unstyled\" data-block-weight=\"48\" data-block-id=\"7\">\n<p class=\"content-text__container \" data-track-category=\"Link no Texto\" data-track-links=\"\">Ainda na senten\u00e7a, os tr\u00eas r\u00e9us foram absolvidos da acusa\u00e7\u00e3o a que respondiam pelo artigo 349-A do C\u00f3digo Penal, que prev\u00ea o crime de \u201cingressar, promover, intermediar, auxiliar ou facilitar a entrada de aparelho telef\u00f4nico de comunica\u00e7\u00e3o m\u00f3vel, de r\u00e1dio ou similar, sem autoriza\u00e7\u00e3o legal, em estabelecimento prisional\u201d.<\/p>\n<\/div>\n<div class=\"mc-column content-text active-extra-styles \" style=\"text-align: justify;\" data-block-type=\"unstyled\" data-block-weight=\"19\" data-block-id=\"8\">\n<p class=\"content-text__container \" data-track-category=\"Link no Texto\" data-track-links=\"\">No entendimento do magistrado, a entrada do aparelho celular no pres\u00eddio est\u00e1 j\u00e1 inserida no crime de corrup\u00e7\u00e3o passiva.<\/p>\n<\/div>\n<div class=\"mc-column content-text active-extra-styles \" style=\"text-align: justify;\" data-block-type=\"unstyled\" data-block-weight=\"28\" data-block-id=\"9\">\n<p class=\"content-text__container \" data-track-category=\"Link no Texto\" data-track-links=\"\">A senten\u00e7a ainda condenou os tr\u00eas r\u00e9us ao pagamento de multas que variam de R$ 413,40, no caso da professora, a R$ 508,80, em rela\u00e7\u00e3o aos dois detentos.<\/p>\n<\/div>\n<div class=\"mc-column content-text active-extra-styles\" data-block-type=\"raw\" data-block-weight=\"15\" data-block-id=\"10\">\n<ul class=\"content-unordered-list\" style=\"text-align: justify;\">\n<li><a href=\"https:\/\/g1.globo.com\/sp\/presidente-prudente-regiao\/noticia\/professora-e-flagrada-ao-tentar-entrar-na-penitenciaria-de-lucelia-com-celular-escondido-na-calcinha.ghtml\">Professora \u00e9 flagrada ao tentar entrar na Penitenci\u00e1ria de Luc\u00e9lia com celular escondido na calcinha<\/a><\/li>\n<\/ul>\n<div class=\"mc-column content-text active-extra-styles\" style=\"text-align: justify;\" data-block-type=\"raw\" data-block-weight=\"4\" data-block-id=\"12\">\n<div class=\"content-intertitle\">\n<h2>R$ 500 por aparelho<\/h2>\n<\/div>\n<\/div>\n<div class=\"mc-column content-text active-extra-styles \" style=\"text-align: justify;\" data-block-type=\"unstyled\" data-block-weight=\"50\" data-block-id=\"13\">\n<p class=\"content-text__container \" data-track-category=\"Link no Texto\" data-track-links=\"\">Segundo a den\u00fancia, a professora ministrava aulas de educa\u00e7\u00e3o b\u00e1sica aos detentos da Penitenci\u00e1ria de Luc\u00e9lia e, em abril de 2018, dois deles, que eram seus alunos, ofereceram-lhe R$ 500 por aparelho celular e outros objetos para comunica\u00e7\u00e3o externa que dessem entrada no pres\u00eddio, o que foi aceito por ela.<\/p>\n<\/div>\n<div class=\"mc-column content-text active-extra-styles \" style=\"text-align: justify;\" data-block-type=\"unstyled\" data-block-weight=\"36\" data-block-id=\"14\">\n<p class=\"content-text__container \" data-track-category=\"Link no Texto\" data-track-links=\"\">No dia 25 de abril de 2018,\u00a0<a href=\"https:\/\/g1.globo.com\/sp\/presidente-prudente-regiao\/noticia\/professora-e-flagrada-ao-tentar-entrar-na-penitenciaria-de-lucelia-com-celular-escondido-na-calcinha.ghtml\">a mulher ingressou na penitenci\u00e1ria com um aparelho de telefone celular escondido sob suas roupas \u00edntimas e foi flagrada ao passar pela vistoria no\u00a0<em>scanner\u00a0<\/em>corporal da unidade prisional<\/a>.<\/p>\n<\/div>\n<div class=\"mc-column content-text active-extra-styles \" style=\"text-align: justify;\" data-block-type=\"unstyled\" data-block-weight=\"72\" data-block-id=\"15\">\n<p class=\"content-text__container \" data-track-category=\"Link no Texto\" data-track-links=\"\">Em depoimento \u00e0 Justi\u00e7a, a professora contou que levou o inv\u00f3lucro com o celular ao pres\u00eddio por medo e n\u00e3o pelo dinheiro. Ela afirmou que recebeu de uma pessoa uma sacolinha na qual estavam dois inv\u00f3lucros fechados e dois rel\u00f3gios. Tamb\u00e9m disse que somente soube do conte\u00fado do inv\u00f3lucro quando foi aberto. Os rel\u00f3gios estavam na resid\u00eancia da professora, enquanto o outro inv\u00f3lucro encontrava-se no ve\u00edculo com que ela ia ao pres\u00eddio.<\/p>\n<\/div>\n<div class=\"mc-column content-text active-extra-styles \" style=\"text-align: justify;\" data-block-type=\"unstyled\" data-block-weight=\"25\" data-block-id=\"16\">\n<p class=\"content-text__container \" data-track-category=\"Link no Texto\" data-track-links=\"\">A mulher ainda alegou que n\u00e3o desconfiou de que o conte\u00fado dos inv\u00f3lucros fossem celulares e que acreditava estar levando uma quantidade de fios enrolados.<\/p>\n<\/div>\n<div class=\"mc-column content-text active-extra-styles \" style=\"text-align: justify;\" data-block-type=\"unstyled\" data-block-weight=\"10\" data-block-id=\"17\">\n<p class=\"content-text__container \" data-track-category=\"Link no Texto\" data-track-links=\"\">A professora tamb\u00e9m argumentou \u00e0 Justi\u00e7a que se sentia \u201camea\u00e7ada\u201d.<\/p>\n<\/div>\n<div class=\"mc-column content-text active-extra-styles \" data-block-type=\"unstyled\" data-block-weight=\"68\" data-block-id=\"18\">\n<p class=\"content-text__container \" style=\"text-align: justify;\" data-track-category=\"Link no Texto\" data-track-links=\"\">\u201cEntretanto, n\u00e3o merece prosperar a justificativa apresentada, ao alegar que ela e sua fam\u00edlia sofriam amea\u00e7as e que desconhecesse o conte\u00fado do inv\u00f3lucro. Primeiro porque n\u00e3o \u00e9 cr\u00edvel que a acusada tivesse recebido a promessa de pagamento e sido amea\u00e7ada ao mesmo tempo, haja vista que, em regra, quando ocorre a amea\u00e7a, esta por si s\u00f3 j\u00e1 constrange a praticar o ato\u201d, pontuou o juiz Andr\u00e9 Gustavo Livonesi.<\/p>\n<div class=\"mc-column content-text active-extra-styles \" style=\"text-align: justify;\" data-block-type=\"unstyled\" data-block-weight=\"26\" data-block-id=\"20\">\n<p class=\"content-text__container \" data-track-category=\"Link no Texto\" data-track-links=\"\">Al\u00e9m disso, o magistrado observou que, quando foi ouvida pela Pol\u00edcia Civil, em nenhum momento a professora mencionou que ela ou sua fam\u00edlia estariam sofrendo amea\u00e7as.<\/p>\n<\/div>\n<div class=\"mc-column content-text active-extra-styles \" style=\"text-align: justify;\" data-block-type=\"unstyled\" data-block-weight=\"27\" data-block-id=\"21\">\n<p class=\"content-text__container \" data-track-category=\"Link no Texto\" data-track-links=\"\">\u201cInteressante salientar, que ao ser questionada acerca de demora em relatar \u00e0s autoridades sobre a amea\u00e7a, a acusada declarou que estava \u2018processando\u2019 os fatos\u201d, frisou o juiz.<\/p>\n<\/div>\n<div class=\"mc-column content-text active-extra-styles \" style=\"text-align: justify;\" data-block-type=\"unstyled\" data-block-weight=\"41\" data-block-id=\"22\">\n<p class=\"content-text__container \" data-track-category=\"Link no Texto\" data-track-links=\"\">Tamb\u00e9m n\u00e3o merece cr\u00e9dito, segundo Livonesi, o argumento da professora de que desconhecia o conte\u00fado do inv\u00f3lucro que portava, tanto que ela mesma admitiu em seu interrogat\u00f3rio que os dois presidi\u00e1rios ofereciam-lhe dinheiro para que adentrasse a penitenci\u00e1ria com aparelhos celulares.<\/p>\n<\/div>\n<div class=\"mc-column content-text active-extra-styles \" style=\"text-align: justify;\" data-block-type=\"unstyled\" data-block-weight=\"14\" data-block-id=\"23\">\n<p class=\"content-text__container \" data-track-category=\"Link no Texto\" data-track-links=\"\">J\u00e1 os dois detentos tamb\u00e9m condenados juntamente com a professora negaram envolvimento no crime.<\/p>\n<\/div>\n<div class=\"mc-column content-text active-extra-styles \" data-block-type=\"unstyled\" data-block-weight=\"45\" data-block-id=\"24\">\n<p class=\"content-text__container \" style=\"text-align: justify;\" data-track-category=\"Link no Texto\" data-track-links=\"\">Com rela\u00e7\u00e3o aos presidi\u00e1rios, o juiz entendeu que, apesar da negativa dos acusados, \u201csuas vers\u00f5es s\u00e3o completamente destoantes das demais provas produzidas no curso da instru\u00e7\u00e3o\u201d. \u201cDestarte, h\u00e1 que se concluir que o contexto probat\u00f3rio indica com precis\u00e3o a imputa\u00e7\u00e3o de corrup\u00e7\u00e3o ativa\u201d, concluiu Livonesi.<\/p>\n<p style=\"text-align: justify;\" data-track-category=\"Link no Texto\" data-track-links=\"\">Fonte: G1<\/p>\n<\/div>\n<\/div>\n<\/div>\n<\/div>\n<\/div>\n","protected":false},"excerpt":{"rendered":"<p>Mulher disse \u00e0 Justi\u00e7a que se sentia \u2018amea\u00e7ada\u2019 e que n\u00e3o sabia que o inv\u00f3lucro que portava tinha o aparelho. Presidi\u00e1rios que seriam beneficiados foram condenados por corrup\u00e7\u00e3o ativa. Em senten\u00e7a publicada oficialmente nesta sexta-feira (29), a Justi\u00e7a condenou em primeira inst\u00e2ncia por corrup\u00e7\u00e3o passiva uma professora acusada de ingressar na Penitenci\u00e1ria de\u00a0Luc\u00e9lia (SP), sem [&hellip;]<\/p>\n","protected":false},"author":1,"featured_media":12755,"comment_status":"closed","ping_status":"open","sticky":false,"template":"","format":"standard","meta":{"footnotes":""},"categories":[120,110],"tags":[],"class_list":["post-12754","post","type-post","status-publish","format-standard","has-post-thumbnail","hentry","category-justicahabitacaotecnologia","category-noticiasdestaque"],"_links":{"self":[{"href":"https:\/\/jorgezanoni.com.br\/2019\/wp-json\/wp\/v2\/posts\/12754","targetHints":{"allow":["GET"]}}],"collection":[{"href":"https:\/\/jorgezanoni.com.br\/2019\/wp-json\/wp\/v2\/posts"}],"about":[{"href":"https:\/\/jorgezanoni.com.br\/2019\/wp-json\/wp\/v2\/types\/post"}],"author":[{"embeddable":true,"href":"https:\/\/jorgezanoni.com.br\/2019\/wp-json\/wp\/v2\/users\/1"}],"replies":[{"embeddable":true,"href":"https:\/\/jorgezanoni.com.br\/2019\/wp-json\/wp\/v2\/comments?post=12754"}],"version-history":[{"count":0,"href":"https:\/\/jorgezanoni.com.br\/2019\/wp-json\/wp\/v2\/posts\/12754\/revisions"}],"wp:featuredmedia":[{"embeddable":true,"href":"https:\/\/jorgezanoni.com.br\/2019\/wp-json\/wp\/v2\/media\/12755"}],"wp:attachment":[{"href":"https:\/\/jorgezanoni.com.br\/2019\/wp-json\/wp\/v2\/media?parent=12754"}],"wp:term":[{"taxonomy":"category","embeddable":true,"href":"https:\/\/jorgezanoni.com.br\/2019\/wp-json\/wp\/v2\/categories?post=12754"},{"taxonomy":"post_tag","embeddable":true,"href":"https:\/\/jorgezanoni.com.br\/2019\/wp-json\/wp\/v2\/tags?post=12754"}],"curies":[{"name":"wp","href":"https:\/\/api.w.org\/{rel}","templated":true}]}}