{"id":12751,"date":"2019-11-30T19:31:08","date_gmt":"2019-11-30T19:31:08","guid":{"rendered":"https:\/\/jorgezanoni.com.br\/2019\/?p=12751"},"modified":"2019-11-30T19:31:08","modified_gmt":"2019-11-30T19:31:08","slug":"estado-confirma-inauguracao-de-novo-cdp-em-caiua-com-capacidade-para-823-presos-provisorios","status":"publish","type":"post","link":"https:\/\/jorgezanoni.com.br\/2019\/estado-confirma-inauguracao-de-novo-cdp-em-caiua-com-capacidade-para-823-presos-provisorios\/","title":{"rendered":"Estado confirma inaugura\u00e7\u00e3o de novo CDP em Caiu\u00e1 com capacidade para 823 presos provis\u00f3rios"},"content":{"rendered":"<h2 class=\"content-head__subtitle\" style=\"text-align: justify;\"><strong>Evento marcado para a pr\u00f3xima segunda-feira (2), \u00e0s 15h10, contar\u00e1 com a presen\u00e7a do governador Jo\u00e3o Doria Junior (PSDB).<\/strong><\/h2>\n<div class=\"mc-column content-text active-extra-styles \" style=\"text-align: justify;\" data-block-type=\"unstyled\" data-block-weight=\"31\" data-block-id=\"2\">\n<p class=\"content-text__container \" data-track-category=\"Link no Texto\" data-track-links=\"\">O governador do Estado de S\u00e3o Paulo, Jo\u00e3o Doria Junior (PSDB), ir\u00e1 inaugurar na pr\u00f3xima segunda-feira (2) o segundo Centro de Deten\u00e7\u00e3o Provis\u00f3ria (CDP) de\u00a0<a href=\"https:\/\/g1.globo.com\/sp\/presidente-prudente-regiao\/cidade\/caiua\/\">Caiu\u00e1<\/a>, na regi\u00e3o de Presidente Prudente.<\/p>\n<\/div>\n<div class=\"wall protected-content\">\n<div class=\"mc-column content-text active-extra-styles \" style=\"text-align: justify;\" data-block-type=\"unstyled\" data-block-weight=\"35\" data-block-id=\"3\">\n<p class=\"content-text__container \" data-track-category=\"Link no Texto\" data-track-links=\"\">De acordo com a agenda oficial divulgada na tarde desta sexta-feira (29), a inaugura\u00e7\u00e3o est\u00e1 marcada para as 15h10, no local da obra, que fica na altura do km 634,240 da Rodovia Raposo Tavares (SP-270).<\/p>\n<\/div>\n<div class=\"mc-column content-text active-extra-styles \" style=\"text-align: justify;\" data-block-type=\"unstyled\" data-block-weight=\"18\" data-block-id=\"4\">\n<p class=\"content-text__container \" data-track-category=\"Link no Texto\" data-track-links=\"\">Segundo o governo do Estado, a unidade ser\u00e1 entregue totalmente automatizada, com capacidade para abrigar 823 presos provis\u00f3rios.<\/p>\n<\/div>\n<div class=\"mc-column content-text active-extra-styles \" data-block-type=\"unstyled\" data-block-weight=\"24\" data-block-id=\"5\">\n<p class=\"content-text__container \" style=\"text-align: justify;\" data-track-category=\"Link no Texto\" data-track-links=\"\">De acordo com a Secretaria da Administra\u00e7\u00e3o Penitenci\u00e1ria do Estado de S\u00e3o Paulo (SAP),\u00a0<a href=\"https:\/\/g1.globo.com\/sp\/presidente-prudente-regiao\/noticia\/2019\/09\/22\/com-quase-99percent-da-obra-finalizada-novo-cdp-de-caiua-abre-823-vagas-no-sistema-penitenciario-na-regiao-de-presidente-prudente.ghtml\">o valor total da obra \u00e9 de R$ 53.302.697,64<\/a>.<\/p>\n<div class=\"mc-column content-text active-extra-styles \" style=\"text-align: justify;\" data-block-type=\"unstyled\" data-block-weight=\"56\" data-block-id=\"7\">\n<p class=\"content-text__container \" data-track-category=\"Link no Texto\" data-track-links=\"\">Durante o evento, Doria tamb\u00e9m assinar\u00e1 a autoriza\u00e7\u00e3o e a entrega de t\u00edtulos de propriedade de \u00e1reas urbanas e rurais em benef\u00edcio de moradores de Caiu\u00e1,\u00a0<a href=\"https:\/\/g1.globo.com\/sp\/presidente-prudente-regiao\/cidade\/euclides-da-cunha-paulista\/\">Euclides da Cunha Paulista<\/a>,\u00a0<a href=\"https:\/\/g1.globo.com\/sp\/presidente-prudente-regiao\/cidade\/maraba-paulista\/\">Marab\u00e1 Paulista<\/a>,\u00a0<a href=\"https:\/\/g1.globo.com\/sp\/presidente-prudente-regiao\/cidade\/narandiba\/\">Narandiba<\/a>,\u00a0<a href=\"https:\/\/g1.globo.com\/sp\/presidente-prudente-regiao\/cidade\/presidente-venceslau\/\">Presidente Venceslau<\/a>,\u00a0<a href=\"https:\/\/g1.globo.com\/sp\/presidente-prudente-regiao\/cidade\/sandovalina\/\">Sandovalina<\/a>\u00a0e\u00a0<a href=\"https:\/\/g1.globo.com\/sp\/presidente-prudente-regiao\/cidade\/teodoro-sampaio-sp\/\">Teodoro Sampaio<\/a>, na regi\u00e3o de Presidente Prudente, al\u00e9m de\u00a0<a href=\"https:\/\/g1.globo.com\/sp\/bauru-marilia\/cidade\/candido-mota\/\">C\u00e2ndido Mota<\/a>\u00a0e\u00a0<a href=\"https:\/\/g1.globo.com\/sp\/bauru-marilia\/cidade\/platina\/\">Platina<\/a>, que ficam na regi\u00e3o de\u00a0<a href=\"https:\/\/g1.globo.com\/sp\/bauru-marilia\/cidade\/marilia\/\">Mar\u00edlia<\/a>.<\/p>\n<\/div>\n<div class=\"mc-column content-text active-extra-styles \" style=\"text-align: justify;\" data-block-type=\"unstyled\" data-block-weight=\"28\" data-block-id=\"8\">\n<p class=\"content-text__container \" data-track-category=\"Link no Texto\" data-track-links=\"\">A cidade de Caiu\u00e1 j\u00e1 conta, desde 2005, com um CDP, que possui capacidade para 844 presos e que atualmente disp\u00f5e de uma popula\u00e7\u00e3o carcer\u00e1ria de 607 homens.<\/p>\n<\/div>\n<div class=\"mc-column content-text active-extra-styles\" style=\"text-align: justify;\" data-block-type=\"raw\" data-block-weight=\"21\" data-block-id=\"9\">\n<ul class=\"content-unordered-list\">\n<li><a href=\"https:\/\/g1.globo.com\/sp\/presidente-prudente-regiao\/noticia\/2019\/09\/22\/com-quase-99percent-da-obra-finalizada-novo-cdp-de-caiua-abre-823-vagas-no-sistema-penitenciario-na-regiao-de-presidente-prudente.ghtml\">Com quase 99% da obra finalizada, novo CDP de Caiu\u00e1 abre 823 vagas no sistema penitenci\u00e1rio na regi\u00e3o de Presidente Prudente<\/a><\/li>\n<\/ul>\n<\/div>\n<div class=\"mc-column content-text active-extra-styles \" style=\"text-align: justify;\" data-block-type=\"unstyled\" data-block-weight=\"33\" data-block-id=\"10\">\n<p class=\"content-text__container \" data-track-category=\"Link no Texto\" data-track-links=\"\">Ainda na segunda-feira (2), o governador ter\u00e1 outro compromisso oficial na regi\u00e3o de\u00a0<a href=\"https:\/\/g1.globo.com\/sp\/presidente-prudente-regiao\/cidade\/presidente-prudente\/\">Presidente Prudente<\/a>, com a entrega do Centro de Conviv\u00eancia do Idoso (CCI) Lydia R\u00e9 Almirates, em\u00a0<a href=\"https:\/\/g1.globo.com\/sp\/presidente-prudente-regiao\/cidade\/santo-anastacio\/\">Santo Anast\u00e1cio<\/a>, \u00e0s 16h40.<\/p>\n<\/div>\n<div class=\"mc-column content-text active-extra-styles \" style=\"text-align: justify;\" data-block-type=\"unstyled\" data-block-weight=\"13\" data-block-id=\"11\">\n<p class=\"content-text__container \" data-track-category=\"Link no Texto\" data-track-links=\"\">A obra fica na Avenida Renato C\u00e9sar Mewes Mendes, 30, na Vila Prado.<\/p>\n<\/div>\n<div class=\"mc-column content-text active-extra-styles \" data-block-type=\"unstyled\" data-block-weight=\"15\" data-block-id=\"12\">\n<p class=\"content-text__container \" style=\"text-align: justify;\" data-track-category=\"Link no Texto\" data-track-links=\"\">Com esta inaugura\u00e7\u00e3o, Doria conclui a entrega de 24 equipamentos destinados a idosos no Estado.<\/p>\n<p style=\"text-align: justify;\" data-track-category=\"Link no Texto\" data-track-links=\"\">Fonte: G1<\/p>\n<\/div>\n<\/div>\n<\/div>\n","protected":false},"excerpt":{"rendered":"<p>Evento marcado para a pr\u00f3xima segunda-feira (2), \u00e0s 15h10, contar\u00e1 com a presen\u00e7a do governador Jo\u00e3o Doria Junior (PSDB). O governador do Estado de S\u00e3o Paulo, Jo\u00e3o Doria Junior (PSDB), ir\u00e1 inaugurar na pr\u00f3xima segunda-feira (2) o segundo Centro de Deten\u00e7\u00e3o Provis\u00f3ria (CDP) de\u00a0Caiu\u00e1, na regi\u00e3o de Presidente Prudente. De acordo com a agenda oficial [&hellip;]<\/p>\n","protected":false},"author":1,"featured_media":12752,"comment_status":"closed","ping_status":"open","sticky":false,"template":"","format":"standard","meta":{"footnotes":""},"categories":[114,110],"tags":[],"class_list":["post-12751","post","type-post","status-publish","format-standard","has-post-thumbnail","hentry","category-geralecomercio","category-noticiasdestaque"],"_links":{"self":[{"href":"https:\/\/jorgezanoni.com.br\/2019\/wp-json\/wp\/v2\/posts\/12751","targetHints":{"allow":["GET"]}}],"collection":[{"href":"https:\/\/jorgezanoni.com.br\/2019\/wp-json\/wp\/v2\/posts"}],"about":[{"href":"https:\/\/jorgezanoni.com.br\/2019\/wp-json\/wp\/v2\/types\/post"}],"author":[{"embeddable":true,"href":"https:\/\/jorgezanoni.com.br\/2019\/wp-json\/wp\/v2\/users\/1"}],"replies":[{"embeddable":true,"href":"https:\/\/jorgezanoni.com.br\/2019\/wp-json\/wp\/v2\/comments?post=12751"}],"version-history":[{"count":0,"href":"https:\/\/jorgezanoni.com.br\/2019\/wp-json\/wp\/v2\/posts\/12751\/revisions"}],"wp:featuredmedia":[{"embeddable":true,"href":"https:\/\/jorgezanoni.com.br\/2019\/wp-json\/wp\/v2\/media\/12752"}],"wp:attachment":[{"href":"https:\/\/jorgezanoni.com.br\/2019\/wp-json\/wp\/v2\/media?parent=12751"}],"wp:term":[{"taxonomy":"category","embeddable":true,"href":"https:\/\/jorgezanoni.com.br\/2019\/wp-json\/wp\/v2\/categories?post=12751"},{"taxonomy":"post_tag","embeddable":true,"href":"https:\/\/jorgezanoni.com.br\/2019\/wp-json\/wp\/v2\/tags?post=12751"}],"curies":[{"name":"wp","href":"https:\/\/api.w.org\/{rel}","templated":true}]}}