{"id":12743,"date":"2019-11-30T19:14:55","date_gmt":"2019-11-30T19:14:55","guid":{"rendered":"https:\/\/jorgezanoni.com.br\/2019\/?p=12743"},"modified":"2019-11-30T19:15:38","modified_gmt":"2019-11-30T19:15:38","slug":"acidente-com-onibus-mata-adolescente-na-rio-santos-em-sao-sebastiao-sp","status":"publish","type":"post","link":"https:\/\/jorgezanoni.com.br\/2019\/acidente-com-onibus-mata-adolescente-na-rio-santos-em-sao-sebastiao-sp\/","title":{"rendered":"Acidente com \u00f4nibus mata adolescente na Rio-Santos em S\u00e3o Sebasti\u00e3o, SP"},"content":{"rendered":"<h2 class=\"content-head__subtitle\" style=\"text-align: justify;\"><strong>\u00d4nibus de turismo levava jovens de Itanha\u00e9m para um jogo de r\u00fagbi em Ilhabela. Duas v\u00edtimas est\u00e3o em estado grave e dez sofreram ferimentos leves.<\/strong><\/h2>\n<div class=\"mc-column content-text active-extra-styles \" data-block-type=\"unstyled\" data-block-weight=\"65\" data-block-id=\"2\">\n<p class=\"content-text__container \" style=\"text-align: justify;\" data-track-category=\"Link no Texto\" data-track-links=\"\">Um \u00f4nibus com 42 jovens esportistas a bordo tombou na rodovia Rio-Santos (SP-55), em S\u00e3o Sebasti\u00e3o (SP), e\u00a0<a href=\"https:\/\/g1.globo.com\/sp\/santos-regiao\/noticia\/2019\/11\/30\/vitima-fatal-de-acidente-com-onibus-na-rodovia-rio-santos-e-identificada.ghtml\">deixou uma adolescente de 13 anos morta\u00a0<\/a>na manh\u00e3 deste s\u00e1bado (30). Segundo os bombeiros, duas v\u00edtimas est\u00e3o em estado grave, e outras dez tiveram ferimentos leves. A Artesp informou que a empresa operadora do fretado n\u00e3o tem autoriza\u00e7\u00e3o para fazer o transporte de passageiros<em>. (leia abaixo)<\/em><\/p>\n<\/div>\n<div class=\"wall protected-content\">\n<div class=\"mc-column content-text active-extra-styles \" data-block-type=\"unstyled\" data-block-weight=\"35\" data-block-id=\"3\">\n<p class=\"content-text__container \" style=\"text-align: justify;\" data-track-category=\"Link no Texto\" data-track-links=\"\">Segundo a Pol\u00edcia Rodovi\u00e1ria Estadual, o acidente foi por volta de 7h, no km 157 da rodovia, em um trecho de serra em Boi\u00e7ucanga. A menina que morreu, Lays Prado Luz, ficou presa nas ferragens.<\/p>\n<p style=\"text-align: justify;\" data-track-category=\"Link no Texto\" data-track-links=\"\">O \u00f4nibus de turismo partiu de Itanha\u00e9m (SP) e seguia para Ilhabela (SP), onde as v\u00edtimas disputariam um torneio de r\u00fagbi a partir das 9h. Os passageiros, que s\u00e3o da escolinha de Rugby Athenas Itanha\u00e9m, t\u00eam entre 13 e 20 anos.<\/p>\n<p style=\"text-align: justify;\" data-track-category=\"Link no Texto\" data-track-links=\"\">Segundo a Prefeitura de S\u00e3o Sebasti\u00e3o, os feridos em estado grave foram levados para o hospital de S\u00e3o Sebasti\u00e3o, e os demais, para o pronto-socorro de Boi\u00e7ucanga &#8211; nove deles tiveram alta antes de meio-dia. Uma das pessoas gravemente ferida foi transferida para o Hospital Municipal de S\u00e3o Jos\u00e9 dos Campos. A prefeitura n\u00e3o informou o estado de sa\u00fade da adolescente, de 16 anos.<\/p>\n<div class=\"mc-column content-text active-extra-styles \" style=\"text-align: justify;\" data-block-type=\"unstyled\" data-block-weight=\"62\" data-block-id=\"9\">\n<p class=\"content-text__container \" data-track-category=\"Link no Texto\" data-track-links=\"\">A via\u00e7\u00e3o Grandino informou ao\u00a0<strong>G1<\/strong>\u00a0que o ve\u00edculo envolvido no acidente foi vendido a uma empresa de Itanha\u00e9m em 2015. A nova propriet\u00e1ria, a RTK Transportes, informou que a vistoria e documenta\u00e7\u00e3o do coletivo est\u00e3o em dia e que vai prestar assist\u00eancia \u00e0s v\u00edtimas do acidente e seus familiares. A Artesp, no entanto, negou que a empresa opere regularmente.<em>\u00a0(leia abaixo)<\/em><\/p>\n<\/div>\n<div class=\"mc-column content-text active-extra-styles \" style=\"text-align: justify;\" data-block-type=\"unstyled\" data-block-weight=\"38\" data-block-id=\"10\">\n<p class=\"content-text__container \" data-track-category=\"Link no Texto\" data-track-links=\"\">At\u00e9 11h, o tr\u00e2nsito no local fluiu em sistema &#8216;Pare e Siga&#8217; no local onde ocorreu o acidente. Depois as pistas foram liberadas. O \u00f4nibus foi retirado e levado para uma base da pol\u00edcia, onde deve ser periciado.<\/p>\n<\/div>\n<div class=\"mc-column content-text active-extra-styles\" style=\"text-align: justify;\" data-block-type=\"raw\" data-block-weight=\"1\" data-block-id=\"11\">\n<div class=\"content-intertitle\">\n<h2>Irregular<\/h2>\n<\/div>\n<\/div>\n<div class=\"mc-column content-text active-extra-styles \" style=\"text-align: justify;\" data-block-type=\"unstyled\" data-block-weight=\"32\" data-block-id=\"12\">\n<p class=\"content-text__container \" data-track-category=\"Link no Texto\" data-track-links=\"\">A Artesp, ag\u00eancia reguladora dos transportes p\u00fablicos em S\u00e3o Paulo, informou na tarde deste s\u00e1bado (30) que a RTK n\u00e3o tem cadastro na Artesp, nem autoriza\u00e7\u00e3o legal para o transporte de passageiros.<\/p>\n<\/div>\n<div class=\"mc-column content-text active-extra-styles \" data-block-type=\"unstyled\" data-block-weight=\"49\" data-block-id=\"13\">\n<p class=\"content-text__container \" style=\"text-align: justify;\" data-track-category=\"Link no Texto\" data-track-links=\"\">&#8220;A utiliza\u00e7\u00e3o de transporte irregular traz riscos para os passageiros, j\u00e1 que os ve\u00edculos n\u00e3o passam pelas vistorias exigidas pela Artesp para atuar no segmento, al\u00e9m de n\u00e3o haver a garantia de que o motorista est\u00e1 devidamente habilitado para a presta\u00e7\u00e3o do servi\u00e7o&#8221;, diz trecho da nota do \u00f3rg\u00e3o.<\/p>\n<p data-track-category=\"Link no Texto\" data-track-links=\"\"><img loading=\"lazy\" decoding=\"async\" class=\"alignnone size-full wp-image-12744\" src=\"https:\/\/jorgezanoni.com.br\/2019\/wp-content\/uploads\/2019\/11\/bus\u00e3o-3.jpg\" alt=\"\" width=\"1200\" height=\"949\" srcset=\"https:\/\/jorgezanoni.com.br\/2019\/wp-content\/uploads\/2019\/11\/bus\u00e3o-3.jpg 1200w, https:\/\/jorgezanoni.com.br\/2019\/wp-content\/uploads\/2019\/11\/bus\u00e3o-3-300x237.jpg 300w, https:\/\/jorgezanoni.com.br\/2019\/wp-content\/uploads\/2019\/11\/bus\u00e3o-3-768x607.jpg 768w, https:\/\/jorgezanoni.com.br\/2019\/wp-content\/uploads\/2019\/11\/bus\u00e3o-3-1024x810.jpg 1024w, https:\/\/jorgezanoni.com.br\/2019\/wp-content\/uploads\/2019\/11\/bus\u00e3o-3-696x550.jpg 696w, https:\/\/jorgezanoni.com.br\/2019\/wp-content\/uploads\/2019\/11\/bus\u00e3o-3-1068x845.jpg 1068w, https:\/\/jorgezanoni.com.br\/2019\/wp-content\/uploads\/2019\/11\/bus\u00e3o-3-531x420.jpg 531w\" sizes=\"auto, (max-width: 1200px) 100vw, 1200px\" \/>\u00d4nibus com adolescentes a bordo tomou na serra de Boi\u00e7ucanga em S\u00e3o Sebasti\u00e3o \u2014 Foto: Bombeiros\/Divulga\u00e7\u00e3o<\/p>\n<p style=\"text-align: justify;\" data-track-category=\"Link no Texto\" data-track-links=\"\"><img loading=\"lazy\" decoding=\"async\" class=\"alignnone size-full wp-image-12745\" src=\"https:\/\/jorgezanoni.com.br\/2019\/wp-content\/uploads\/2019\/11\/bus\u00e3o2-1.jpg\" alt=\"\" width=\"1200\" height=\"560\" srcset=\"https:\/\/jorgezanoni.com.br\/2019\/wp-content\/uploads\/2019\/11\/bus\u00e3o2-1.jpg 1200w, https:\/\/jorgezanoni.com.br\/2019\/wp-content\/uploads\/2019\/11\/bus\u00e3o2-1-300x140.jpg 300w, https:\/\/jorgezanoni.com.br\/2019\/wp-content\/uploads\/2019\/11\/bus\u00e3o2-1-768x358.jpg 768w, https:\/\/jorgezanoni.com.br\/2019\/wp-content\/uploads\/2019\/11\/bus\u00e3o2-1-1024x478.jpg 1024w, https:\/\/jorgezanoni.com.br\/2019\/wp-content\/uploads\/2019\/11\/bus\u00e3o2-1-696x325.jpg 696w, https:\/\/jorgezanoni.com.br\/2019\/wp-content\/uploads\/2019\/11\/bus\u00e3o2-1-1068x498.jpg 1068w, https:\/\/jorgezanoni.com.br\/2019\/wp-content\/uploads\/2019\/11\/bus\u00e3o2-1-900x420.jpg 900w\" sizes=\"auto, (max-width: 1200px) 100vw, 1200px\" \/>Adolescentes foram socorridos pelos bombeiros e pelo Samu \u2014 Foto: Bombeiros\/Divulga\u00e7\u00e3o<\/p>\n<p data-track-category=\"Link no Texto\" data-track-links=\"\"><img loading=\"lazy\" decoding=\"async\" class=\"alignnone size-full wp-image-12748\" src=\"https:\/\/jorgezanoni.com.br\/2019\/wp-content\/uploads\/2019\/11\/onibus1.jpg\" alt=\"\" width=\"1200\" height=\"900\" srcset=\"https:\/\/jorgezanoni.com.br\/2019\/wp-content\/uploads\/2019\/11\/onibus1.jpg 1200w, https:\/\/jorgezanoni.com.br\/2019\/wp-content\/uploads\/2019\/11\/onibus1-300x225.jpg 300w, https:\/\/jorgezanoni.com.br\/2019\/wp-content\/uploads\/2019\/11\/onibus1-768x576.jpg 768w, https:\/\/jorgezanoni.com.br\/2019\/wp-content\/uploads\/2019\/11\/onibus1-1024x768.jpg 1024w, https:\/\/jorgezanoni.com.br\/2019\/wp-content\/uploads\/2019\/11\/onibus1-80x60.jpg 80w, https:\/\/jorgezanoni.com.br\/2019\/wp-content\/uploads\/2019\/11\/onibus1-265x198.jpg 265w, https:\/\/jorgezanoni.com.br\/2019\/wp-content\/uploads\/2019\/11\/onibus1-696x522.jpg 696w, https:\/\/jorgezanoni.com.br\/2019\/wp-content\/uploads\/2019\/11\/onibus1-1068x801.jpg 1068w, https:\/\/jorgezanoni.com.br\/2019\/wp-content\/uploads\/2019\/11\/onibus1-560x420.jpg 560w\" sizes=\"auto, (max-width: 1200px) 100vw, 1200px\" \/>\u00d4nibus foi levado para uma base da pol\u00edcia, onde deve ser periciado \u2014 Foto: Prefeitura de S\u00e3o Sebasti\u00e3o\/Divulga\u00e7\u00e3o<\/p>\n<p data-track-category=\"Link no Texto\" data-track-links=\"\">Fonte: F1<\/p>\n<div class=\"row medium-uncollapsed content-media content-photo\" data-block-type=\"backstage-photo\" data-block-id=\"17\">\n<div class=\"mc-column content-media__container\">\n<div class=\"progressive-img can-open-lightbox\" data-min-size=\"1008x756\" data-min-size-url=\"https:\/\/s2.glbimg.com\/T7m4kBPVey-q9Z4Qjsy_5ZYv3cU=\/0x0:960x720\/1008x0\/smart\/filters:strip_icc()\/i.s3.glbimg.com\/v1\/AUTH_59edd422c0c84a879bd37670ae4f538a\/internal_photos\/bs\/2019\/L\/g\/UvpdNISGypnXL5fKmBSQ\/onibus1.jpg\" data-max-size=\"1600x1200\" data-max-size-url=\"https:\/\/s2.glbimg.com\/yaIAuY4WzOAcdMC6m5yhEZ5VSRI=\/0x0:960x720\/1600x0\/smart\/filters:strip_icc()\/i.s3.glbimg.com\/v1\/AUTH_59edd422c0c84a879bd37670ae4f538a\/internal_photos\/bs\/2019\/L\/g\/UvpdNISGypnXL5fKmBSQ\/onibus1.jpg\" data-media-index=\"3\"><\/div>\n<\/div>\n<\/div>\n<\/div>\n<\/div>\n<\/div>\n","protected":false},"excerpt":{"rendered":"<p>\u00d4nibus de turismo levava jovens de Itanha\u00e9m para um jogo de r\u00fagbi em Ilhabela. Duas v\u00edtimas est\u00e3o em estado grave e dez sofreram ferimentos leves. Um \u00f4nibus com 42 jovens esportistas a bordo tombou na rodovia Rio-Santos (SP-55), em S\u00e3o Sebasti\u00e3o (SP), e\u00a0deixou uma adolescente de 13 anos morta\u00a0na manh\u00e3 deste s\u00e1bado (30). Segundo os [&hellip;]<\/p>\n","protected":false},"author":1,"featured_media":12749,"comment_status":"closed","ping_status":"open","sticky":false,"template":"","format":"standard","meta":{"footnotes":""},"categories":[170,110],"tags":[],"class_list":["post-12743","post","type-post","status-publish","format-standard","has-post-thumbnail","hentry","category-acidentes","category-noticiasdestaque"],"_links":{"self":[{"href":"https:\/\/jorgezanoni.com.br\/2019\/wp-json\/wp\/v2\/posts\/12743","targetHints":{"allow":["GET"]}}],"collection":[{"href":"https:\/\/jorgezanoni.com.br\/2019\/wp-json\/wp\/v2\/posts"}],"about":[{"href":"https:\/\/jorgezanoni.com.br\/2019\/wp-json\/wp\/v2\/types\/post"}],"author":[{"embeddable":true,"href":"https:\/\/jorgezanoni.com.br\/2019\/wp-json\/wp\/v2\/users\/1"}],"replies":[{"embeddable":true,"href":"https:\/\/jorgezanoni.com.br\/2019\/wp-json\/wp\/v2\/comments?post=12743"}],"version-history":[{"count":0,"href":"https:\/\/jorgezanoni.com.br\/2019\/wp-json\/wp\/v2\/posts\/12743\/revisions"}],"wp:featuredmedia":[{"embeddable":true,"href":"https:\/\/jorgezanoni.com.br\/2019\/wp-json\/wp\/v2\/media\/12749"}],"wp:attachment":[{"href":"https:\/\/jorgezanoni.com.br\/2019\/wp-json\/wp\/v2\/media?parent=12743"}],"wp:term":[{"taxonomy":"category","embeddable":true,"href":"https:\/\/jorgezanoni.com.br\/2019\/wp-json\/wp\/v2\/categories?post=12743"},{"taxonomy":"post_tag","embeddable":true,"href":"https:\/\/jorgezanoni.com.br\/2019\/wp-json\/wp\/v2\/tags?post=12743"}],"curies":[{"name":"wp","href":"https:\/\/api.w.org\/{rel}","templated":true}]}}