{"id":12657,"date":"2019-11-29T23:10:07","date_gmt":"2019-11-29T23:10:07","guid":{"rendered":"https:\/\/jorgezanoni.com.br\/2019\/?p=12657"},"modified":"2019-11-29T23:10:07","modified_gmt":"2019-11-29T23:10:07","slug":"reclamacao-da-populacao-rua-olavo-bilac-no-jardim-vera-cruz-esta-cheia-de-buracos-e-tem-terreno-que-preocupa-moradores","status":"publish","type":"post","link":"https:\/\/jorgezanoni.com.br\/2019\/reclamacao-da-populacao-rua-olavo-bilac-no-jardim-vera-cruz-esta-cheia-de-buracos-e-tem-terreno-que-preocupa-moradores\/","title":{"rendered":"Reclama\u00e7\u00e3o da Popula\u00e7\u00e3o: Rua Olavo Bilac no jardim Vera Cruz est\u00e1 cheia de buracos e tem terreno que preocupa moradores."},"content":{"rendered":"<div id=\"fb-root\"><\/div>\n<p><script async=\"1\" defer=\"1\" crossorigin=\"anonymous\" src=\"https:\/\/connect.facebook.net\/en_US\/sdk.js#xfbml=1&amp;version=v5.0\"><\/script><\/p>\n<div class=\"fb-video\" data-href=\"https:\/\/www.facebook.com\/jorgezanonidracena\/videos\/554556741988499\/\" data-width=\"696\">\n<blockquote cite=\"https:\/\/www.facebook.com\/jorgezanonidracena\/videos\/554556741988499\/\" class=\"fb-xfbml-parse-ignore\"><p><a href=\"https:\/\/www.facebook.com\/jorgezanonidracena\/videos\/554556741988499\/\">Reclama\u00e7\u00e3o da Popula\u00e7\u00e3o: Rua Olavo Bilac no jardim Vera Cruz est\u00e1 cheia de buracos e tem terreno que preocupa moradores.<\/a><\/p>\n<p>Reclama\u00e7\u00e3o da Popula\u00e7\u00e3o: Rua Olavo Bilac no jardim Vera Cruz est\u00e1 cheia de buracos e tem terreno que preocupa moradores.<\/p>\n<p>Posted by <a href=\"https:\/\/www.facebook.com\/jorgezanonidracena\/\">Jorge Zanoni<\/a> on Friday, November 29, 2019<\/p><\/blockquote>\n<\/div>\n<p>Foto Arquivo<\/p>\n","protected":false},"excerpt":{"rendered":"<p>Reclama\u00e7\u00e3o da Popula\u00e7\u00e3o: Rua Olavo Bilac no jardim Vera Cruz est\u00e1 cheia de buracos e tem terreno que preocupa moradores. Reclama\u00e7\u00e3o da Popula\u00e7\u00e3o: Rua Olavo Bilac no jardim Vera Cruz est\u00e1 cheia de buracos e tem terreno que preocupa moradores. Posted by Jorge Zanoni on Friday, November 29, 2019 Foto Arquivo<\/p>\n","protected":false},"author":1,"featured_media":12658,"comment_status":"closed","ping_status":"open","sticky":false,"template":"","format":"video","meta":{"footnotes":""},"categories":[169],"tags":[],"class_list":["post-12657","post","type-post","status-publish","format-video","has-post-thumbnail","hentry","category-videos","post_format-post-format-video"],"_links":{"self":[{"href":"https:\/\/jorgezanoni.com.br\/2019\/wp-json\/wp\/v2\/posts\/12657","targetHints":{"allow":["GET"]}}],"collection":[{"href":"https:\/\/jorgezanoni.com.br\/2019\/wp-json\/wp\/v2\/posts"}],"about":[{"href":"https:\/\/jorgezanoni.com.br\/2019\/wp-json\/wp\/v2\/types\/post"}],"author":[{"embeddable":true,"href":"https:\/\/jorgezanoni.com.br\/2019\/wp-json\/wp\/v2\/users\/1"}],"replies":[{"embeddable":true,"href":"https:\/\/jorgezanoni.com.br\/2019\/wp-json\/wp\/v2\/comments?post=12657"}],"version-history":[{"count":0,"href":"https:\/\/jorgezanoni.com.br\/2019\/wp-json\/wp\/v2\/posts\/12657\/revisions"}],"wp:featuredmedia":[{"embeddable":true,"href":"https:\/\/jorgezanoni.com.br\/2019\/wp-json\/wp\/v2\/media\/12658"}],"wp:attachment":[{"href":"https:\/\/jorgezanoni.com.br\/2019\/wp-json\/wp\/v2\/media?parent=12657"}],"wp:term":[{"taxonomy":"category","embeddable":true,"href":"https:\/\/jorgezanoni.com.br\/2019\/wp-json\/wp\/v2\/categories?post=12657"},{"taxonomy":"post_tag","embeddable":true,"href":"https:\/\/jorgezanoni.com.br\/2019\/wp-json\/wp\/v2\/tags?post=12657"}],"curies":[{"name":"wp","href":"https:\/\/api.w.org\/{rel}","templated":true}]}}