{"id":12648,"date":"2019-11-29T16:43:53","date_gmt":"2019-11-29T16:43:53","guid":{"rendered":"https:\/\/jorgezanoni.com.br\/2019\/?p=12648"},"modified":"2019-11-29T23:22:30","modified_gmt":"2019-11-29T23:22:30","slug":"crime-de-lesao-corporal-foi-registrado-no-inicio-noite-de-ontem-28-no-jardim-brasilandia-em-dracena","status":"publish","type":"post","link":"https:\/\/jorgezanoni.com.br\/2019\/crime-de-lesao-corporal-foi-registrado-no-inicio-noite-de-ontem-28-no-jardim-brasilandia-em-dracena\/","title":{"rendered":"Crime de Les\u00e3o Corporal foi registrado no in\u00edcio noite de ontem (28) no jardim Brasil\u00e2ndia em Dracena"},"content":{"rendered":"<p style=\"text-align: justify;\">No in\u00edcio da noite de ontem (28), a Pol\u00edcia Militar registrou uma ocorr\u00eancia de Les\u00e3o Corporal na rua Manuel Bandeira no jardim Brasil\u00e2ndia em Dracena.<\/p>\n<p style=\"text-align: justify;\">Segundo informa\u00e7\u00f5es obtidas pela reportagem do Site JZ, mulher e companheiro se envolveram em uma briga ap\u00f3s o homem ter chegado em casa com uma vara de Bambu e apresentando estado de embriagues alco\u00f3lica, teria come\u00e7ado a quebrar tudo na resid\u00eancia dizendo que depois quebraria ela.<\/p>\n<p style=\"text-align: justify;\">A mulher se armou de uma faca para se defender e atingiu o homem acabando por tranc\u00e1-lo dentro do banheiro, em seguida ela mesmo chamou a Pol\u00edcia e contou o ocorrido.<\/p>\n<p style=\"text-align: justify;\">A Viatura da Pol\u00edcia chegou ao local dos fatos e depois de muito trabalho conseguiu retirar o homem do banheiro que acabou sendo levado at\u00e9 ao Pronto Atendimento Municipal pela Unidade de Resgate do Corpo de Bombeiros.<\/p>\n<p style=\"text-align: justify;\">Ap\u00f3s o atendimento na Santa Casa, o homem que teve apenas ferimentos leves e a mulher foram apresentados no Plant\u00e3o Policial para o registro da ocorr\u00eancia de Les\u00e3o Corporal e em seguida liberados.<\/p>\n<p style=\"text-align: justify;\">Jorge Zanoni<\/p>\n<p style=\"text-align: justify;\">Foto de Internauta<\/p>\n","protected":false},"excerpt":{"rendered":"<p>No in\u00edcio da noite de ontem (28), a Pol\u00edcia Militar registrou uma ocorr\u00eancia de Les\u00e3o Corporal na rua Manuel Bandeira no jardim Brasil\u00e2ndia em Dracena. Segundo informa\u00e7\u00f5es obtidas pela reportagem do Site JZ, mulher e companheiro se envolveram em uma briga ap\u00f3s o homem ter chegado em casa com uma vara de Bambu e apresentando [&hellip;]<\/p>\n","protected":false},"author":1,"featured_media":12649,"comment_status":"closed","ping_status":"open","sticky":false,"template":"","format":"standard","meta":{"footnotes":""},"categories":[110,2],"tags":[],"class_list":["post-12648","post","type-post","status-publish","format-standard","has-post-thumbnail","hentry","category-noticiasdestaque","category-policial"],"_links":{"self":[{"href":"https:\/\/jorgezanoni.com.br\/2019\/wp-json\/wp\/v2\/posts\/12648","targetHints":{"allow":["GET"]}}],"collection":[{"href":"https:\/\/jorgezanoni.com.br\/2019\/wp-json\/wp\/v2\/posts"}],"about":[{"href":"https:\/\/jorgezanoni.com.br\/2019\/wp-json\/wp\/v2\/types\/post"}],"author":[{"embeddable":true,"href":"https:\/\/jorgezanoni.com.br\/2019\/wp-json\/wp\/v2\/users\/1"}],"replies":[{"embeddable":true,"href":"https:\/\/jorgezanoni.com.br\/2019\/wp-json\/wp\/v2\/comments?post=12648"}],"version-history":[{"count":0,"href":"https:\/\/jorgezanoni.com.br\/2019\/wp-json\/wp\/v2\/posts\/12648\/revisions"}],"wp:featuredmedia":[{"embeddable":true,"href":"https:\/\/jorgezanoni.com.br\/2019\/wp-json\/wp\/v2\/media\/12649"}],"wp:attachment":[{"href":"https:\/\/jorgezanoni.com.br\/2019\/wp-json\/wp\/v2\/media?parent=12648"}],"wp:term":[{"taxonomy":"category","embeddable":true,"href":"https:\/\/jorgezanoni.com.br\/2019\/wp-json\/wp\/v2\/categories?post=12648"},{"taxonomy":"post_tag","embeddable":true,"href":"https:\/\/jorgezanoni.com.br\/2019\/wp-json\/wp\/v2\/tags?post=12648"}],"curies":[{"name":"wp","href":"https:\/\/api.w.org\/{rel}","templated":true}]}}