{"id":12641,"date":"2019-11-29T16:04:07","date_gmt":"2019-11-29T16:04:07","guid":{"rendered":"https:\/\/jorgezanoni.com.br\/2019\/?p=12641"},"modified":"2019-11-29T16:04:07","modified_gmt":"2019-11-29T16:04:07","slug":"camara-realiza-sessao-solene-do-parlamento-jovem-2019-e-do-aniversario-do-municipio","status":"publish","type":"post","link":"https:\/\/jorgezanoni.com.br\/2019\/camara-realiza-sessao-solene-do-parlamento-jovem-2019-e-do-aniversario-do-municipio\/","title":{"rendered":"C\u00e2mara realiza sess\u00e3o solene do Parlamento Jovem 2019 e do anivers\u00e1rio do munic\u00edpio"},"content":{"rendered":"<p style=\"text-align: justify;\"><strong>Haver\u00e1 tamb\u00e9m entrega de T\u00edtulo de Cidad\u00e3o Honor\u00e1rio de Dracena e a segunda discuss\u00e3o do Or\u00e7amento 2020.<\/strong><strong>\u00a0<\/strong><\/p>\n<p style=\"text-align: justify;\">A C\u00e2mara Municipal de Dracena realizar\u00e1 na pr\u00f3xima segunda-feira (2) o Parlamento Jovem 2019 com participa\u00e7\u00e3o de estudantes de escolas p\u00fablicas e particulares do munic\u00edpio.<\/p>\n<p style=\"text-align: justify;\">O parlamento, institu\u00eddo atrav\u00e9s da Resolu\u00e7\u00e3o n.\u00b0 08\/2008, permite que alunos vivenciem o &#8220;processo democr\u00e1tico, mediante participa\u00e7\u00e3o em uma jornada parlamentar na C\u00e2mara Municipal de Dracena, com diploma\u00e7\u00e3o e exerc\u00edcio do mandato.&#8221;<\/p>\n<p style=\"text-align: justify;\">A escolha dos nomes foi feita mediante indica\u00e7\u00e3o das pr\u00f3prias escolas, que poderiam concorrer com a nomea\u00e7\u00e3o de at\u00e9 tr\u00eas alunos. Durante a sess\u00e3o, alunos ler\u00e3o suas proposituras e todas as mat\u00e9rias apresentadas ser\u00e3o encaminhadas ao Prefeito como indica\u00e7\u00f5es.<\/p>\n<p style=\"text-align: justify;\">Participar\u00e3o os seguintes alunos:<\/p>\n<p style=\"text-align: justify;\">1. Ana J\u00falia Carvalho Tossato &#8211; EMEFI Prof.\u00aa Luiza Rossa Ribeiro<\/p>\n<p style=\"text-align: justify;\">2. Amanda Rodrigues P. Alves &#8211; EMEFI Prof.\u00aa Luiza Rossa Ribeiro<\/p>\n<p style=\"text-align: justify;\">3. Breno Ruela Sartori &#8211; Col\u00e9gio Objetivo<\/p>\n<p style=\"text-align: justify;\">4. Carlos Eduardo Rodarte Terra &#8211; E.E. Alfredo Machado<\/p>\n<p style=\"text-align: justify;\">5. Cristhian Lucas de Carvalho Ribeiro &#8211; EMEFI Prof. S\u00e9rgio Liberatti<\/p>\n<p style=\"text-align: justify;\">6. Felipe Crepaldi dos Santos &#8211; Col\u00e9gio Objetivo<\/p>\n<p style=\"text-align: justify;\">7. Fernando Fuzinatto de Carvalho Silva &#8211; Anglo CID<\/p>\n<p style=\"text-align: justify;\">8. Helena Isabelly Gon\u00e7alves da Silva &#8211; Escola Eng. Isac Pereira Garcez<\/p>\n<p style=\"text-align: justify;\">9. Ilana Fernanda Lima Gon\u00e7alves &#8211; 9 de Julho<\/p>\n<p style=\"text-align: justify;\">10. Jean Pedro Costa da Silva &#8211; EMEFI Guilherme Tammerik<\/p>\n<p style=\"text-align: justify;\">11. Jo\u00e3o Pedro Torres Cazela &#8211; EMEFI Ott\u00edlia Braz Noguerol<\/p>\n<p style=\"text-align: justify;\">12. Jo\u00e3o Roberto Sanches Pimenta &#8211; EMEFI Ott\u00edlia Braz Noguerol<\/p>\n<p style=\"text-align: justify;\">13. Leonardo Mura &#8211; 9 de Julho<\/p>\n<p style=\"text-align: justify;\">14. Mateus Vaiz da Silva Rodrigues &#8211; 9 de Julho<\/p>\n<p style=\"text-align: justify;\">15. Paula Ortiz Vido dos Santos &#8211; Anglo CID<\/p>\n<p style=\"text-align: justify;\">16. Pedro Henrique Daun Crudo &#8211; Anglo CID<\/p>\n<p style=\"text-align: justify;\">17. Polyana Andressa da Silva Licore &#8211; EMEFI Guilherme Tammerik<\/p>\n<p style=\"text-align: justify;\">18. Renato Alves Dias &#8211; EMEFI Jo\u00e3o Vendramini<\/p>\n<p style=\"text-align: justify;\">19. Tawany Beatriz de Lima Souza &#8211; EMEFI Prof.\u00aa Luiza Rossa Ribeiro<\/p>\n<p style=\"text-align: justify;\">20. Vinicius Ryan da Silva Duarte &#8211; E.E. Alfredo Machado<\/p>\n<p style=\"text-align: justify;\">21. Vit\u00f3ria Carolina da Silva Rocha &#8211; E.E. Alfredo Machado<\/p>\n<p style=\"text-align: justify;\"><strong>74\u00ba Anivers\u00e1rio de Dracena e T\u00edtulo de Cidad\u00e3o Honor\u00e1rio\u00a0<\/strong><\/p>\n<p style=\"text-align: justify;\">A instala\u00e7\u00e3o do Parlamento Jovem ocorre na sess\u00e3o solene em homenagem aos 74 anos de Dracena, comemorado no dia 8 de dezembro. O vereador Kielse Munis ser\u00e1 o orador da sess\u00e3o e saudar\u00e1 o Sr. D\u00e9cio Rother pela T\u00edtulo de Cidad\u00e3o Honor\u00e1rio, entregue em reconhecimento aos relevantes servi\u00e7os prestados \u00e0 comunidade dracenense como professor, comerciante e pol\u00edtico.<\/p>\n<p style=\"text-align: justify;\"><img loading=\"lazy\" decoding=\"async\" class=\"alignnone size-full wp-image-12643\" src=\"https:\/\/jorgezanoni.com.br\/2019\/wp-content\/uploads\/2019\/11\/parla1.jpg\" alt=\"\" width=\"135\" height=\"240\" \/><\/p>\n<p style=\"text-align: justify;\">O homenageado \u00e9 natural de Brotas\/SP e veio para Dracena em 1952. Foi vereador da 4\u00aa Legislatura (1961-1965) e ocupou o cargo de prefeito por quatro meses. Ele \u00e9 casado com a sra. Mirthes Freiman Rother e tem tr\u00eas filhos: L\u00edlian, D\u00e9cio e Pedro Eduardo.<\/p>\n<p style=\"text-align: justify;\">A solenidade ter\u00e1 in\u00edcio \u00e0s 19h na Casa de Leis e a partir das 20h ser\u00e1 iniciada a 39\u00aa sess\u00e3o ordin\u00e1ria. Ser\u00e3o apreciados em segunda vota\u00e7\u00e3o o PL n.\u00b0 57, que estima o Or\u00e7amento 2020 em mais de R$ 136 milh\u00f5es e o PLC n.\u00ba 31\/19 de cria\u00e7\u00e3o de 16 cargos: um de advogado, um de enfermeiro, quatro de analistas em planejamento de compras e licita\u00e7\u00f5es e dez de ajudantes de servi\u00e7os gerais.<\/p>\n<p style=\"text-align: justify;\">Fonte: Assessora de Imprensa C\u00e2mara Municipal<\/p>\n","protected":false},"excerpt":{"rendered":"<p>Haver\u00e1 tamb\u00e9m entrega de T\u00edtulo de Cidad\u00e3o Honor\u00e1rio de Dracena e a segunda discuss\u00e3o do Or\u00e7amento 2020.\u00a0 A C\u00e2mara Municipal de Dracena realizar\u00e1 na pr\u00f3xima segunda-feira (2) o Parlamento Jovem 2019 com participa\u00e7\u00e3o de estudantes de escolas p\u00fablicas e particulares do munic\u00edpio. O parlamento, institu\u00eddo atrav\u00e9s da Resolu\u00e7\u00e3o n.\u00b0 08\/2008, permite que alunos vivenciem o [&hellip;]<\/p>\n","protected":false},"author":1,"featured_media":12642,"comment_status":"closed","ping_status":"open","sticky":false,"template":"","format":"standard","meta":{"footnotes":""},"categories":[116],"tags":[],"class_list":["post-12641","post","type-post","status-publish","format-standard","has-post-thumbnail","hentry","category-politicaeeconomia"],"_links":{"self":[{"href":"https:\/\/jorgezanoni.com.br\/2019\/wp-json\/wp\/v2\/posts\/12641","targetHints":{"allow":["GET"]}}],"collection":[{"href":"https:\/\/jorgezanoni.com.br\/2019\/wp-json\/wp\/v2\/posts"}],"about":[{"href":"https:\/\/jorgezanoni.com.br\/2019\/wp-json\/wp\/v2\/types\/post"}],"author":[{"embeddable":true,"href":"https:\/\/jorgezanoni.com.br\/2019\/wp-json\/wp\/v2\/users\/1"}],"replies":[{"embeddable":true,"href":"https:\/\/jorgezanoni.com.br\/2019\/wp-json\/wp\/v2\/comments?post=12641"}],"version-history":[{"count":0,"href":"https:\/\/jorgezanoni.com.br\/2019\/wp-json\/wp\/v2\/posts\/12641\/revisions"}],"wp:featuredmedia":[{"embeddable":true,"href":"https:\/\/jorgezanoni.com.br\/2019\/wp-json\/wp\/v2\/media\/12642"}],"wp:attachment":[{"href":"https:\/\/jorgezanoni.com.br\/2019\/wp-json\/wp\/v2\/media?parent=12641"}],"wp:term":[{"taxonomy":"category","embeddable":true,"href":"https:\/\/jorgezanoni.com.br\/2019\/wp-json\/wp\/v2\/categories?post=12641"},{"taxonomy":"post_tag","embeddable":true,"href":"https:\/\/jorgezanoni.com.br\/2019\/wp-json\/wp\/v2\/tags?post=12641"}],"curies":[{"name":"wp","href":"https:\/\/api.w.org\/{rel}","templated":true}]}}