{"id":12623,"date":"2019-11-29T14:14:07","date_gmt":"2019-11-29T14:14:07","guid":{"rendered":"https:\/\/jorgezanoni.com.br\/2019\/?p=12623"},"modified":"2019-11-29T14:14:07","modified_gmt":"2019-11-29T14:14:07","slug":"as-medidas-provisorias","status":"publish","type":"post","link":"https:\/\/jorgezanoni.com.br\/2019\/as-medidas-provisorias\/","title":{"rendered":"As Medidas Provis\u00f3rias"},"content":{"rendered":"<p style=\"text-align: justify;\"><strong>AS MEDIDAS PROVIS\u00d3RIAS<\/strong><\/p>\n<p style=\"text-align: justify;\"><strong>*CLAUDIVAL CLEMENTE<\/strong><\/p>\n<p style=\"text-align: justify;\"><strong>*CLAUDIVAL MOURA CLEMENTE<\/strong><\/p>\n<p style=\"text-align: justify;\">A Constitui\u00e7\u00e3o Federal prev\u00ea que o processo legislativo \u00e9 de responsabilidade da C\u00e2mara dos Deputados e dos Senado da Rep\u00fablica, a quem compete, originariamente, elaborar as leis para o pa\u00eds.<\/p>\n<p style=\"text-align: justify;\">Contudo, em caso de relev\u00e2ncia ou\u00a0 urg\u00eancia, o Presidente da Rep\u00fablica, que \u00e9 o chefe do Poder Executivo, pode adotar algumas medidas provis\u00f3rias, com for\u00e7a de lei, enviando tais medidas ao Congresso Nacional que ir\u00e1 examinar a relev\u00e2ncia e urg\u00eancia.<\/p>\n<p style=\"text-align: justify;\">O exame \u00e9 feito primeiro pela C\u00e2mara e depois pelo Senado e, confirmando a necessidade, a medida provis\u00f3ria ser\u00e1 transformada em lei.<\/p>\n<p style=\"text-align: justify;\">Os chefes do executivo, lan\u00e7am n\u00e3o das medidas provis\u00f3rias, pois estas independentemente de aprova\u00e7\u00e3o pelo Congresso Nacional entram em vigor imediatamente, com for\u00e7a de lei.<\/p>\n<p style=\"text-align: justify;\">Mas as medidas provis\u00f3rias, al\u00e9m das restri\u00e7\u00f5es impostas pelo pr\u00f3prio Texto Constitucional, se mostram contr\u00e1rias \u00e0 democracia, pois todos os textos legais devem ser amplamente discutidos no Parlamento, permitindo a participa\u00e7\u00e3o de v\u00e1rias correntes partid\u00e1rias.<\/p>\n<p style=\"text-align: justify;\">A medida provis\u00f3ria tem um ran\u00e7o de autoritarismo, relembrando os tempos em que os Presidentes da Rep\u00fablica legislavam por meio de decreto, impondo a vis\u00e3o do Executivo sobre o legislativo, poder a quem compete legislar.<\/p>\n<p style=\"text-align: justify;\">O ideal \u00e9 que o Executivo construa um di\u00e1logo com o Parlamento no sentido de debater as propostas que entende vi\u00e1veis para implantar. O Presidente em exerc\u00edcio j\u00e1 editou 37 medidas provis\u00f3rias, sendo que apenas tr\u00eas se transformaram em leis.<\/p>\n<p style=\"text-align: justify;\">Em tramita\u00e7\u00e3o no Senado da Rep\u00fablica, uma proposta de emenda \u00e0 Constitui\u00e7\u00e3o que altera o artigo 62 da Constitui\u00e7\u00e3o, limitando o n\u00famero de medidas provis\u00f3rias por legislatura, bem como os temas a serem tratados.<\/p>\n<p style=\"text-align: justify;\">A falta de di\u00e1logo e sintonia entre o Executivo e Legislativo, causa preju\u00edzos para a popula\u00e7\u00e3o em geral, porque a economia brasileira se encontra em recess\u00e3o desde 2016, com a fracassada implanta\u00e7\u00e3o da\u201cnova matriz econ\u00f4mica\u201d, com forte interven\u00e7\u00e3o governamental na economia\u00a0 e queda brusca dos pre\u00e7os das tarifas p\u00fablicas , ocasionando o rebaixamento do grau de investimentos, causando aus\u00eancias de novos neg\u00f3cios e desemprego alt\u00edssimo.<\/p>\n<p style=\"text-align: justify;\">Para aconstru\u00e7\u00e3o de um Brasil melhor \u00e9 necess\u00e1rio que os pol\u00edticos abandonem a polariza\u00e7\u00e3o e construam um di\u00e1logo, prevalecendo a sensatez e objetivando o melhor para o pa\u00eds.<\/p>\n<p style=\"text-align: justify;\">Envie d\u00favidas, coment\u00e1rios ou sugest\u00f5es para <a href=\"mailto:bcrcconsultoria@gmail.com\">bcrcconsultoria@gmail.com<\/a>. At\u00e9 a pr\u00f3xima.<\/p>\n<p style=\"text-align: justify;\">*Formado em Direito pela Universidade Estadual de Direito do Norte Pioneiro em Jacarezinho e em Administra\u00e7\u00e3o de Empresas pela Faculdades Integradas de Ourinhos. S\u00f3cio s\u00eanior da BCRC Consultoria.<\/p>\n<p style=\"text-align: justify;\">** Revis\u00e3o e colabora\u00e7\u00e3o\u00a0 &#8211; Acad\u00eamico de Administra\u00e7\u00e3o de Empresas na UNICID.<\/p>\n","protected":false},"excerpt":{"rendered":"<p>AS MEDIDAS PROVIS\u00d3RIAS *CLAUDIVAL CLEMENTE *CLAUDIVAL MOURA CLEMENTE A Constitui\u00e7\u00e3o Federal prev\u00ea que o processo legislativo \u00e9 de responsabilidade da C\u00e2mara dos Deputados e dos Senado da Rep\u00fablica, a quem compete, originariamente, elaborar as leis para o pa\u00eds. Contudo, em caso de relev\u00e2ncia ou\u00a0 urg\u00eancia, o Presidente da Rep\u00fablica, que \u00e9 o chefe do Poder [&hellip;]<\/p>\n","protected":false},"author":1,"featured_media":12624,"comment_status":"closed","ping_status":"open","sticky":false,"template":"","format":"standard","meta":{"footnotes":""},"categories":[175],"tags":[],"class_list":["post-12623","post","type-post","status-publish","format-standard","has-post-thumbnail","hentry","category-artigos"],"_links":{"self":[{"href":"https:\/\/jorgezanoni.com.br\/2019\/wp-json\/wp\/v2\/posts\/12623","targetHints":{"allow":["GET"]}}],"collection":[{"href":"https:\/\/jorgezanoni.com.br\/2019\/wp-json\/wp\/v2\/posts"}],"about":[{"href":"https:\/\/jorgezanoni.com.br\/2019\/wp-json\/wp\/v2\/types\/post"}],"author":[{"embeddable":true,"href":"https:\/\/jorgezanoni.com.br\/2019\/wp-json\/wp\/v2\/users\/1"}],"replies":[{"embeddable":true,"href":"https:\/\/jorgezanoni.com.br\/2019\/wp-json\/wp\/v2\/comments?post=12623"}],"version-history":[{"count":0,"href":"https:\/\/jorgezanoni.com.br\/2019\/wp-json\/wp\/v2\/posts\/12623\/revisions"}],"wp:featuredmedia":[{"embeddable":true,"href":"https:\/\/jorgezanoni.com.br\/2019\/wp-json\/wp\/v2\/media\/12624"}],"wp:attachment":[{"href":"https:\/\/jorgezanoni.com.br\/2019\/wp-json\/wp\/v2\/media?parent=12623"}],"wp:term":[{"taxonomy":"category","embeddable":true,"href":"https:\/\/jorgezanoni.com.br\/2019\/wp-json\/wp\/v2\/categories?post=12623"},{"taxonomy":"post_tag","embeddable":true,"href":"https:\/\/jorgezanoni.com.br\/2019\/wp-json\/wp\/v2\/tags?post=12623"}],"curies":[{"name":"wp","href":"https:\/\/api.w.org\/{rel}","templated":true}]}}