{"id":12620,"date":"2019-11-29T14:01:14","date_gmt":"2019-11-29T14:01:14","guid":{"rendered":"https:\/\/jorgezanoni.com.br\/2019\/?p=12620"},"modified":"2019-11-29T14:01:14","modified_gmt":"2019-11-29T14:01:14","slug":"policia-descobre-caminhao-enterrado-em-propriedade-rural-apos-denuncia-anonima","status":"publish","type":"post","link":"https:\/\/jorgezanoni.com.br\/2019\/policia-descobre-caminhao-enterrado-em-propriedade-rural-apos-denuncia-anonima\/","title":{"rendered":"Pol\u00edcia descobre caminh\u00e3o enterrado em propriedade rural ap\u00f3s den\u00fancia an\u00f4nima"},"content":{"rendered":"<p style=\"text-align: justify;\"><strong>Ve\u00edculo foi usado para transportar dois tratores furtados e que estavam sendo usados em fazenda.<\/strong><\/p>\n<p style=\"text-align: justify;\">Agentes da Pol\u00edcia Civil (PC) descobriram um caminh\u00e3o prancha enterrado em uma propriedade rural do distrito de Vila Isol, no munic\u00edpio de Novo Progresso, no sudoeste paraense, nesta quarta-feira (27). Foi preciso usar uma retroescavadeira para retirar as partes soterradas do ve\u00edculo.<\/p>\n<p style=\"text-align: justify;\">De acordo com a PC, uma den\u00fancia an\u00f4nima levou os policiais ao local. Uma fonte em Castelo dos Sonhos, distrito do munic\u00edpio do Altamira, que faz divisa com Novo Progresso, deu pistas sobre a localiza\u00e7\u00e3o do caminh\u00e3o.<\/p>\n<p style=\"text-align: justify;\">O caminh\u00e3o havia sido furtado em setembro de 2019, na divisa entre os estados do Par\u00e1 e Mato Grosso, para o transporte de dois tratores, tamb\u00e9m roubados e localizados na mesma propriedade. Os tratores eram usados diariamente em servi\u00e7os da propriedade.<\/p>\n<p style=\"text-align: justify;\">A fazenda em que os ve\u00edculos roubados foram encontrados, no distrito de Vila Isol, fica numa vicinal, cerca de 30 quil\u00f4metros da rodovia BR-163.<\/p>\n<p style=\"text-align: justify;\">As investiga\u00e7\u00f5es est\u00e3o em andamento para identificar os respons\u00e1veis pelo roubo e oculta\u00e7\u00e3o do ve\u00edculo e tamb\u00e9m pelo furto dos dois tratores.<\/p>\n<p style=\"text-align: justify;\">Fonte: https:\/\/www.oliberal.com\/policia\/<\/p>\n","protected":false},"excerpt":{"rendered":"<p>Ve\u00edculo foi usado para transportar dois tratores furtados e que estavam sendo usados em fazenda. Agentes da Pol\u00edcia Civil (PC) descobriram um caminh\u00e3o prancha enterrado em uma propriedade rural do distrito de Vila Isol, no munic\u00edpio de Novo Progresso, no sudoeste paraense, nesta quarta-feira (27). Foi preciso usar uma retroescavadeira para retirar as partes soterradas [&hellip;]<\/p>\n","protected":false},"author":1,"featured_media":12621,"comment_status":"closed","ping_status":"open","sticky":false,"template":"","format":"standard","meta":{"footnotes":""},"categories":[110,2],"tags":[],"class_list":["post-12620","post","type-post","status-publish","format-standard","has-post-thumbnail","hentry","category-noticiasdestaque","category-policial"],"_links":{"self":[{"href":"https:\/\/jorgezanoni.com.br\/2019\/wp-json\/wp\/v2\/posts\/12620","targetHints":{"allow":["GET"]}}],"collection":[{"href":"https:\/\/jorgezanoni.com.br\/2019\/wp-json\/wp\/v2\/posts"}],"about":[{"href":"https:\/\/jorgezanoni.com.br\/2019\/wp-json\/wp\/v2\/types\/post"}],"author":[{"embeddable":true,"href":"https:\/\/jorgezanoni.com.br\/2019\/wp-json\/wp\/v2\/users\/1"}],"replies":[{"embeddable":true,"href":"https:\/\/jorgezanoni.com.br\/2019\/wp-json\/wp\/v2\/comments?post=12620"}],"version-history":[{"count":0,"href":"https:\/\/jorgezanoni.com.br\/2019\/wp-json\/wp\/v2\/posts\/12620\/revisions"}],"wp:featuredmedia":[{"embeddable":true,"href":"https:\/\/jorgezanoni.com.br\/2019\/wp-json\/wp\/v2\/media\/12621"}],"wp:attachment":[{"href":"https:\/\/jorgezanoni.com.br\/2019\/wp-json\/wp\/v2\/media?parent=12620"}],"wp:term":[{"taxonomy":"category","embeddable":true,"href":"https:\/\/jorgezanoni.com.br\/2019\/wp-json\/wp\/v2\/categories?post=12620"},{"taxonomy":"post_tag","embeddable":true,"href":"https:\/\/jorgezanoni.com.br\/2019\/wp-json\/wp\/v2\/tags?post=12620"}],"curies":[{"name":"wp","href":"https:\/\/api.w.org\/{rel}","templated":true}]}}