{"id":12570,"date":"2019-11-28T22:17:19","date_gmt":"2019-11-28T22:17:19","guid":{"rendered":"https:\/\/jorgezanoni.com.br\/2019\/?p=12570"},"modified":"2019-11-28T22:17:19","modified_gmt":"2019-11-28T22:17:19","slug":"14o-mega-feirao-de-automoveis-comeca-amanha-29-no-recinto-da-fapidra-em-dracena","status":"publish","type":"post","link":"https:\/\/jorgezanoni.com.br\/2019\/14o-mega-feirao-de-automoveis-comeca-amanha-29-no-recinto-da-fapidra-em-dracena\/","title":{"rendered":"14\u00ba Mega Feir\u00e3o de Autom\u00f3veis come\u00e7a amanh\u00e3 (29) no recinto da Fapidra em Dracena."},"content":{"rendered":"<div id=\"fb-root\"><\/div>\n<p><script async=\"1\" defer=\"1\" crossorigin=\"anonymous\" src=\"https:\/\/connect.facebook.net\/en_US\/sdk.js#xfbml=1&amp;version=v5.0\"><\/script><\/p>\n<div class=\"fb-video\" data-href=\"https:\/\/www.facebook.com\/jorgezanonidracena\/videos\/481702309358230\/\" data-width=\"696\">\n<blockquote cite=\"https:\/\/www.facebook.com\/jorgezanonidracena\/videos\/481702309358230\/\" class=\"fb-xfbml-parse-ignore\"><p><a href=\"https:\/\/www.facebook.com\/jorgezanonidracena\/videos\/481702309358230\/\">14\u00ba Mega Feir\u00e3o de Autom\u00f3veis come\u00e7a amanh\u00e3 (29) no recinto da Fapidra em Dracena.<\/a><\/p>\n<p>14\u00ba Mega Feir\u00e3o de Autom\u00f3veis come\u00e7a amanh\u00e3 (29) no recinto da Fapidra em Dracena.<\/p>\n<p>Posted by <a href=\"https:\/\/www.facebook.com\/jorgezanonidracena\/\">Jorge Zanoni<\/a> on Thursday, November 28, 2019<\/p><\/blockquote>\n<\/div>\n","protected":false},"excerpt":{"rendered":"<p>14\u00ba Mega Feir\u00e3o de Autom\u00f3veis come\u00e7a amanh\u00e3 (29) no recinto da Fapidra em Dracena. 14\u00ba Mega Feir\u00e3o de Autom\u00f3veis come\u00e7a amanh\u00e3 (29) no recinto da Fapidra em Dracena. Posted by Jorge Zanoni on Thursday, November 28, 2019<\/p>\n","protected":false},"author":1,"featured_media":12571,"comment_status":"closed","ping_status":"open","sticky":false,"template":"","format":"video","meta":{"footnotes":""},"categories":[169],"tags":[],"class_list":["post-12570","post","type-post","status-publish","format-video","has-post-thumbnail","hentry","category-videos","post_format-post-format-video"],"_links":{"self":[{"href":"https:\/\/jorgezanoni.com.br\/2019\/wp-json\/wp\/v2\/posts\/12570","targetHints":{"allow":["GET"]}}],"collection":[{"href":"https:\/\/jorgezanoni.com.br\/2019\/wp-json\/wp\/v2\/posts"}],"about":[{"href":"https:\/\/jorgezanoni.com.br\/2019\/wp-json\/wp\/v2\/types\/post"}],"author":[{"embeddable":true,"href":"https:\/\/jorgezanoni.com.br\/2019\/wp-json\/wp\/v2\/users\/1"}],"replies":[{"embeddable":true,"href":"https:\/\/jorgezanoni.com.br\/2019\/wp-json\/wp\/v2\/comments?post=12570"}],"version-history":[{"count":0,"href":"https:\/\/jorgezanoni.com.br\/2019\/wp-json\/wp\/v2\/posts\/12570\/revisions"}],"wp:featuredmedia":[{"embeddable":true,"href":"https:\/\/jorgezanoni.com.br\/2019\/wp-json\/wp\/v2\/media\/12571"}],"wp:attachment":[{"href":"https:\/\/jorgezanoni.com.br\/2019\/wp-json\/wp\/v2\/media?parent=12570"}],"wp:term":[{"taxonomy":"category","embeddable":true,"href":"https:\/\/jorgezanoni.com.br\/2019\/wp-json\/wp\/v2\/categories?post=12570"},{"taxonomy":"post_tag","embeddable":true,"href":"https:\/\/jorgezanoni.com.br\/2019\/wp-json\/wp\/v2\/tags?post=12570"}],"curies":[{"name":"wp","href":"https:\/\/api.w.org\/{rel}","templated":true}]}}