{"id":1257,"date":"2019-07-22T00:38:04","date_gmt":"2019-07-22T00:38:04","guid":{"rendered":"http:\/\/jorgezanoni.com.br\/2019\/?p=1257"},"modified":"2019-07-22T20:46:08","modified_gmt":"2019-07-22T20:46:08","slug":"acidente-com-vitima-fatal-na-rodovia-julio-budisk-em-alfredo-marcondes","status":"publish","type":"post","link":"https:\/\/jorgezanoni.com.br\/2019\/acidente-com-vitima-fatal-na-rodovia-julio-budisk-em-alfredo-marcondes\/","title":{"rendered":"Acidente com v\u00edtima fatal na rodovia J\u00falio Budisk em Alfredo Marcondes"},"content":{"rendered":"<p>Por volta de 18:40 Horas deste domingo (21), foi registrado um acidente com v\u00edtima fatal na rodovia J\u00falio Budisk, sp 501, Km 030 em Alfredo Marcondes, sentido Sul.<\/p>\n<p>Segundo informa\u00e7\u00f5es colhidas junto a Pol\u00edcia Militar Rodovi\u00e1ria, est\u00e1 em atendimento um acidente de tr\u00e2nsito com v\u00edtima fatal, na supracitada rodovia, onde dois ve\u00edculos colidiram frontalmente resultando em seis v\u00edtimas, dentre estas, tr\u00eas fatais, sendo dois adultos e uma crian\u00e7a. Trata-se de rodovia de pista simples, portando, uma faixa est\u00e1 interditada e o tr\u00e2nsito est\u00e1 sendo regulado pelo DER atrav\u00e9s do sistema pare-siga. A delegacia do munic\u00edpio foi cientificada e acionaram a per\u00edcia t\u00e9cnica. Ocorr\u00eancia em andamento.<\/p>\n<p>Jorge Zanoni<\/p>\n<p>Fonte: PMR<\/p>\n<p>Fotos de Internauta<\/p>\n<p>Informa\u00e7\u00f5es extra-oficiais d\u00e3o conta que entre os mortos existem moradores de Tupi Paulista. (Aguarde informa\u00e7\u00f5es)<\/p>\n<p>&nbsp;<\/p>\n<p>&nbsp;<\/p>\n<p>&nbsp;<\/p>\n","protected":false},"excerpt":{"rendered":"<p>Por volta de 18:40 Horas deste domingo (21), foi registrado um acidente com v\u00edtima fatal na rodovia J\u00falio Budisk, sp 501, Km 030 em Alfredo Marcondes, sentido Sul. Segundo informa\u00e7\u00f5es colhidas junto a Pol\u00edcia Militar Rodovi\u00e1ria, est\u00e1 em atendimento um acidente de tr\u00e2nsito com v\u00edtima fatal, na supracitada rodovia, onde dois ve\u00edculos colidiram frontalmente resultando [&hellip;]<\/p>\n","protected":false},"author":1,"featured_media":1267,"comment_status":"open","ping_status":"open","sticky":false,"template":"","format":"standard","meta":{"footnotes":""},"categories":[170,110],"tags":[],"class_list":["post-1257","post","type-post","status-publish","format-standard","has-post-thumbnail","hentry","category-acidentes","category-noticiasdestaque"],"_links":{"self":[{"href":"https:\/\/jorgezanoni.com.br\/2019\/wp-json\/wp\/v2\/posts\/1257","targetHints":{"allow":["GET"]}}],"collection":[{"href":"https:\/\/jorgezanoni.com.br\/2019\/wp-json\/wp\/v2\/posts"}],"about":[{"href":"https:\/\/jorgezanoni.com.br\/2019\/wp-json\/wp\/v2\/types\/post"}],"author":[{"embeddable":true,"href":"https:\/\/jorgezanoni.com.br\/2019\/wp-json\/wp\/v2\/users\/1"}],"replies":[{"embeddable":true,"href":"https:\/\/jorgezanoni.com.br\/2019\/wp-json\/wp\/v2\/comments?post=1257"}],"version-history":[{"count":0,"href":"https:\/\/jorgezanoni.com.br\/2019\/wp-json\/wp\/v2\/posts\/1257\/revisions"}],"wp:featuredmedia":[{"embeddable":true,"href":"https:\/\/jorgezanoni.com.br\/2019\/wp-json\/wp\/v2\/media\/1267"}],"wp:attachment":[{"href":"https:\/\/jorgezanoni.com.br\/2019\/wp-json\/wp\/v2\/media?parent=1257"}],"wp:term":[{"taxonomy":"category","embeddable":true,"href":"https:\/\/jorgezanoni.com.br\/2019\/wp-json\/wp\/v2\/categories?post=1257"},{"taxonomy":"post_tag","embeddable":true,"href":"https:\/\/jorgezanoni.com.br\/2019\/wp-json\/wp\/v2\/tags?post=1257"}],"curies":[{"name":"wp","href":"https:\/\/api.w.org\/{rel}","templated":true}]}}