{"id":12567,"date":"2019-11-28T21:58:49","date_gmt":"2019-11-28T21:58:49","guid":{"rendered":"https:\/\/jorgezanoni.com.br\/2019\/?p=12567"},"modified":"2019-11-28T21:58:49","modified_gmt":"2019-11-28T21:58:49","slug":"edilson-de-camargo-gerente-comercial-e-bruno-troyano-gerente-administrativo-falam-sobre-a-inauguracao-do-supermercado-troyano-junqueira-em-junqueiropolis","status":"publish","type":"post","link":"https:\/\/jorgezanoni.com.br\/2019\/edilson-de-camargo-gerente-comercial-e-bruno-troyano-gerente-administrativo-falam-sobre-a-inauguracao-do-supermercado-troyano-junqueira-em-junqueiropolis\/","title":{"rendered":"Edilson de Camargo (Gerente Comercial) e Bruno Troyano (Gerente Administrativo) falam sobre a Inaugura\u00e7\u00e3o do Supermercado Troyano Junqueira em Junqueir\u00f3polis."},"content":{"rendered":"<div id=\"fb-root\"><\/div>\n<p><script async=\"1\" defer=\"1\" crossorigin=\"anonymous\" src=\"https:\/\/connect.facebook.net\/en_US\/sdk.js#xfbml=1&amp;version=v5.0\"><\/script><\/p>\n<div class=\"fb-video\" data-href=\"https:\/\/www.facebook.com\/jorgezanonidracena\/videos\/706630319858888\/\" data-width=\"696\">\n<blockquote cite=\"https:\/\/www.facebook.com\/jorgezanonidracena\/videos\/706630319858888\/\" class=\"fb-xfbml-parse-ignore\"><p><a href=\"https:\/\/www.facebook.com\/jorgezanonidracena\/videos\/706630319858888\/\">Edilson de Camargo (Gerente Comercial) e Bruno Troyano (Gerente Administrativo) falam sobre a Inaugura\u00e7\u00e3o do Supermercado Troyano Junqueira em Junqueir\u00f3polis.<\/a><\/p>\n<p>Edilson de Camargo (Gerente Comercial) e Bruno Troyano (Gerente Administrativo) falam sobre a Inaugura\u00e7\u00e3o do Supermercado Troyano Junqueira em Junqueir\u00f3polis.<\/p>\n<p>Posted by <a href=\"https:\/\/www.facebook.com\/jorgezanonidracena\/\">Jorge Zanoni<\/a> on Thursday, November 28, 2019<\/p><\/blockquote>\n<\/div>\n","protected":false},"excerpt":{"rendered":"<p>Edilson de Camargo (Gerente Comercial) e Bruno Troyano (Gerente Administrativo) falam sobre a Inaugura\u00e7\u00e3o do Supermercado Troyano Junqueira em Junqueir\u00f3polis. Edilson de Camargo (Gerente Comercial) e Bruno Troyano (Gerente Administrativo) falam sobre a Inaugura\u00e7\u00e3o do Supermercado Troyano Junqueira em Junqueir\u00f3polis. Posted by Jorge Zanoni on Thursday, November 28, 2019<\/p>\n","protected":false},"author":1,"featured_media":12568,"comment_status":"closed","ping_status":"open","sticky":false,"template":"","format":"video","meta":{"footnotes":""},"categories":[169],"tags":[],"class_list":["post-12567","post","type-post","status-publish","format-video","has-post-thumbnail","hentry","category-videos","post_format-post-format-video"],"_links":{"self":[{"href":"https:\/\/jorgezanoni.com.br\/2019\/wp-json\/wp\/v2\/posts\/12567","targetHints":{"allow":["GET"]}}],"collection":[{"href":"https:\/\/jorgezanoni.com.br\/2019\/wp-json\/wp\/v2\/posts"}],"about":[{"href":"https:\/\/jorgezanoni.com.br\/2019\/wp-json\/wp\/v2\/types\/post"}],"author":[{"embeddable":true,"href":"https:\/\/jorgezanoni.com.br\/2019\/wp-json\/wp\/v2\/users\/1"}],"replies":[{"embeddable":true,"href":"https:\/\/jorgezanoni.com.br\/2019\/wp-json\/wp\/v2\/comments?post=12567"}],"version-history":[{"count":0,"href":"https:\/\/jorgezanoni.com.br\/2019\/wp-json\/wp\/v2\/posts\/12567\/revisions"}],"wp:featuredmedia":[{"embeddable":true,"href":"https:\/\/jorgezanoni.com.br\/2019\/wp-json\/wp\/v2\/media\/12568"}],"wp:attachment":[{"href":"https:\/\/jorgezanoni.com.br\/2019\/wp-json\/wp\/v2\/media?parent=12567"}],"wp:term":[{"taxonomy":"category","embeddable":true,"href":"https:\/\/jorgezanoni.com.br\/2019\/wp-json\/wp\/v2\/categories?post=12567"},{"taxonomy":"post_tag","embeddable":true,"href":"https:\/\/jorgezanoni.com.br\/2019\/wp-json\/wp\/v2\/tags?post=12567"}],"curies":[{"name":"wp","href":"https:\/\/api.w.org\/{rel}","templated":true}]}}