{"id":12548,"date":"2019-11-28T16:15:25","date_gmt":"2019-11-28T16:15:25","guid":{"rendered":"https:\/\/jorgezanoni.com.br\/2019\/?p=12548"},"modified":"2019-11-28T16:15:25","modified_gmt":"2019-11-28T16:15:25","slug":"velorio-de-gugu-liberato-e-aberto-aos-fas-na-assembleia-legislativa-em-sp","status":"publish","type":"post","link":"https:\/\/jorgezanoni.com.br\/2019\/velorio-de-gugu-liberato-e-aberto-aos-fas-na-assembleia-legislativa-em-sp\/","title":{"rendered":"Vel\u00f3rio de Gugu Liberato \u00e9 aberto aos f\u00e3s na Assembleia Legislativa em SP"},"content":{"rendered":"<h2 class=\"content-head__subtitle\" style=\"text-align: justify;\"><strong>Grupo chegou ao local antes da chegada do corpo do apresentador na manh\u00e3 desta quinta (28).<\/strong><\/h2>\n<div class=\"mc-column content-text active-extra-styles \" data-block-type=\"unstyled\" data-block-weight=\"62\" data-block-id=\"3\">\n<p class=\"content-text__container \" style=\"text-align: justify;\" data-track-category=\"Link no Texto\" data-track-links=\"\">O acesso dos f\u00e3s de Gugu Liberato ao vel\u00f3rio do apresentador no Sal\u00e3o Monumental da Assembleia Legislativa foi liberado \u00e0s 12h17 desta quinta-feira (28). Eles poder\u00e3o passar a uma certa dist\u00e2ncia do caix\u00e3o. Gugu \u00e9 velado em caix\u00e3o aberto. Antes do acesso dos f\u00e3s, familiares, autoridades e amigos puderam acompanhar o vel\u00f3rio de Gugu e foi feita uma missa reservada \u00e0 fam\u00edlia.<\/p>\n<\/div>\n<div class=\"wall protected-content\">\n<div class=\"mc-column content-text active-extra-styles \" style=\"text-align: justify;\" data-block-type=\"unstyled\" data-block-weight=\"33\" data-block-id=\"4\">\n<p class=\"content-text__container \" data-track-category=\"Link no Texto\" data-track-links=\"\">Apesar da grande fila que se formou na entrada da Alesp, a passagem dos f\u00e3s est\u00e1 sendo r\u00e1pida. Chove em S\u00e3o Paulo e muitos do lado de fora tentam se proteger com guarda-chuvas.<\/p>\n<\/div>\n<div class=\"mc-column content-text active-extra-styles \" data-block-type=\"unstyled\" data-block-weight=\"25\" data-block-id=\"5\">\n<p class=\"content-text__container \" style=\"text-align: justify;\" data-track-category=\"Link no Texto\" data-track-links=\"\">Gugu, um dos maiores nomes da TV brasileira, morreu na semana passada em Orlando, nos Estados Unidos, ap\u00f3s um acidente dom\u00e9stico. Ele tinha 60 anos.<\/p>\n<div class=\"mc-column content-text active-extra-styles\" style=\"text-align: justify;\" data-block-type=\"raw\" data-block-weight=\"30\" data-block-id=\"7\">\n<ul class=\"content-unordered-list\">\n<li><a href=\"https:\/\/g1.globo.com\/sp\/sao-paulo\/noticia\/2019\/11\/28\/corpo-do-apresentador-gugu-chega-a-sp-para-ser-velado-na-assembleia-legislativa.ghtml\">Corpo de Gugu Liberato \u00e9 velado pela fam\u00edlia do apresentador<\/a><\/li>\n<li><a href=\"https:\/\/g1.globo.com\/sp\/sao-paulo\/noticia\/2019\/11\/28\/filho-de-gugu-liberato-se-emociona-ao-carregar-caixao-do-pai-para-velorio-em-sp-forca-joao.ghtml\">Filho de Gugu se emociona ao carregar caix\u00e3o do pai<\/a><\/li>\n<li><a href=\"https:\/\/g1.globo.com\/sp\/sao-paulo\/noticia\/2019\/11\/28\/integrantes-do-klb-homenageiam-gugu-em-velorio-do-apresentador-foi-o-primeiro-a-acreditar-na-gente.ghtml\">KLB homenageia Gugu: &#8216;Foi o primeiro a acreditar na gente&#8217;<\/a><\/li>\n<\/ul>\n<\/div>\n<div class=\"mc-column content-text active-extra-styles \" style=\"text-align: justify;\" data-block-type=\"unstyled\" data-block-weight=\"33\" data-block-id=\"8\">\n<p class=\"content-text__container \" data-track-category=\"Link no Texto\" data-track-links=\"\">A m\u00e3e dele, Maria do C\u00e9u, a companheira Rose Di Matteo e os filhos Jo\u00e3o Augusto, Sofia e Marina participaram de uma missa reservada aos familiares no Sal\u00e3o Nobre da Assembleia Legislativa.<\/p>\n<\/div>\n<div class=\"mc-column content-text active-extra-styles \" data-block-type=\"unstyled\" data-block-weight=\"37\" data-block-id=\"9\">\n<p class=\"content-text__container \" style=\"text-align: justify;\" data-track-category=\"Link no Texto\" data-track-links=\"\">Os cantores Bruno e Leandro, da banda KLB, chegar por volta de 11h30 desta quinta-feira (28) ao vel\u00f3rio do apresentador Gugu Liberato na Assembleia Legislativa de S\u00e3o Paulo. Eles foram homenagear o homem que lan\u00e7ou a banda.<\/p>\n<div class=\"mc-column content-text active-extra-styles \" style=\"text-align: justify;\" data-block-type=\"unstyled\" data-block-weight=\"42\" data-block-id=\"12\">\n<p class=\"content-text__container \" data-track-category=\"Link no Texto\" data-track-links=\"\">&#8220;\u00c9 momento de muita tristeza. Ele tem uma hist\u00f3ria gigante com o KLB. Estamos muito abalados e solid\u00e1rios com toda a fam\u00edlia. Ele foi o primeiro a acreditar na gente. Devemos muito a ele. Vai continuar vivo em nossos cora\u00e7\u00f5es&#8221;&#8221;, disse Leandro.<\/p>\n<\/div>\n<div class=\"mc-column content-text active-extra-styles \" style=\"text-align: justify;\" data-block-type=\"unstyled\" data-block-weight=\"17\" data-block-id=\"13\">\n<p class=\"content-text__container \" data-track-category=\"Link no Texto\" data-track-links=\"\">A ex-miss Brasil Nat\u00e1lia Guimar\u00e3es, mulher de Leandro, destacou que Gugu levou muito amor para as pessoas.<\/p>\n<\/div>\n<div class=\"mc-column content-text active-extra-styles\" data-block-type=\"raw\" data-block-weight=\"3\" data-block-id=\"14\">\n<div class=\"content-intertitle\">\n<h2 style=\"text-align: justify;\">F\u00e3s chegaram cedo<\/h2>\n<p style=\"text-align: justify;\">Um grupo de f\u00e3s do apresentador\u00a0<a href=\"https:\/\/g1.globo.com\/tudo-sobre\/gugu-liberato\/\">Gugu Liberato<\/a>\u00a0j\u00e1 formava uma fila por volta das 7h desta quinta-feira (28) em frente \u00e0 Assembleia Legislativa de S\u00e3o Paulo (Alesp), onde ser\u00e1 realizado o vel\u00f3rio, mesmo antes da chegada do corpo. O corpo do apresentador chegou \u00e0 Alesp \u00e0s 10h20.<\/p>\n<div class=\"mc-column content-text active-extra-styles \" style=\"text-align: justify;\" data-block-type=\"unstyled\" data-block-weight=\"39\" data-block-id=\"18\">\n<p class=\"content-text__container \" data-track-category=\"Link no Texto\" data-track-links=\"\">O vel\u00f3rio ser\u00e1 aberto ao p\u00fablico a partir das 12h. Antes, a fam\u00edlia far\u00e1 uma cerim\u00f4nia privada. O caix\u00e3o estar\u00e1 aberto e o vel\u00f3rio deve terminar \u00e0s 10h da sexta-feira (29), segundo a assessoria de imprensa do apresentador.<\/p>\n<\/div>\n<div class=\"mc-column content-text active-extra-styles \" data-block-type=\"unstyled\" data-block-weight=\"33\" data-block-id=\"19\">\n<p class=\"content-text__container \" style=\"text-align: justify;\" data-track-category=\"Link no Texto\" data-track-links=\"\">Apesar da chuva, crian\u00e7as e idosos aguardavam pelo momento da despedida de um dos maiores comunicadores do pa\u00eds. Gugu\u00a0<a href=\"https:\/\/g1.globo.com\/pop-arte\/noticia\/2019\/11\/22\/gugu-liberato-morre-nos-estados-unidos.ghtml\">morreu na semana passada em Orlando<\/a>, nos Estados Unidos, ap\u00f3s um acidente dom\u00e9stico.<\/p>\n<p style=\"text-align: justify;\" data-track-category=\"Link no Texto\" data-track-links=\"\"><img loading=\"lazy\" decoding=\"async\" class=\"alignnone size-full wp-image-12549\" src=\"https:\/\/jorgezanoni.com.br\/2019\/wp-content\/uploads\/2019\/11\/gugu1.jpg\" alt=\"\" width=\"1600\" height=\"1069\" srcset=\"https:\/\/jorgezanoni.com.br\/2019\/wp-content\/uploads\/2019\/11\/gugu1.jpg 1600w, https:\/\/jorgezanoni.com.br\/2019\/wp-content\/uploads\/2019\/11\/gugu1-300x200.jpg 300w, https:\/\/jorgezanoni.com.br\/2019\/wp-content\/uploads\/2019\/11\/gugu1-768x513.jpg 768w, https:\/\/jorgezanoni.com.br\/2019\/wp-content\/uploads\/2019\/11\/gugu1-1024x684.jpg 1024w, https:\/\/jorgezanoni.com.br\/2019\/wp-content\/uploads\/2019\/11\/gugu1-696x465.jpg 696w, https:\/\/jorgezanoni.com.br\/2019\/wp-content\/uploads\/2019\/11\/gugu1-1068x714.jpg 1068w, https:\/\/jorgezanoni.com.br\/2019\/wp-content\/uploads\/2019\/11\/gugu1-629x420.jpg 629w\" sizes=\"auto, (max-width: 1600px) 100vw, 1600px\" \/>F\u00e3 segura imagem de Gugu Liberato na fila para participar de vel\u00f3rio do apresentador na Alesp \u2014 Foto: Marcelo Brandt\/G1<\/p>\n<div class=\"mc-column content-text active-extra-styles \" data-block-type=\"unstyled\" data-block-weight=\"59\" data-block-id=\"21\">\n<p class=\"content-text__container \" style=\"text-align: justify;\" data-track-category=\"Link no Texto\" data-track-links=\"\">A primeira pessoa da fila chegou \u00e0 Alesp h\u00e1 2 dias. &#8220;Hoje \u00e9 um dia triste, mas Gugu era s\u00f3 alegria&#8221;, diz o aut\u00f4nomo Saulo Duarte Soares. Ele \u00e9 de Juqui\u00e1 e chegou em S\u00e3o Paulo da ter\u00e7a-feira (27). Saulo dormiu dois dias na Rua. &#8220;E vou dormir mais uma noite, porque vou embora s\u00f3 depois do enterro&#8221;.<\/p>\n<p style=\"text-align: justify;\" data-track-category=\"Link no Texto\" data-track-links=\"\"><img loading=\"lazy\" decoding=\"async\" class=\"alignnone size-full wp-image-12550\" src=\"https:\/\/jorgezanoni.com.br\/2019\/wp-content\/uploads\/2019\/11\/gugu2.jpg\" alt=\"\" width=\"1600\" height=\"1069\" srcset=\"https:\/\/jorgezanoni.com.br\/2019\/wp-content\/uploads\/2019\/11\/gugu2.jpg 1600w, https:\/\/jorgezanoni.com.br\/2019\/wp-content\/uploads\/2019\/11\/gugu2-300x200.jpg 300w, https:\/\/jorgezanoni.com.br\/2019\/wp-content\/uploads\/2019\/11\/gugu2-768x513.jpg 768w, https:\/\/jorgezanoni.com.br\/2019\/wp-content\/uploads\/2019\/11\/gugu2-1024x684.jpg 1024w, https:\/\/jorgezanoni.com.br\/2019\/wp-content\/uploads\/2019\/11\/gugu2-696x465.jpg 696w, https:\/\/jorgezanoni.com.br\/2019\/wp-content\/uploads\/2019\/11\/gugu2-1068x714.jpg 1068w, https:\/\/jorgezanoni.com.br\/2019\/wp-content\/uploads\/2019\/11\/gugu2-629x420.jpg 629w\" sizes=\"auto, (max-width: 1600px) 100vw, 1600px\" \/>F\u00e3s prestaram homenagem ao apresentador Gugu Liberato no vel\u00f3rio nesta quinta (28) \u2014 Foto: Marcelo Brandt\/G1<\/p>\n<div class=\"mc-column content-text active-extra-styles \" style=\"text-align: justify;\" data-block-type=\"unstyled\" data-block-weight=\"53\" data-block-id=\"24\">\n<p class=\"content-text__container \" data-track-category=\"Link no Texto\" data-track-links=\"\">A terceira pessoa da fila era a aposentada Maria Francisca da Silva. Ela veio de Macei\u00f3, Alagoas, e chegou em S\u00e3o Paulo na manh\u00e3 de quarta (27). &#8220;Vim de \u00f4nibus de Alogoas. Foram tr\u00eas dias de viagem, mas tudo vale a Pena para esse adeus ao Gugu&#8221;, conta ela, que dormiu na cal\u00e7ada.<\/p>\n<\/div>\n<div class=\"mc-column content-text active-extra-styles \" data-block-type=\"unstyled\" data-block-weight=\"47\" data-block-id=\"25\">\n<p class=\"content-text__container \" style=\"text-align: justify;\" data-track-category=\"Link no Texto\" data-track-links=\"\">At\u00e9 quem \u00e9 da capital paulista tamb\u00e9m passou a madrugada na cal\u00e7ada da Alesp. \u00c9 o caso do aposentado Rogaciano Silva Lima, de 75 anos. Ele chegou \u00e0s 4 da manh\u00e3 no local. &#8220;O Gugu passava na televisao e a gente parava tudo o que estava fazendo&#8221;.<\/p>\n<p style=\"text-align: justify;\" data-track-category=\"Link no Texto\" data-track-links=\"\">Fonte: https:\/\/g1.globo.com\/sp\/sao-paulo\/noticia\/2019\/11\/28\/fas-de-gugu-sao-liberados-para-entrar-no-velorio-do-apresentador-na-assembleia-legislativa-em-sp.ghtml<\/p>\n<\/div>\n<\/div>\n<\/div>\n<\/div>\n<\/div>\n<\/div>\n<p data-track-category=\"Link no Texto\" data-track-links=\"\">\n<\/div>\n<\/div>\n","protected":false},"excerpt":{"rendered":"<p>Grupo chegou ao local antes da chegada do corpo do apresentador na manh\u00e3 desta quinta (28). O acesso dos f\u00e3s de Gugu Liberato ao vel\u00f3rio do apresentador no Sal\u00e3o Monumental da Assembleia Legislativa foi liberado \u00e0s 12h17 desta quinta-feira (28). Eles poder\u00e3o passar a uma certa dist\u00e2ncia do caix\u00e3o. Gugu \u00e9 velado em caix\u00e3o aberto. [&hellip;]<\/p>\n","protected":false},"author":1,"featured_media":12551,"comment_status":"closed","ping_status":"open","sticky":false,"template":"","format":"standard","meta":{"footnotes":""},"categories":[178,110],"tags":[],"class_list":["post-12548","post","type-post","status-publish","format-standard","has-post-thumbnail","hentry","category-notadefalecimento","category-noticiasdestaque"],"_links":{"self":[{"href":"https:\/\/jorgezanoni.com.br\/2019\/wp-json\/wp\/v2\/posts\/12548","targetHints":{"allow":["GET"]}}],"collection":[{"href":"https:\/\/jorgezanoni.com.br\/2019\/wp-json\/wp\/v2\/posts"}],"about":[{"href":"https:\/\/jorgezanoni.com.br\/2019\/wp-json\/wp\/v2\/types\/post"}],"author":[{"embeddable":true,"href":"https:\/\/jorgezanoni.com.br\/2019\/wp-json\/wp\/v2\/users\/1"}],"replies":[{"embeddable":true,"href":"https:\/\/jorgezanoni.com.br\/2019\/wp-json\/wp\/v2\/comments?post=12548"}],"version-history":[{"count":0,"href":"https:\/\/jorgezanoni.com.br\/2019\/wp-json\/wp\/v2\/posts\/12548\/revisions"}],"wp:featuredmedia":[{"embeddable":true,"href":"https:\/\/jorgezanoni.com.br\/2019\/wp-json\/wp\/v2\/media\/12551"}],"wp:attachment":[{"href":"https:\/\/jorgezanoni.com.br\/2019\/wp-json\/wp\/v2\/media?parent=12548"}],"wp:term":[{"taxonomy":"category","embeddable":true,"href":"https:\/\/jorgezanoni.com.br\/2019\/wp-json\/wp\/v2\/categories?post=12548"},{"taxonomy":"post_tag","embeddable":true,"href":"https:\/\/jorgezanoni.com.br\/2019\/wp-json\/wp\/v2\/tags?post=12548"}],"curies":[{"name":"wp","href":"https:\/\/api.w.org\/{rel}","templated":true}]}}