{"id":12545,"date":"2019-11-28T15:49:59","date_gmt":"2019-11-28T15:49:59","guid":{"rendered":"https:\/\/jorgezanoni.com.br\/2019\/?p=12545"},"modified":"2019-11-28T15:49:59","modified_gmt":"2019-11-28T15:49:59","slug":"recuperado-de-acidente-em-dracena-joao-victor-deve-ter-alta-hoje-do-hr-em-prudente","status":"publish","type":"post","link":"https:\/\/jorgezanoni.com.br\/2019\/recuperado-de-acidente-em-dracena-joao-victor-deve-ter-alta-hoje-do-hr-em-prudente\/","title":{"rendered":"Recuperado de acidente em Dracena, Jo\u00e3o Victor deve ter alta hoje do HR em Prudente"},"content":{"rendered":"<p style=\"text-align: justify;\">Recuperado do acidente que sofreu h\u00e1 45 dias na Rua Fortaleza, em Dracena quando bateu a Biz que conduzia na traseira de uma carreta, o jovem Jo\u00e3o Victor Soares, 20, morador do Parque Dracena, tem previs\u00e3o de receber alta hoje, 28, \u00e0 tarde, do Hospital Regional de Presidente Prudente onde est\u00e1 internado.<\/p>\n<p style=\"text-align: justify;\">No dia 12 de outubro de madrugada foi v\u00edtima grave no acidente ficou por 16 dias internado na UTI e passou por seis cirurgias, n\u00e3o andava e falava com dificuldade, mas agora est\u00e1 bem recuperado, andando e falando normal. Na tarde de ter\u00e7a-feira, 26, Jo\u00e3o Victor gravou uma entrevista para a r\u00e1dio Liberal FM e a reportagem do Jornal e falou da recupera\u00e7\u00e3o e fez agradecimentos. \u201cS\u00f3 tenho que agradecer a todos os amigos e aos que oraram por mim e que me ajudaram de certa forma e falar que gra\u00e7as a Deus, pois ele \u00e9 maravilhoso e sempre me livrou e est\u00e1 me livrando de todo o mal e dizer que a minha recupera\u00e7\u00e3o est\u00e1 \u00f3tima e em pouco tempo voltei a falar, j\u00e1 estou andando e me recuperando e logo mais estarei em casa. Agora tenho que aproveitar minha fam\u00edlia, os amigos, amar a todos e dar mais valor a vida e as pessoas que est\u00e3o do meu lado. Quero conquistar os sonhos que sempre tive de ter uma vida boa, ter o melhor e dar um futuro melhor a minha fam\u00edlia, construir uma fam\u00edlia e ter filhos e agradecer primeiramente Deus que faz obras na vida daqueles que acreditam e \u00e9 o nosso salvador. Obrigado a voc\u00ea por tudo\u201d, afirmou Jo\u00e3o Victor ainda no hospital prudentino.<\/p>\n<p style=\"text-align: justify;\">Ao mesmo tempo Jo\u00e3o Roberto Soares (Beto), pai de Jo\u00e3o Victor fez quest\u00e3o tamb\u00e9m de agradecer a todos aqueles que de alguma forma ou de outra ajudou seu filho com as ora\u00e7\u00f5es, no dia do acidente nos primeiros socorros, o pessoal da Santa Casa que o atendeu nas primeiras horas de atendimento, ao pessoal do HR, a todos os dracenenses que pediram a Deus que cuidasse dele: \u201cTudo isso s\u00f3 est\u00e1 acontecendo porque Deus \u00e9 bom o tempo todo e misericordioso. Deus cuidou do Jo\u00e3o desde o acidente e, por isso \u00e9 o Deus do imposs\u00edvel. Gl\u00f3ria a Deus por tudo e muito obrigado a voc\u00eas\u201d, disse o pai\u00a0 emocionado pelo milagre na vida do Jo\u00e3o Victor.<\/p>\n<p style=\"text-align: justify;\">Fonte: Portal Regional<\/p>\n","protected":false},"excerpt":{"rendered":"<p>Recuperado do acidente que sofreu h\u00e1 45 dias na Rua Fortaleza, em Dracena quando bateu a Biz que conduzia na traseira de uma carreta, o jovem Jo\u00e3o Victor Soares, 20, morador do Parque Dracena, tem previs\u00e3o de receber alta hoje, 28, \u00e0 tarde, do Hospital Regional de Presidente Prudente onde est\u00e1 internado. No dia 12 [&hellip;]<\/p>\n","protected":false},"author":1,"featured_media":12546,"comment_status":"closed","ping_status":"open","sticky":false,"template":"","format":"standard","meta":{"footnotes":""},"categories":[170,110],"tags":[],"class_list":["post-12545","post","type-post","status-publish","format-standard","has-post-thumbnail","hentry","category-acidentes","category-noticiasdestaque"],"_links":{"self":[{"href":"https:\/\/jorgezanoni.com.br\/2019\/wp-json\/wp\/v2\/posts\/12545","targetHints":{"allow":["GET"]}}],"collection":[{"href":"https:\/\/jorgezanoni.com.br\/2019\/wp-json\/wp\/v2\/posts"}],"about":[{"href":"https:\/\/jorgezanoni.com.br\/2019\/wp-json\/wp\/v2\/types\/post"}],"author":[{"embeddable":true,"href":"https:\/\/jorgezanoni.com.br\/2019\/wp-json\/wp\/v2\/users\/1"}],"replies":[{"embeddable":true,"href":"https:\/\/jorgezanoni.com.br\/2019\/wp-json\/wp\/v2\/comments?post=12545"}],"version-history":[{"count":0,"href":"https:\/\/jorgezanoni.com.br\/2019\/wp-json\/wp\/v2\/posts\/12545\/revisions"}],"wp:featuredmedia":[{"embeddable":true,"href":"https:\/\/jorgezanoni.com.br\/2019\/wp-json\/wp\/v2\/media\/12546"}],"wp:attachment":[{"href":"https:\/\/jorgezanoni.com.br\/2019\/wp-json\/wp\/v2\/media?parent=12545"}],"wp:term":[{"taxonomy":"category","embeddable":true,"href":"https:\/\/jorgezanoni.com.br\/2019\/wp-json\/wp\/v2\/categories?post=12545"},{"taxonomy":"post_tag","embeddable":true,"href":"https:\/\/jorgezanoni.com.br\/2019\/wp-json\/wp\/v2\/tags?post=12545"}],"curies":[{"name":"wp","href":"https:\/\/api.w.org\/{rel}","templated":true}]}}