{"id":12517,"date":"2019-11-28T01:16:44","date_gmt":"2019-11-28T01:16:44","guid":{"rendered":"https:\/\/jorgezanoni.com.br\/2019\/?p=12517"},"modified":"2019-11-28T01:16:44","modified_gmt":"2019-11-28T01:16:44","slug":"concursos-publicos-no-oeste-paulista-tem-salarios-que-passam-de-r-11-mil","status":"publish","type":"post","link":"https:\/\/jorgezanoni.com.br\/2019\/concursos-publicos-no-oeste-paulista-tem-salarios-que-passam-de-r-11-mil\/","title":{"rendered":"Concursos p\u00fablicos no Oeste Paulista t\u00eam sal\u00e1rios que passam de R$ 11 mil"},"content":{"rendered":"<h2 class=\"content-head__subtitle\" style=\"text-align: justify;\"><strong>Oportunidades s\u00e3o oferecidas por quatro Prefeituras da regi\u00e3o de Presidente Prudente. Interessados devem se inscrever pela internet.<\/strong><\/h2>\n<div class=\"mc-column content-text active-extra-styles \" data-block-type=\"unstyled\" data-block-weight=\"25\" data-block-id=\"2\">\n<p class=\"content-text__container \" style=\"text-align: justify;\" data-track-category=\"Link no Texto\" data-track-links=\"\">Quatro Prefeituras do Oeste Paulista possuem concursos p\u00fablicos e processos seletivos com inscri\u00e7\u00f5es abertas. O valor dos sal\u00e1rios oferecidos pode passar de R$ 11 mil.<\/p>\n<\/div>\n<div class=\"wall protected-content\">\n<div class=\"mc-column content-text active-extra-styles \" style=\"text-align: justify;\" data-block-type=\"unstyled\" data-block-weight=\"3\" data-block-id=\"3\">\n<p class=\"content-text__container \" data-track-category=\"Link no Texto\" data-track-links=\"\">Confira as oportunidades:<\/p>\n<\/div>\n<div class=\"mc-column content-text active-extra-styles\" style=\"text-align: justify;\" data-block-type=\"raw\" data-block-weight=\"2\" data-block-id=\"4\">\n<div class=\"content-intertitle\">\n<h2>Presidente Epit\u00e1cio<\/h2>\n<\/div>\n<\/div>\n<div class=\"mc-column content-text active-extra-styles \" style=\"text-align: justify;\" data-block-type=\"unstyled\" data-block-weight=\"17\" data-block-id=\"5\">\n<p class=\"content-text__container \" data-track-category=\"Link no Texto\" data-track-links=\"\">A Prefeitura de\u00a0<a href=\"https:\/\/g1.globo.com\/sp\/presidente-prudente-regiao\/cidade\/presidente-epitacio\/\">Presidente Epit\u00e1cio<\/a>\u00a0abriu processo seletivo para forma\u00e7\u00e3o de cadastro reserva na \u00e1rea da educa\u00e7\u00e3o.<\/p>\n<\/div>\n<div class=\"mc-column content-text active-extra-styles \" style=\"text-align: justify;\" data-block-type=\"unstyled\" data-block-weight=\"23\" data-block-id=\"6\">\n<p class=\"content-text__container \" data-track-category=\"Link no Texto\" data-track-links=\"\">As inscri\u00e7\u00f5es podem ser realizadas at\u00e9 o dia 1\u00ba de dezembro de 2019 pela\u00a0<a href=\"https:\/\/www.unisisp.com.br\/site\/index.php?pg=concursos\/info&amp;codigo=116\" target=\"_blank\" rel=\"noopener noreferrer\">internet<\/a>. A taxa de inscri\u00e7\u00e3o \u00e9 de R$ 19.<\/p>\n<\/div>\n<div class=\"mc-column content-text active-extra-styles \" style=\"text-align: justify;\" data-block-type=\"unstyled\" data-block-weight=\"22\" data-block-id=\"7\">\n<p class=\"content-text__container \" data-track-category=\"Link no Texto\" data-track-links=\"\">Os cargos dispon\u00edveis para cadastro reserva s\u00e3o para professores de educa\u00e7\u00e3o b\u00e1sica, auxiliar de servi\u00e7os gerais, merendeira e auxiliar de desenvolvimento infantil.<\/p>\n<\/div>\n<div class=\"mc-column content-text active-extra-styles \" style=\"text-align: justify;\" data-block-type=\"unstyled\" data-block-weight=\"7\" data-block-id=\"8\">\n<p class=\"content-text__container \" data-track-category=\"Link no Texto\" data-track-links=\"\">O edital completo pode ser conferido\u00a0<a href=\"https:\/\/www.unisisp.com.br\/imagens_arquivos\/concursos\/arquivos\/116_presidenteepitacio_edital_ps_002_2019_2.pdf\" target=\"_blank\" rel=\"noopener noreferrer\">aqui<\/a>.<\/p>\n<\/div>\n<div class=\"mc-column content-text active-extra-styles\" data-block-type=\"raw\" data-block-weight=\"1\" data-block-id=\"9\">\n<div class=\"content-intertitle\">\n<h2 style=\"text-align: justify;\">Martin\u00f3polis<\/h2>\n<div class=\"mc-column content-text active-extra-styles \" style=\"text-align: justify;\" data-block-type=\"unstyled\" data-block-weight=\"22\" data-block-id=\"11\">\n<p class=\"content-text__container \" data-track-category=\"Link no Texto\" data-track-links=\"\">A Prefeitura de\u00a0<a href=\"https:\/\/g1.globo.com\/sp\/presidente-prudente-regiao\/cidade\/martinopolis-sp\/\">Martin\u00f3polis\u00a0<\/a>abriu processo seletivo para forma\u00e7\u00e3o de cadastro reserva de professores dos ensinos infantil e fundamental e educa\u00e7\u00e3o especial.<\/p>\n<\/div>\n<div class=\"mc-column content-text active-extra-styles \" style=\"text-align: justify;\" data-block-type=\"unstyled\" data-block-weight=\"20\" data-block-id=\"12\">\n<p class=\"content-text__container \" data-track-category=\"Link no Texto\" data-track-links=\"\">Os interessados podem se inscrever pela\u00a0<a href=\"http:\/\/www.conscamweb.com.br\/concurso\/concursoPaginaInterna.do?idInstituicao=10&amp;idConcurso=5\" target=\"_blank\" rel=\"noopener noreferrer\">internet\u00a0<\/a>at\u00e9 o dia 5 de dezembro. A taxa de inscri\u00e7\u00e3o custa R$ 9,40.<\/p>\n<\/div>\n<div class=\"mc-column content-text active-extra-styles \" style=\"text-align: justify;\" data-block-type=\"unstyled\" data-block-weight=\"19\" data-block-id=\"13\">\n<p class=\"content-text__container \" data-track-category=\"Link no Texto\" data-track-links=\"\">A carga hor\u00e1ria varia de 24 a 32 horas semanais e a hora\/aula de R$ 8,65 a R$ 15,41.<\/p>\n<\/div>\n<div class=\"mc-column content-text active-extra-styles \" style=\"text-align: justify;\" data-block-type=\"unstyled\" data-block-weight=\"7\" data-block-id=\"14\">\n<p class=\"content-text__container \" data-track-category=\"Link no Texto\" data-track-links=\"\">Mais informa\u00e7\u00f5es podem ser obtidas no\u00a0<a href=\"http:\/\/www.conscamweb.com.br\/concurso\/downloadAnexo.do?idAnexo=2753\" target=\"_blank\" rel=\"noopener noreferrer\">edital<\/a>.<\/p>\n<\/div>\n<div class=\"mc-column content-text active-extra-styles\" style=\"text-align: justify;\" data-block-type=\"raw\" data-block-weight=\"4\" data-block-id=\"15\">\n<div class=\"content-intertitle\">\n<h2>Euclides da Cunha Paulista<\/h2>\n<\/div>\n<\/div>\n<div class=\"mc-column content-text active-extra-styles \" style=\"text-align: justify;\" data-block-type=\"unstyled\" data-block-weight=\"16\" data-block-id=\"16\">\n<p class=\"content-text__container \" data-track-category=\"Link no Texto\" data-track-links=\"\">A Prefeitura de\u00a0<a href=\"https:\/\/g1.globo.com\/sp\/presidente-prudente-regiao\/cidade\/euclides-da-cunha-paulista\/\">Euclides da Cunha Paulista<\/a>\u00a0abriu concurso p\u00fablico para contrata\u00e7\u00e3o de m\u00e9dico e psic\u00f3logo.<\/p>\n<\/div>\n<div class=\"mc-column content-text active-extra-styles \" style=\"text-align: justify;\" data-block-type=\"unstyled\" data-block-weight=\"24\" data-block-id=\"17\">\n<p class=\"content-text__container \" data-track-category=\"Link no Texto\" data-track-links=\"\">As inscri\u00e7\u00f5es podem ser realizadas pela\u00a0<a href=\"https:\/\/cmmconcursos.com.br\/editais\/ver\/2452\" target=\"_blank\" rel=\"noopener noreferrer\">internet\u00a0<\/a>at\u00e9 o dia 8 de dezembro de 2019, com taxa de inscri\u00e7\u00e3o no valor de R$ 30.<\/p>\n<\/div>\n<div class=\"mc-column content-text active-extra-styles \" style=\"text-align: justify;\" data-block-type=\"unstyled\" data-block-weight=\"20\" data-block-id=\"18\">\n<p class=\"content-text__container \" data-track-category=\"Link no Texto\" data-track-links=\"\">O sal\u00e1rio de m\u00e9dico \u00e9 de R$ 11.435,70. J\u00e1 a remunera\u00e7\u00e3o para psic\u00f3logo \u00e9 de R$ 1.430,70, segundo o\u00a0<a href=\"https:\/\/cdn.gestoreditais.com.br\/edital\/63\/2452\/f6dee7c37a505757756f31193f8333ac.pdf\" target=\"_blank\" rel=\"noopener noreferrer\">edital<\/a>.<\/p>\n<\/div>\n<div class=\"mc-column content-text active-extra-styles\" style=\"text-align: justify;\" data-block-type=\"raw\" data-block-weight=\"1\" data-block-id=\"19\">\n<div class=\"content-intertitle\">\n<h2>Junqueir\u00f3polis<\/h2>\n<\/div>\n<\/div>\n<div class=\"mc-column content-text active-extra-styles \" style=\"text-align: justify;\" data-block-type=\"unstyled\" data-block-weight=\"21\" data-block-id=\"20\">\n<p class=\"content-text__container \" data-track-category=\"Link no Texto\" data-track-links=\"\">A Prefeitura\u00a0<a href=\"https:\/\/g1.globo.com\/sp\/presidente-prudente-regiao\/cidade\/junqueiropolis\/\">Junqueir\u00f3polis\u00a0<\/a>abriu concurso p\u00fablico para a contrata\u00e7\u00e3o de seis profissionais que tenham ensinos fundamental e superior nas \u00e1reas exigidas.<\/p>\n<\/div>\n<div class=\"mc-column content-text active-extra-styles \" style=\"text-align: justify;\" data-block-type=\"unstyled\" data-block-weight=\"16\" data-block-id=\"21\">\n<p class=\"content-text__container \" data-track-category=\"Link no Texto\" data-track-links=\"\">H\u00e1 oportunidades dispon\u00edveis para os seguintes cargos: motorista, professor assistente e professor de educa\u00e7\u00e3o b\u00e1sica 2.<\/p>\n<\/div>\n<div class=\"mc-column content-text active-extra-styles \" style=\"text-align: justify;\" data-block-type=\"unstyled\" data-block-weight=\"19\" data-block-id=\"22\">\n<p class=\"content-text__container \" data-track-category=\"Link no Texto\" data-track-links=\"\">Os profissionais contratados receber\u00e3o uma remunera\u00e7\u00e3o que varia de R$ 16,81 por hora-aula e R$ 1.027,89 a R$ 3.362,19.<\/p>\n<\/div>\n<div class=\"mc-column content-text active-extra-styles \" data-block-type=\"unstyled\" data-block-weight=\"25\" data-block-id=\"23\">\n<p class=\"content-text__container \" style=\"text-align: justify;\" data-track-category=\"Link no Texto\" data-track-links=\"\">Os interessados podem se inscrever at\u00e9 o dia 29 de novembro de 2019 pela\u00a0<a href=\"http:\/\/www.aplicativaassessoria.net\/inscricao\/inscrever\/concurso\/50\" target=\"_blank\" rel=\"noopener noreferrer\">internet<\/a>. O valor da taxa de inscri\u00e7\u00e3o \u00e9 de R$ 9.<\/p>\n<div class=\"mc-column content-text active-extra-styles \" style=\"text-align: justify;\" data-block-type=\"unstyled\" data-block-weight=\"7\" data-block-id=\"25\">\n<p class=\"content-text__container \" data-track-category=\"Link no Texto\" data-track-links=\"\">Mais informa\u00e7\u00f5es podem ser conferidas no\u00a0<a href=\"http:\/\/www.aplicativaassessoria.net\/concurso\/show\/id\/50\" target=\"_blank\" rel=\"noopener noreferrer\">edital<\/a>.<\/p>\n<\/div>\n<div class=\"mc-column content-text active-extra-styles \" style=\"text-align: justify;\" data-block-type=\"unstyled\" data-block-weight=\"14\" data-block-id=\"26\">\n<p class=\"content-text__container \" data-track-category=\"Link no Texto\" data-track-links=\"\">O Poder Executivo de Junqueir\u00f3polis ainda possui um\u00a0<a href=\"http:\/\/www.aplicativaassessoria.net\/inscricao\/inscrever\/concurso\/49\" target=\"_blank\" rel=\"noopener noreferrer\">processo seletivo<\/a>\u00a0para contrata\u00e7\u00e3o de professores.<\/p>\n<\/div>\n<div class=\"mc-column content-text active-extra-styles \" style=\"text-align: justify;\" data-block-type=\"unstyled\" data-block-weight=\"22\" data-block-id=\"27\">\n<p class=\"content-text__container \" data-track-category=\"Link no Texto\" data-track-links=\"\">Os interessados devem se inscrever at\u00e9 o dia 6 de dezembro pela internet. A taxa de inscri\u00e7\u00e3o tamb\u00e9m \u00e9 de R$ 9.<\/p>\n<\/div>\n<div class=\"mc-column content-text active-extra-styles \" data-block-type=\"unstyled\" data-block-weight=\"7\" data-block-id=\"28\">\n<p class=\"content-text__container \" style=\"text-align: justify;\" data-track-category=\"Link no Texto\" data-track-links=\"\">Mais informa\u00e7\u00f5es podem ser conferidas no\u00a0<a href=\"http:\/\/www.aplicativaassessoria.net\/concurso\/show\/id\/49\" target=\"_blank\" rel=\"noopener noreferrer\">edital<\/a>.<\/p>\n<p style=\"text-align: justify;\" data-track-category=\"Link no Texto\" data-track-links=\"\">Fonte: G1<\/p>\n<\/div>\n<\/div>\n<\/div>\n<\/div>\n<\/div>\n","protected":false},"excerpt":{"rendered":"<p>Oportunidades s\u00e3o oferecidas por quatro Prefeituras da regi\u00e3o de Presidente Prudente. Interessados devem se inscrever pela internet. Quatro Prefeituras do Oeste Paulista possuem concursos p\u00fablicos e processos seletivos com inscri\u00e7\u00f5es abertas. O valor dos sal\u00e1rios oferecidos pode passar de R$ 11 mil. Confira as oportunidades: Presidente Epit\u00e1cio A Prefeitura de\u00a0Presidente Epit\u00e1cio\u00a0abriu processo seletivo para forma\u00e7\u00e3o [&hellip;]<\/p>\n","protected":false},"author":1,"featured_media":12518,"comment_status":"closed","ping_status":"open","sticky":false,"template":"","format":"standard","meta":{"footnotes":""},"categories":[122],"tags":[],"class_list":["post-12517","post","type-post","status-publish","format-standard","has-post-thumbnail","hentry","category-saudeeducacaoeconcurso"],"_links":{"self":[{"href":"https:\/\/jorgezanoni.com.br\/2019\/wp-json\/wp\/v2\/posts\/12517","targetHints":{"allow":["GET"]}}],"collection":[{"href":"https:\/\/jorgezanoni.com.br\/2019\/wp-json\/wp\/v2\/posts"}],"about":[{"href":"https:\/\/jorgezanoni.com.br\/2019\/wp-json\/wp\/v2\/types\/post"}],"author":[{"embeddable":true,"href":"https:\/\/jorgezanoni.com.br\/2019\/wp-json\/wp\/v2\/users\/1"}],"replies":[{"embeddable":true,"href":"https:\/\/jorgezanoni.com.br\/2019\/wp-json\/wp\/v2\/comments?post=12517"}],"version-history":[{"count":0,"href":"https:\/\/jorgezanoni.com.br\/2019\/wp-json\/wp\/v2\/posts\/12517\/revisions"}],"wp:featuredmedia":[{"embeddable":true,"href":"https:\/\/jorgezanoni.com.br\/2019\/wp-json\/wp\/v2\/media\/12518"}],"wp:attachment":[{"href":"https:\/\/jorgezanoni.com.br\/2019\/wp-json\/wp\/v2\/media?parent=12517"}],"wp:term":[{"taxonomy":"category","embeddable":true,"href":"https:\/\/jorgezanoni.com.br\/2019\/wp-json\/wp\/v2\/categories?post=12517"},{"taxonomy":"post_tag","embeddable":true,"href":"https:\/\/jorgezanoni.com.br\/2019\/wp-json\/wp\/v2\/tags?post=12517"}],"curies":[{"name":"wp","href":"https:\/\/api.w.org\/{rel}","templated":true}]}}