{"id":12512,"date":"2019-11-28T01:02:45","date_gmt":"2019-11-28T01:02:45","guid":{"rendered":"https:\/\/jorgezanoni.com.br\/2019\/?p=12512"},"modified":"2019-11-28T01:05:27","modified_gmt":"2019-11-28T01:05:27","slug":"colisao-frontal-entre-carro-e-van-mata-uma-pessoa-e-interrompe-trafego-de-veiculos-na-rodovia-homero-severo-lins","status":"publish","type":"post","link":"https:\/\/jorgezanoni.com.br\/2019\/colisao-frontal-entre-carro-e-van-mata-uma-pessoa-e-interrompe-trafego-de-veiculos-na-rodovia-homero-severo-lins\/","title":{"rendered":"Colis\u00e3o frontal entre carro e van mata uma pessoa e interrompe tr\u00e1fego de ve\u00edculos na Rodovia Homero Severo Lins"},"content":{"rendered":"<h2 class=\"content-head__subtitle\" style=\"text-align: justify;\"><strong>Duas v\u00edtimas foram socorridas pelo Corpo de Bombeiros com ferimentos graves e leves na tarde desta quarta-feira (27).<\/strong><\/h2>\n<div class=\"mc-column content-text active-extra-styles \" style=\"text-align: justify;\" data-block-type=\"unstyled\" data-block-weight=\"29\" data-block-id=\"2\">\n<p class=\"content-text__container \" data-track-category=\"Link no Texto\" data-track-links=\"\">Uma pessoa morreu e outras duas ficaram feridas em decorr\u00eancia de um acidente de tr\u00e2nsito na tarde desta quarta-feira (27), na Rodovia Homero Severo Lins (SP-284), em\u00a0<a href=\"https:\/\/g1.globo.com\/sp\/presidente-prudente-regiao\/cidade\/martinopolis-sp\/\">Martin\u00f3polis (SP)<\/a>.<\/p>\n<\/div>\n<div class=\"wall protected-content\">\n<div class=\"mc-column content-text active-extra-styles \" style=\"text-align: justify;\" data-block-type=\"unstyled\" data-block-weight=\"28\" data-block-id=\"3\">\n<p class=\"content-text__container \" data-track-category=\"Link no Texto\" data-track-links=\"\">De acordo com as informa\u00e7\u00f5es fornecidas pela Pol\u00edcia Militar Rodovi\u00e1ria, uma colis\u00e3o frontal envolveu, por volta das 16h45, um carro e uma van, na altura do km 546,500.<\/p>\n<\/div>\n<div class=\"mc-column content-text active-extra-styles \" style=\"text-align: justify;\" data-block-type=\"unstyled\" data-block-weight=\"25\" data-block-id=\"4\">\n<p class=\"content-text__container \" data-track-category=\"Link no Texto\" data-track-links=\"\">A batida provocou, temporariamente, a interdi\u00e7\u00e3o total do tr\u00e1fego de ve\u00edculos da rodovia no trecho afetado pelo acidente durante a presta\u00e7\u00e3o de socorro \u00e0s v\u00edtimas.<\/p>\n<\/div>\n<div class=\"mc-column content-text active-extra-styles \" style=\"text-align: justify;\" data-block-type=\"unstyled\" data-block-weight=\"16\" data-block-id=\"5\">\n<p class=\"content-text__container \" data-track-category=\"Link no Texto\" data-track-links=\"\">Equipes do Corpo de Bombeiros foram acionadas e compareceram ao local para o socorro das v\u00edtimas.<\/p>\n<\/div>\n<div class=\"mc-column content-text active-extra-styles \" data-block-type=\"unstyled\" data-block-weight=\"18\" data-block-id=\"6\">\n<p class=\"content-text__container \" style=\"text-align: justify;\" data-track-category=\"Link no Texto\" data-track-links=\"\">Entre as pessoas que ficaram feridas, uma teve les\u00f5es graves, enquanto a outra sofreu machucados de natureza leve.<\/p>\n<div class=\"mc-column content-text active-extra-styles \" style=\"text-align: justify;\" data-block-type=\"unstyled\" data-block-weight=\"10\" data-block-id=\"8\">\n<p class=\"content-text__container \" data-track-category=\"Link no Texto\" data-track-links=\"\">Das tr\u00eas v\u00edtimas do acidente, duas ficaram presas nas ferragens.<\/p>\n<\/div>\n<div class=\"mc-column content-text active-extra-styles \" style=\"text-align: justify;\" data-block-type=\"unstyled\" data-block-weight=\"31\" data-block-id=\"9\">\n<p class=\"content-text__container \" data-track-category=\"Link no Texto\" data-track-links=\"\">Chovia no momento da batida e a suspeita da Pol\u00edcia Militar Rodovi\u00e1ria, em princ\u00edpio, \u00e9 de que a colis\u00e3o tenha ocorrido por causa de uma ultrapassagem irregular do motorista da van.<\/p>\n<\/div>\n<div class=\"mc-column content-text active-extra-styles \" style=\"text-align: justify;\" data-block-type=\"unstyled\" data-block-weight=\"35\" data-block-id=\"10\">\n<p class=\"content-text__container \" data-track-category=\"Link no Texto\" data-track-links=\"\">Ainda segundo a Pol\u00edcia Militar Rodovi\u00e1ria, o carro, com placas de Presidente Prudente (SP), trafegava no sentido Rancharia (SP)\u2013Martin\u00f3polis, enquanto a van, de Len\u00e7\u00f3is Paulista (SP), seguia na pista contr\u00e1ria, quando houve a batida frontal.<\/p>\n<\/div>\n<div class=\"mc-column content-text active-extra-styles \" data-block-type=\"unstyled\" data-block-weight=\"14\" data-block-id=\"11\">\n<p class=\"content-text__container \" style=\"text-align: justify;\" data-track-category=\"Link no Texto\" data-track-links=\"\">O motorista de 38 anos, que dirigia o carro, morreu no local do acidente.<\/p>\n<p data-track-category=\"Link no Texto\" data-track-links=\"\"><img loading=\"lazy\" decoding=\"async\" class=\"alignnone size-full wp-image-12513\" src=\"https:\/\/jorgezanoni.com.br\/2019\/wp-content\/uploads\/2019\/11\/acid1.jpg\" alt=\"\" width=\"2016\" height=\"1370\" srcset=\"https:\/\/jorgezanoni.com.br\/2019\/wp-content\/uploads\/2019\/11\/acid1.jpg 2016w, https:\/\/jorgezanoni.com.br\/2019\/wp-content\/uploads\/2019\/11\/acid1-300x204.jpg 300w, https:\/\/jorgezanoni.com.br\/2019\/wp-content\/uploads\/2019\/11\/acid1-768x522.jpg 768w, https:\/\/jorgezanoni.com.br\/2019\/wp-content\/uploads\/2019\/11\/acid1-1024x696.jpg 1024w, https:\/\/jorgezanoni.com.br\/2019\/wp-content\/uploads\/2019\/11\/acid1-696x473.jpg 696w, https:\/\/jorgezanoni.com.br\/2019\/wp-content\/uploads\/2019\/11\/acid1-1068x726.jpg 1068w, https:\/\/jorgezanoni.com.br\/2019\/wp-content\/uploads\/2019\/11\/acid1-618x420.jpg 618w\" sizes=\"auto, (max-width: 2016px) 100vw, 2016px\" \/>Colis\u00e3o envolveu dois ve\u00edculos na Rodovia Homero Severo Lins (SP-284), em Martin\u00f3polis \u2014 Foto: Murilo Antunes<\/p>\n<\/div>\n<div class=\"mc-column content-text active-extra-styles \" data-block-type=\"unstyled\" data-block-weight=\"21\" data-block-id=\"12\">\n<p class=\"content-text__container \" style=\"text-align: justify;\" data-track-category=\"Link no Texto\" data-track-links=\"\">J\u00e1 o condutor da van foi socorrido em estado grave. Um homem que seguia como passageiro na van teve ferimentos leves.<\/p>\n<\/div>\n<div class=\"mc-column content-text active-extra-styles \" data-block-type=\"unstyled\" data-block-weight=\"21\" data-block-id=\"13\">\n<p class=\"content-text__container \" style=\"text-align: justify;\" data-track-category=\"Link no Texto\" data-track-links=\"\">A pol\u00edcia ainda salientou que as circunst\u00e2ncias em que se deram a colis\u00e3o ser\u00e3o esclarecidas pela per\u00edcia t\u00e9cnico-cient\u00edfica realizada no local.<\/p>\n<p data-track-category=\"Link no Texto\" data-track-links=\"\">Fonte: G1<\/p>\n<p data-track-category=\"Link no Texto\" data-track-links=\"\">\n<\/div>\n<\/div>\n<\/div>\n","protected":false},"excerpt":{"rendered":"<p>Duas v\u00edtimas foram socorridas pelo Corpo de Bombeiros com ferimentos graves e leves na tarde desta quarta-feira (27). Uma pessoa morreu e outras duas ficaram feridas em decorr\u00eancia de um acidente de tr\u00e2nsito na tarde desta quarta-feira (27), na Rodovia Homero Severo Lins (SP-284), em\u00a0Martin\u00f3polis (SP). De acordo com as informa\u00e7\u00f5es fornecidas pela Pol\u00edcia Militar [&hellip;]<\/p>\n","protected":false},"author":1,"featured_media":12516,"comment_status":"closed","ping_status":"open","sticky":false,"template":"","format":"standard","meta":{"footnotes":""},"categories":[170,110],"tags":[],"class_list":["post-12512","post","type-post","status-publish","format-standard","has-post-thumbnail","hentry","category-acidentes","category-noticiasdestaque"],"_links":{"self":[{"href":"https:\/\/jorgezanoni.com.br\/2019\/wp-json\/wp\/v2\/posts\/12512","targetHints":{"allow":["GET"]}}],"collection":[{"href":"https:\/\/jorgezanoni.com.br\/2019\/wp-json\/wp\/v2\/posts"}],"about":[{"href":"https:\/\/jorgezanoni.com.br\/2019\/wp-json\/wp\/v2\/types\/post"}],"author":[{"embeddable":true,"href":"https:\/\/jorgezanoni.com.br\/2019\/wp-json\/wp\/v2\/users\/1"}],"replies":[{"embeddable":true,"href":"https:\/\/jorgezanoni.com.br\/2019\/wp-json\/wp\/v2\/comments?post=12512"}],"version-history":[{"count":0,"href":"https:\/\/jorgezanoni.com.br\/2019\/wp-json\/wp\/v2\/posts\/12512\/revisions"}],"wp:featuredmedia":[{"embeddable":true,"href":"https:\/\/jorgezanoni.com.br\/2019\/wp-json\/wp\/v2\/media\/12516"}],"wp:attachment":[{"href":"https:\/\/jorgezanoni.com.br\/2019\/wp-json\/wp\/v2\/media?parent=12512"}],"wp:term":[{"taxonomy":"category","embeddable":true,"href":"https:\/\/jorgezanoni.com.br\/2019\/wp-json\/wp\/v2\/categories?post=12512"},{"taxonomy":"post_tag","embeddable":true,"href":"https:\/\/jorgezanoni.com.br\/2019\/wp-json\/wp\/v2\/tags?post=12512"}],"curies":[{"name":"wp","href":"https:\/\/api.w.org\/{rel}","templated":true}]}}