{"id":12509,"date":"2019-11-28T00:29:57","date_gmt":"2019-11-28T00:29:57","guid":{"rendered":"https:\/\/jorgezanoni.com.br\/2019\/?p=12509"},"modified":"2019-11-28T00:30:29","modified_gmt":"2019-11-28T00:30:29","slug":"moradores-do-jardim-brasilandia-reclamam-de-agua-saindo-com-terra-das-torneiras","status":"publish","type":"post","link":"https:\/\/jorgezanoni.com.br\/2019\/moradores-do-jardim-brasilandia-reclamam-de-agua-saindo-com-terra-das-torneiras\/","title":{"rendered":"Moradores do jardim Brasil\u00e2ndia reclamam de \u00e1gua saindo com terra das torneiras"},"content":{"rendered":"<div class=\"clearfix _o46 _3erg _29_7 direction_ltr text_align_ltr\">\n<div id=\"js_jy\" class=\"_3058 _ui9 _hh7 _6ybn _s1- _52mr _3oh-\" data-tooltip-content=\"21:21\" data-hover=\"tooltip\" data-tooltip-position=\"left\">\n<div style=\"text-align: justify;\" tabindex=\"0\" aria-label=\"Rua Cec\u00edlia Meireles\">Moradores da rua Cec\u00edlia Meireles no jardim Brasil\u00e2ndia dizem que h\u00e1 pelo menos uma semana est\u00e3o tendo problemas com terra saindo junto com \u00e1gua nas torneiras das resid\u00eancias.<\/div>\n<\/div>\n<\/div>\n<div style=\"text-align: justify;\" tabindex=\"0\" aria-label=\"Rua Cec\u00edlia Meireles\"><\/div>\n<div style=\"text-align: justify;\" tabindex=\"0\" aria-label=\"Rua Cec\u00edlia Meireles\">Segundo eles provid\u00eancias j\u00e1 foram pedidas junto a EMDAEP, por\u00e9m at\u00e9 agora ningu\u00e9m resolveu o problema<\/div>\n<div class=\"clearfix _o46 _3erg _29_7 direction_ltr text_align_ltr\" style=\"text-align: justify;\">\n<div id=\"js_jy\" class=\"_3058 _ui9 _hh7 _6ybn _s1- _52mr _3oh-\" data-tooltip-content=\"21:21\" data-hover=\"tooltip\" data-tooltip-position=\"left\"><\/div>\n<\/div>\n<div class=\"_aok _7i2m\" style=\"text-align: justify;\" tabindex=\"0\" aria-label=\"J\u00e1 faz uma semana\"><\/div>\n<div style=\"text-align: justify;\" tabindex=\"0\" aria-label=\"J\u00e1 faz uma semana\">Pedem que seja resolvido com urg\u00eancia a situa\u00e7\u00e3o que tem incomodado bastante.<\/div>\n<div tabindex=\"0\" aria-label=\"J\u00e1 faz uma semana\"><\/div>\n<div tabindex=\"0\" aria-label=\"J\u00e1 faz uma semana\">Jorge Zanoni<\/div>\n<div tabindex=\"0\" aria-label=\"J\u00e1 faz uma semana\">Foto de Inernauta<\/div>\n<div style=\"text-align: justify;\" tabindex=\"0\" aria-label=\"J\u00e1 faz uma semana\"><\/div>\n","protected":false},"excerpt":{"rendered":"<p>Moradores da rua Cec\u00edlia Meireles no jardim Brasil\u00e2ndia dizem que h\u00e1 pelo menos uma semana est\u00e3o tendo problemas com terra saindo junto com \u00e1gua nas torneiras das resid\u00eancias. Segundo eles provid\u00eancias j\u00e1 foram pedidas junto a EMDAEP, por\u00e9m at\u00e9 agora ningu\u00e9m resolveu o problema Pedem que seja resolvido com urg\u00eancia a situa\u00e7\u00e3o que tem incomodado [&hellip;]<\/p>\n","protected":false},"author":1,"featured_media":12510,"comment_status":"closed","ping_status":"open","sticky":false,"template":"","format":"standard","meta":{"footnotes":""},"categories":[179,184,110],"tags":[],"class_list":["post-12509","post","type-post","status-publish","format-standard","has-post-thumbnail","hentry","category-cidadeseregiao","category-dracena","category-noticiasdestaque"],"_links":{"self":[{"href":"https:\/\/jorgezanoni.com.br\/2019\/wp-json\/wp\/v2\/posts\/12509","targetHints":{"allow":["GET"]}}],"collection":[{"href":"https:\/\/jorgezanoni.com.br\/2019\/wp-json\/wp\/v2\/posts"}],"about":[{"href":"https:\/\/jorgezanoni.com.br\/2019\/wp-json\/wp\/v2\/types\/post"}],"author":[{"embeddable":true,"href":"https:\/\/jorgezanoni.com.br\/2019\/wp-json\/wp\/v2\/users\/1"}],"replies":[{"embeddable":true,"href":"https:\/\/jorgezanoni.com.br\/2019\/wp-json\/wp\/v2\/comments?post=12509"}],"version-history":[{"count":0,"href":"https:\/\/jorgezanoni.com.br\/2019\/wp-json\/wp\/v2\/posts\/12509\/revisions"}],"wp:featuredmedia":[{"embeddable":true,"href":"https:\/\/jorgezanoni.com.br\/2019\/wp-json\/wp\/v2\/media\/12510"}],"wp:attachment":[{"href":"https:\/\/jorgezanoni.com.br\/2019\/wp-json\/wp\/v2\/media?parent=12509"}],"wp:term":[{"taxonomy":"category","embeddable":true,"href":"https:\/\/jorgezanoni.com.br\/2019\/wp-json\/wp\/v2\/categories?post=12509"},{"taxonomy":"post_tag","embeddable":true,"href":"https:\/\/jorgezanoni.com.br\/2019\/wp-json\/wp\/v2\/tags?post=12509"}],"curies":[{"name":"wp","href":"https:\/\/api.w.org\/{rel}","templated":true}]}}