{"id":12506,"date":"2019-11-28T00:06:37","date_gmt":"2019-11-28T00:06:37","guid":{"rendered":"https:\/\/jorgezanoni.com.br\/2019\/?p=12506"},"modified":"2019-11-28T00:06:37","modified_gmt":"2019-11-28T00:06:37","slug":"supermercado-troyano-junqueira-inaugura-terca-feira-3-em-junqueiropolis","status":"publish","type":"post","link":"https:\/\/jorgezanoni.com.br\/2019\/supermercado-troyano-junqueira-inaugura-terca-feira-3-em-junqueiropolis\/","title":{"rendered":"Supermercado Troyano Junqueira inaugura ter\u00e7a-feira (3) em Junqueir\u00f3polis"},"content":{"rendered":"<div id=\"fb-root\"><\/div>\n<p><script async=\"1\" defer=\"1\" crossorigin=\"anonymous\" src=\"https:\/\/connect.facebook.net\/en_US\/sdk.js#xfbml=1&amp;version=v5.0\"><\/script><\/p>\n<div class=\"fb-video\" data-href=\"https:\/\/www.facebook.com\/jorgezanonidracena\/videos\/467932920529415\/\" data-width=\"696\">\n<blockquote cite=\"https:\/\/www.facebook.com\/jorgezanonidracena\/videos\/467932920529415\/\" class=\"fb-xfbml-parse-ignore\"><p><a href=\"https:\/\/www.facebook.com\/jorgezanonidracena\/videos\/467932920529415\/\">Supermercado Troyano Junqueira inaugura ter\u00e7a-feira (3) em Junqueir\u00f3polis<\/a><\/p>\n<p>Supermercado Troyano Junqueira inaugura ter\u00e7a-feira (3) em Junqueir\u00f3polis<\/p>\n<p>Posted by <a href=\"https:\/\/www.facebook.com\/jorgezanonidracena\/\">Jorge Zanoni<\/a> on Wednesday, November 27, 2019<\/p><\/blockquote>\n<\/div>\n","protected":false},"excerpt":{"rendered":"<p>Supermercado Troyano Junqueira inaugura ter\u00e7a-feira (3) em Junqueir\u00f3polis Supermercado Troyano Junqueira inaugura ter\u00e7a-feira (3) em Junqueir\u00f3polis Posted by Jorge Zanoni on Wednesday, November 27, 2019<\/p>\n","protected":false},"author":1,"featured_media":12507,"comment_status":"closed","ping_status":"open","sticky":false,"template":"","format":"standard","meta":{"footnotes":""},"categories":[169],"tags":[],"class_list":["post-12506","post","type-post","status-publish","format-standard","has-post-thumbnail","hentry","category-videos"],"_links":{"self":[{"href":"https:\/\/jorgezanoni.com.br\/2019\/wp-json\/wp\/v2\/posts\/12506","targetHints":{"allow":["GET"]}}],"collection":[{"href":"https:\/\/jorgezanoni.com.br\/2019\/wp-json\/wp\/v2\/posts"}],"about":[{"href":"https:\/\/jorgezanoni.com.br\/2019\/wp-json\/wp\/v2\/types\/post"}],"author":[{"embeddable":true,"href":"https:\/\/jorgezanoni.com.br\/2019\/wp-json\/wp\/v2\/users\/1"}],"replies":[{"embeddable":true,"href":"https:\/\/jorgezanoni.com.br\/2019\/wp-json\/wp\/v2\/comments?post=12506"}],"version-history":[{"count":0,"href":"https:\/\/jorgezanoni.com.br\/2019\/wp-json\/wp\/v2\/posts\/12506\/revisions"}],"wp:featuredmedia":[{"embeddable":true,"href":"https:\/\/jorgezanoni.com.br\/2019\/wp-json\/wp\/v2\/media\/12507"}],"wp:attachment":[{"href":"https:\/\/jorgezanoni.com.br\/2019\/wp-json\/wp\/v2\/media?parent=12506"}],"wp:term":[{"taxonomy":"category","embeddable":true,"href":"https:\/\/jorgezanoni.com.br\/2019\/wp-json\/wp\/v2\/categories?post=12506"},{"taxonomy":"post_tag","embeddable":true,"href":"https:\/\/jorgezanoni.com.br\/2019\/wp-json\/wp\/v2\/tags?post=12506"}],"curies":[{"name":"wp","href":"https:\/\/api.w.org\/{rel}","templated":true}]}}