{"id":12499,"date":"2019-11-27T23:13:35","date_gmt":"2019-11-27T23:13:35","guid":{"rendered":"https:\/\/jorgezanoni.com.br\/2019\/?p=12499"},"modified":"2019-11-27T23:13:35","modified_gmt":"2019-11-27T23:13:35","slug":"tecnico-em-seguranca-do-trabalho-profissao-esta-em-alta","status":"publish","type":"post","link":"https:\/\/jorgezanoni.com.br\/2019\/tecnico-em-seguranca-do-trabalho-profissao-esta-em-alta\/","title":{"rendered":"T\u00e9cnico em Seguran\u00e7a do Trabalho: profiss\u00e3o est\u00e1 em alta"},"content":{"rendered":"<p style=\"font-weight: 400;\"><strong><em>Alunos formados pelo CEP\/UME conquistam boas coloca\u00e7\u00f5es no mercado de trabalho.<\/em><\/strong><\/p>\n<p style=\"font-weight: 400; text-align: justify;\">O T\u00e9cnico em Seguran\u00e7a do Trabalho \u00e9 um profissional prevencionista que pode atuar em todos os ambientes de trabalho onde existam trabalhadores, como em f\u00e1bricas, usinas, obras de constru\u00e7\u00e3o civil, hospitais, agricultura e com\u00e9rcio varejista.<br \/>\nSegundo o Guia da Carreira (guiadacarreira.com), al\u00e9m de ser o curso mais procurado no Sistema de Sele\u00e7\u00e3o Unificada da Educa\u00e7\u00e3o Profissional e Tecnol\u00f3gica (Sisutec), o mercado est\u00e1 aquecido e a maioria dos alunos termina o curso t\u00e9cnico j\u00e1 com\u00a0<strong>emprego<\/strong>\u00a0ou est\u00e1gio\u00a0<strong>garantido<\/strong>.<br \/>\nO jovem Guilherme Rog\u00e9rio Santana Alves concluiu o curso T\u00e9cnico em Seguran\u00e7a do Trabalho pelo CEP\/UME e j\u00e1 est\u00e1 bem colocado no mercado de trabalho.<br \/>\n\u201cApostei no curso T\u00e9cnico em Seguran\u00e7a do Trabalho. Estudei durante um ano e meio no CEP\/UME. Aprendi que a preven\u00e7\u00e3o \u00e9 fundamental \u00e0 prote\u00e7\u00e3o da integridade f\u00edsica dos trabalhadores, e quando os acidentes e doen\u00e7as s\u00e3o prevenidos, o local de trabalho se torna um ambiente mais seguro e saud\u00e1vel. Gra\u00e7as a esse curso, hoje atuo na Bplan Engenharia e Medicina em Dracena\u201d, comentou Guilherme.<br \/>\n\u201cValeu a pena! Essa \u00e9 uma \u00e1rea muito abrangente, com muito mercado de trabalho a ser explorado e alta empregabilidade\u201d, finalizou o profissional.<\/p>\n<p>O CEP\/UME est\u00e1 com matr\u00edculas abertas para o curso T\u00e9cnico em Seguran\u00e7a do Trabalho. Mais informa\u00e7\u00f5es e inscri\u00e7\u00f5es:\u00a0<a href=\"http:\/\/www.fundec.edu.br\/\">www.fundec.edu.br<\/a>\u00a0ou (18) 3821-9004.<\/p>\n<p style=\"font-weight: 400; text-align: justify;\">Carolina Colnago<\/p>\n<p style=\"font-weight: 400; text-align: justify;\">Assessora de Comunica\u00e7\u00e3o da Fundec &#8211; Jornalista<\/p>\n<p style=\"text-align: justify;\">Foto: Prof. Oseias Semencio e o aluno Guilherme Alves.<\/p>\n","protected":false},"excerpt":{"rendered":"<p>Alunos formados pelo CEP\/UME conquistam boas coloca\u00e7\u00f5es no mercado de trabalho. O T\u00e9cnico em Seguran\u00e7a do Trabalho \u00e9 um profissional prevencionista que pode atuar em todos os ambientes de trabalho onde existam trabalhadores, como em f\u00e1bricas, usinas, obras de constru\u00e7\u00e3o civil, hospitais, agricultura e com\u00e9rcio varejista. Segundo o Guia da Carreira (guiadacarreira.com), al\u00e9m de ser [&hellip;]<\/p>\n","protected":false},"author":1,"featured_media":12500,"comment_status":"closed","ping_status":"open","sticky":false,"template":"","format":"standard","meta":{"footnotes":""},"categories":[122],"tags":[],"class_list":["post-12499","post","type-post","status-publish","format-standard","has-post-thumbnail","hentry","category-saudeeducacaoeconcurso"],"_links":{"self":[{"href":"https:\/\/jorgezanoni.com.br\/2019\/wp-json\/wp\/v2\/posts\/12499","targetHints":{"allow":["GET"]}}],"collection":[{"href":"https:\/\/jorgezanoni.com.br\/2019\/wp-json\/wp\/v2\/posts"}],"about":[{"href":"https:\/\/jorgezanoni.com.br\/2019\/wp-json\/wp\/v2\/types\/post"}],"author":[{"embeddable":true,"href":"https:\/\/jorgezanoni.com.br\/2019\/wp-json\/wp\/v2\/users\/1"}],"replies":[{"embeddable":true,"href":"https:\/\/jorgezanoni.com.br\/2019\/wp-json\/wp\/v2\/comments?post=12499"}],"version-history":[{"count":0,"href":"https:\/\/jorgezanoni.com.br\/2019\/wp-json\/wp\/v2\/posts\/12499\/revisions"}],"wp:featuredmedia":[{"embeddable":true,"href":"https:\/\/jorgezanoni.com.br\/2019\/wp-json\/wp\/v2\/media\/12500"}],"wp:attachment":[{"href":"https:\/\/jorgezanoni.com.br\/2019\/wp-json\/wp\/v2\/media?parent=12499"}],"wp:term":[{"taxonomy":"category","embeddable":true,"href":"https:\/\/jorgezanoni.com.br\/2019\/wp-json\/wp\/v2\/categories?post=12499"},{"taxonomy":"post_tag","embeddable":true,"href":"https:\/\/jorgezanoni.com.br\/2019\/wp-json\/wp\/v2\/tags?post=12499"}],"curies":[{"name":"wp","href":"https:\/\/api.w.org\/{rel}","templated":true}]}}