{"id":12496,"date":"2019-11-27T23:04:21","date_gmt":"2019-11-27T23:04:21","guid":{"rendered":"https:\/\/jorgezanoni.com.br\/2019\/?p=12496"},"modified":"2019-11-27T23:04:21","modified_gmt":"2019-11-27T23:04:21","slug":"dracena-tempersul-enfrenta-o-sao-jose-por-vaga-na-semifinal-da-lpf","status":"publish","type":"post","link":"https:\/\/jorgezanoni.com.br\/2019\/dracena-tempersul-enfrenta-o-sao-jose-por-vaga-na-semifinal-da-lpf\/","title":{"rendered":"Dracena Tempersul enfrenta o S\u00e3o Jos\u00e9 por vaga na semifinal da LPF"},"content":{"rendered":"<p style=\"font-weight: 400; text-align: justify;\">A torcida promete lotar gin\u00e1sio Alaor Ferrari para o jogo de volta das quartas de final da Liga Paulista 2019 entre o Dracena Futsal Tempersul e o S\u00e3o Jos\u00e9.<\/p>\n<p style=\"font-weight: 400; text-align: justify;\">A bola vai rolar a partir das 20h15 no caldeir\u00e3o dracenense e o time da casa tem a vantagem de jogar pelo empate, em virtude da melhor campanha na fase de grupos. No jogo de ida, no Vale do Para\u00edba, o placar terminou igualado em tr\u00eas gols.<\/p>\n<p style=\"font-weight: 400; text-align: justify;\">O t\u00e9cnico Edilson Leite focou o treino de quarta-feira (26) em corrigir as falhas defensivas. &#8220;Nosso time \u00e9 muito bom com a bola nos p\u00e9s. Na defesa precisamos redobrar a aten\u00e7\u00e3o para que n\u00e3o ocorram surpresas desagrad\u00e1veis&#8221;, analisou.<\/p>\n<p style=\"font-weight: 400; text-align: justify;\"><strong>Vitinho lesionado<\/strong><\/p>\n<p style=\"font-weight: 400; text-align: justify;\">O piv\u00f4 Vitinho se lesionou no jogo a final dos Jogos Abertos do Interior. Exames realizados pelo departamento m\u00e9dico da equipe apontaram constatados duas fraturas no bra\u00e7o direito. O atleta passou por procedimento cir\u00fargico na tarde de quarta-feira (27), em Presidente Prudente, e o prazo de recupera\u00e7\u00e3o estimado \u00e9 de 50 dias.<\/p>\n<p style=\"font-weight: 400; text-align: justify;\"><strong>Ingressos \u00e0 venda<\/strong><\/p>\n<p style=\"font-weight: 400; text-align: justify;\">Para o duelo de volta das quartas de final, os ingressos est\u00e3o \u00e0 venda na Polidoro Pneus, Brink Sports e Posto da Pra\u00e7a ao pre\u00e7o de R$ 5,00. Crian\u00e7as at\u00e9 12 anos n\u00e3o pagam.<\/p>\n<p style=\"text-align: justify;\">Fonte: Assessoria de Imprensa<\/p>\n","protected":false},"excerpt":{"rendered":"<p>A torcida promete lotar gin\u00e1sio Alaor Ferrari para o jogo de volta das quartas de final da Liga Paulista 2019 entre o Dracena Futsal Tempersul e o S\u00e3o Jos\u00e9. A bola vai rolar a partir das 20h15 no caldeir\u00e3o dracenense e o time da casa tem a vantagem de jogar pelo empate, em virtude da [&hellip;]<\/p>\n","protected":false},"author":1,"featured_media":12497,"comment_status":"closed","ping_status":"open","sticky":false,"template":"","format":"standard","meta":{"footnotes":""},"categories":[111],"tags":[],"class_list":["post-12496","post","type-post","status-publish","format-standard","has-post-thumbnail","hentry","category-esporteecultura"],"_links":{"self":[{"href":"https:\/\/jorgezanoni.com.br\/2019\/wp-json\/wp\/v2\/posts\/12496","targetHints":{"allow":["GET"]}}],"collection":[{"href":"https:\/\/jorgezanoni.com.br\/2019\/wp-json\/wp\/v2\/posts"}],"about":[{"href":"https:\/\/jorgezanoni.com.br\/2019\/wp-json\/wp\/v2\/types\/post"}],"author":[{"embeddable":true,"href":"https:\/\/jorgezanoni.com.br\/2019\/wp-json\/wp\/v2\/users\/1"}],"replies":[{"embeddable":true,"href":"https:\/\/jorgezanoni.com.br\/2019\/wp-json\/wp\/v2\/comments?post=12496"}],"version-history":[{"count":0,"href":"https:\/\/jorgezanoni.com.br\/2019\/wp-json\/wp\/v2\/posts\/12496\/revisions"}],"wp:featuredmedia":[{"embeddable":true,"href":"https:\/\/jorgezanoni.com.br\/2019\/wp-json\/wp\/v2\/media\/12497"}],"wp:attachment":[{"href":"https:\/\/jorgezanoni.com.br\/2019\/wp-json\/wp\/v2\/media?parent=12496"}],"wp:term":[{"taxonomy":"category","embeddable":true,"href":"https:\/\/jorgezanoni.com.br\/2019\/wp-json\/wp\/v2\/categories?post=12496"},{"taxonomy":"post_tag","embeddable":true,"href":"https:\/\/jorgezanoni.com.br\/2019\/wp-json\/wp\/v2\/tags?post=12496"}],"curies":[{"name":"wp","href":"https:\/\/api.w.org\/{rel}","templated":true}]}}