{"id":12479,"date":"2019-11-27T15:52:41","date_gmt":"2019-11-27T15:52:41","guid":{"rendered":"https:\/\/jorgezanoni.com.br\/2019\/?p=12479"},"modified":"2019-11-27T15:52:41","modified_gmt":"2019-11-27T15:52:41","slug":"grupo-de-alunos-da-apae-ensaia-apresentacoes-para-a-festa-pedagogica","status":"publish","type":"post","link":"https:\/\/jorgezanoni.com.br\/2019\/grupo-de-alunos-da-apae-ensaia-apresentacoes-para-a-festa-pedagogica\/","title":{"rendered":"Grupo de alunos da Apae ensaia apresenta\u00e7\u00f5es para a \u2018Festa Pedag\u00f3gica\u2019"},"content":{"rendered":"<h2 class=\"jeg_post_subtitle\" style=\"text-align: justify;\"><strong>O evento gratuito \u00e9 aberto ao p\u00fablico em geral.<\/strong><\/h2>\n<p style=\"text-align: justify;\">A Associa\u00e7\u00e3o de Pais e Amigos dos Excepcionais (Apae) promover\u00e1 amanh\u00e3, 28, na col\u00f4nia de f\u00e9rias da Apeoesp em Dracena, a tradicional \u2018Festa Pedag\u00f3gica\u2019.<\/p>\n<p style=\"text-align: justify;\">A entidade informa que cerca de 50 alunos se preparam para fazer uma festa linda ao p\u00fablico, com apresenta\u00e7\u00f5es art\u00edsticas. O tema \u00e9 \u2018Nasce uma estrela, brilhe sua luz\u2019.<\/p>\n<p style=\"text-align: justify;\">A Apae convida toda a comunidade para prestigiar o evento que \u00e9 gratuito.<\/p>\n<p style=\"text-align: justify;\">Fonte: Portal Regional<\/p>\n","protected":false},"excerpt":{"rendered":"<p>O evento gratuito \u00e9 aberto ao p\u00fablico em geral. A Associa\u00e7\u00e3o de Pais e Amigos dos Excepcionais (Apae) promover\u00e1 amanh\u00e3, 28, na col\u00f4nia de f\u00e9rias da Apeoesp em Dracena, a tradicional \u2018Festa Pedag\u00f3gica\u2019. A entidade informa que cerca de 50 alunos se preparam para fazer uma festa linda ao p\u00fablico, com apresenta\u00e7\u00f5es art\u00edsticas. O tema [&hellip;]<\/p>\n","protected":false},"author":1,"featured_media":12480,"comment_status":"closed","ping_status":"open","sticky":false,"template":"","format":"standard","meta":{"footnotes":""},"categories":[114],"tags":[],"class_list":["post-12479","post","type-post","status-publish","format-standard","has-post-thumbnail","hentry","category-geralecomercio"],"_links":{"self":[{"href":"https:\/\/jorgezanoni.com.br\/2019\/wp-json\/wp\/v2\/posts\/12479","targetHints":{"allow":["GET"]}}],"collection":[{"href":"https:\/\/jorgezanoni.com.br\/2019\/wp-json\/wp\/v2\/posts"}],"about":[{"href":"https:\/\/jorgezanoni.com.br\/2019\/wp-json\/wp\/v2\/types\/post"}],"author":[{"embeddable":true,"href":"https:\/\/jorgezanoni.com.br\/2019\/wp-json\/wp\/v2\/users\/1"}],"replies":[{"embeddable":true,"href":"https:\/\/jorgezanoni.com.br\/2019\/wp-json\/wp\/v2\/comments?post=12479"}],"version-history":[{"count":0,"href":"https:\/\/jorgezanoni.com.br\/2019\/wp-json\/wp\/v2\/posts\/12479\/revisions"}],"wp:featuredmedia":[{"embeddable":true,"href":"https:\/\/jorgezanoni.com.br\/2019\/wp-json\/wp\/v2\/media\/12480"}],"wp:attachment":[{"href":"https:\/\/jorgezanoni.com.br\/2019\/wp-json\/wp\/v2\/media?parent=12479"}],"wp:term":[{"taxonomy":"category","embeddable":true,"href":"https:\/\/jorgezanoni.com.br\/2019\/wp-json\/wp\/v2\/categories?post=12479"},{"taxonomy":"post_tag","embeddable":true,"href":"https:\/\/jorgezanoni.com.br\/2019\/wp-json\/wp\/v2\/tags?post=12479"}],"curies":[{"name":"wp","href":"https:\/\/api.w.org\/{rel}","templated":true}]}}