{"id":12476,"date":"2019-11-27T15:35:12","date_gmt":"2019-11-27T15:35:12","guid":{"rendered":"https:\/\/jorgezanoni.com.br\/2019\/?p=12476"},"modified":"2019-11-27T15:35:12","modified_gmt":"2019-11-27T15:35:12","slug":"mulher-e-encontrada-sem-vida-pelo-marido-e-o-filho-de-11-anos-em-pacaembu","status":"publish","type":"post","link":"https:\/\/jorgezanoni.com.br\/2019\/mulher-e-encontrada-sem-vida-pelo-marido-e-o-filho-de-11-anos-em-pacaembu\/","title":{"rendered":"Mulher \u00e9 encontrada sem vida pelo marido e o filho de 11 anos em Pacaembu"},"content":{"rendered":"<p style=\"text-align: justify;\">O homem e a crian\u00e7a socorreram a mulher, por\u00e9m, ela j\u00e1 estava em \u00f3bito<\/p>\n<p style=\"text-align: justify;\">Uma mulher de 35 anos de idade tirou a pr\u00f3pria vida no final da tarde desta ter\u00e7a-feira (26) em Pacaembu.<\/p>\n<p>Nossa reportagem buscou informa\u00e7\u00f5es junto \u00e0 Pol\u00edcia Militar de Pacaembu que atendeu a ocorr\u00eancia.<\/p>\n<p>Fomos informados que segundo consta no boletim de ocorr\u00eancia elaborado pelos policiais que estiveram no local assim que solicitados, por volta das 17h10 o marido de Silvia Regina dos Santos Lima, 35 anos de idade, teria se deparado com a mesma pendurada pelo pesco\u00e7o por um len\u00e7ol em uma parte de madeira da cobertura da \u00e1rea dos fundos da resid\u00eancia localizada no centro da cidade.<\/p>\n<p>No desespero para salvar a vida da esposa, o homem contou com o aux\u00edlio do filho de apenas 11 anos de idade para cortar o len\u00e7ol e retirar a mulher.<\/p>\n<p>Ela chegou a ser levada para a Santa Casa, por\u00e9m, teve \u00f3bito constatado pela equipe m\u00e9dica ap\u00f3s as v\u00e1rias tentativas e manobras de ressuscita\u00e7\u00e3o.<\/p>\n<p>A Pol\u00edcia Militar informou ainda que de acordo com familiares, h\u00e1 hist\u00f3ricos de outras tentativas de suic\u00eddio por parte da pacaembuense que inclusive vinha sofrendo um quadro de depress\u00e3o.<\/p>\n<p>A Pol\u00edcia Civil esteve no local e o delegado Dr. Andr\u00e9 Eust\u00e1quio da Fonseca acionou Instituto de Criminal\u00edstica solicitando a per\u00edcia no local.<\/p>\n<p>Um laudo deve ser emitido nos pr\u00f3ximos dias e ser\u00e1 juntado ao inqu\u00e9rito policial que apura a morte da pacaembuense.<\/p>\n<p>O fato chocou a popula\u00e7\u00e3o pela din\u00e2mica do ocorrido e principalmente por se tratar de uma pessoa bastante conhecida na cidade e que deixa esposo e filhos.<\/p>\n<p>O vel\u00f3rio de Silvia est\u00e1 sendo realizado no Vel\u00f3rio Municipal com sepultamento previsto para as 17h desta quarta-feira (27).<\/p>\n<p>Aos familiares enlutados, os sentimentos e votos de pesar da equipe do Portal Folha Regional Pacaembu.<br \/>\n<strong><br \/>\nCENTRO DE VALORIZA\u00c7\u00c3O DA VIDA<\/strong><\/p>\n<p style=\"text-align: justify;\">O CVV \u2014 Centro de Valoriza\u00e7\u00e3o da Vida \u00e9 uma associa\u00e7\u00e3o civil sem fins lucrativos, filantr\u00f3pica, reconhecida como de Utilidade P\u00fablica Federal, desde 1973. Presta servi\u00e7o volunt\u00e1rio e gratuito de apoio emocional e preven\u00e7\u00e3o do suic\u00eddio para todas as pessoas que querem e precisam conversar, sob total sigilo e anonimato.<\/p>\n<p>Para ter acesso aos servi\u00e7os basta ligar 188. A liga\u00e7\u00e3o \u00e9 gratuita.<\/p>\n<p style=\"text-align: justify;\">Fonte: Folha Regional<br \/>\n<strong><br \/>\n<\/strong>Foto: Divulga\u00e7\u00e3o\/Redes Sociais<\/p>\n","protected":false},"excerpt":{"rendered":"<p>O homem e a crian\u00e7a socorreram a mulher, por\u00e9m, ela j\u00e1 estava em \u00f3bito Uma mulher de 35 anos de idade tirou a pr\u00f3pria vida no final da tarde desta ter\u00e7a-feira (26) em Pacaembu. Nossa reportagem buscou informa\u00e7\u00f5es junto \u00e0 Pol\u00edcia Militar de Pacaembu que atendeu a ocorr\u00eancia. Fomos informados que segundo consta no boletim [&hellip;]<\/p>\n","protected":false},"author":1,"featured_media":12477,"comment_status":"closed","ping_status":"open","sticky":false,"template":"","format":"standard","meta":{"footnotes":""},"categories":[110,2],"tags":[],"class_list":["post-12476","post","type-post","status-publish","format-standard","has-post-thumbnail","hentry","category-noticiasdestaque","category-policial"],"_links":{"self":[{"href":"https:\/\/jorgezanoni.com.br\/2019\/wp-json\/wp\/v2\/posts\/12476","targetHints":{"allow":["GET"]}}],"collection":[{"href":"https:\/\/jorgezanoni.com.br\/2019\/wp-json\/wp\/v2\/posts"}],"about":[{"href":"https:\/\/jorgezanoni.com.br\/2019\/wp-json\/wp\/v2\/types\/post"}],"author":[{"embeddable":true,"href":"https:\/\/jorgezanoni.com.br\/2019\/wp-json\/wp\/v2\/users\/1"}],"replies":[{"embeddable":true,"href":"https:\/\/jorgezanoni.com.br\/2019\/wp-json\/wp\/v2\/comments?post=12476"}],"version-history":[{"count":0,"href":"https:\/\/jorgezanoni.com.br\/2019\/wp-json\/wp\/v2\/posts\/12476\/revisions"}],"wp:featuredmedia":[{"embeddable":true,"href":"https:\/\/jorgezanoni.com.br\/2019\/wp-json\/wp\/v2\/media\/12477"}],"wp:attachment":[{"href":"https:\/\/jorgezanoni.com.br\/2019\/wp-json\/wp\/v2\/media?parent=12476"}],"wp:term":[{"taxonomy":"category","embeddable":true,"href":"https:\/\/jorgezanoni.com.br\/2019\/wp-json\/wp\/v2\/categories?post=12476"},{"taxonomy":"post_tag","embeddable":true,"href":"https:\/\/jorgezanoni.com.br\/2019\/wp-json\/wp\/v2\/tags?post=12476"}],"curies":[{"name":"wp","href":"https:\/\/api.w.org\/{rel}","templated":true}]}}