{"id":12441,"date":"2019-11-27T12:18:20","date_gmt":"2019-11-27T12:18:20","guid":{"rendered":"https:\/\/jorgezanoni.com.br\/2019\/?p=12441"},"modified":"2019-11-27T12:19:47","modified_gmt":"2019-11-27T12:19:47","slug":"menino-raspa-cabeca-dos-irmaos-mais-novos-com-barbeador-e-viraliza-assista","status":"publish","type":"post","link":"https:\/\/jorgezanoni.com.br\/2019\/menino-raspa-cabeca-dos-irmaos-mais-novos-com-barbeador-e-viraliza-assista\/","title":{"rendered":"Menino raspa cabe\u00e7a dos irm\u00e3os mais novos com barbeador e viraliza; assista"},"content":{"rendered":"<p style=\"text-align: justify;\">IMAGINE O SUSTO!\u00a0\ud83d\ude31\u00a0Uma m\u00e3e compartilhou sua surpresa ao ver os filhos com partes do cabelo raspadas, ap\u00f3s o irm\u00e3o mais velho encontrar um barbeador el\u00e9trico e fazer \u2018arte\u2019.<\/p>\n<div id=\"fb-root\"><\/div>\n<p><script async=\"1\" defer=\"1\" crossorigin=\"anonymous\" src=\"https:\/\/connect.facebook.net\/en_US\/sdk.js#xfbml=1&amp;version=v5.0\"><\/script><\/p>\n<div class=\"fb-video\" data-href=\"https:\/\/www.facebook.com\/emaisestadao\/videos\/2001614459947025\/\" data-width=\"696\">\n<blockquote cite=\"https:\/\/www.facebook.com\/emaisestadao\/videos\/2001614459947025\/\" class=\"fb-xfbml-parse-ignore\"><p><a href=\"https:\/\/www.facebook.com\/emaisestadao\/videos\/2001614459947025\/\">Menino raspa cabe\u00e7a dos irm\u00e3os mais novos com barbeador e viraliza; assista<\/a><\/p>\n<p>IMAGINE O SUSTO! \ud83d\ude31 Uma m\u00e3e compartilhou sua surpresa ao ver os filhos com partes do cabelo raspadas, ap\u00f3s o irm\u00e3o mais velho encontrar um barbeador el\u00e9trico e fazer \u2018arte\u2019: http:\/\/bit.ly\/2GltsvKQual foi a pior coisa que seu irm\u00e3o aprontou?! \ud83d\udcf8: Twitter\/itsiannn #EmaisEstad\u00e3o #irm\u00e3os<\/p>\n<p>Posted by <a href=\"https:\/\/www.facebook.com\/emaisestadao\/\">Emais Estad\u00e3o<\/a> on Thursday, April 18, 2019<\/p><\/blockquote>\n<\/div>\n<p>Fonte: https:\/\/www.facebook.com\/watch\/?v=2001614459947025<\/p>\n","protected":false},"excerpt":{"rendered":"<p>IMAGINE O SUSTO!\u00a0\ud83d\ude31\u00a0Uma m\u00e3e compartilhou sua surpresa ao ver os filhos com partes do cabelo raspadas, ap\u00f3s o irm\u00e3o mais velho encontrar um barbeador el\u00e9trico e fazer \u2018arte\u2019. Menino raspa cabe\u00e7a dos irm\u00e3os mais novos com barbeador e viraliza; assista IMAGINE O SUSTO! \ud83d\ude31 Uma m\u00e3e compartilhou sua surpresa ao ver os filhos com partes [&hellip;]<\/p>\n","protected":false},"author":1,"featured_media":12442,"comment_status":"closed","ping_status":"open","sticky":false,"template":"","format":"video","meta":{"footnotes":""},"categories":[169],"tags":[],"class_list":["post-12441","post","type-post","status-publish","format-video","has-post-thumbnail","hentry","category-videos","post_format-post-format-video"],"_links":{"self":[{"href":"https:\/\/jorgezanoni.com.br\/2019\/wp-json\/wp\/v2\/posts\/12441","targetHints":{"allow":["GET"]}}],"collection":[{"href":"https:\/\/jorgezanoni.com.br\/2019\/wp-json\/wp\/v2\/posts"}],"about":[{"href":"https:\/\/jorgezanoni.com.br\/2019\/wp-json\/wp\/v2\/types\/post"}],"author":[{"embeddable":true,"href":"https:\/\/jorgezanoni.com.br\/2019\/wp-json\/wp\/v2\/users\/1"}],"replies":[{"embeddable":true,"href":"https:\/\/jorgezanoni.com.br\/2019\/wp-json\/wp\/v2\/comments?post=12441"}],"version-history":[{"count":0,"href":"https:\/\/jorgezanoni.com.br\/2019\/wp-json\/wp\/v2\/posts\/12441\/revisions"}],"wp:featuredmedia":[{"embeddable":true,"href":"https:\/\/jorgezanoni.com.br\/2019\/wp-json\/wp\/v2\/media\/12442"}],"wp:attachment":[{"href":"https:\/\/jorgezanoni.com.br\/2019\/wp-json\/wp\/v2\/media?parent=12441"}],"wp:term":[{"taxonomy":"category","embeddable":true,"href":"https:\/\/jorgezanoni.com.br\/2019\/wp-json\/wp\/v2\/categories?post=12441"},{"taxonomy":"post_tag","embeddable":true,"href":"https:\/\/jorgezanoni.com.br\/2019\/wp-json\/wp\/v2\/tags?post=12441"}],"curies":[{"name":"wp","href":"https:\/\/api.w.org\/{rel}","templated":true}]}}