{"id":12408,"date":"2019-11-27T01:04:16","date_gmt":"2019-11-27T01:04:16","guid":{"rendered":"https:\/\/jorgezanoni.com.br\/2019\/?p=12408"},"modified":"2019-11-27T01:16:30","modified_gmt":"2019-11-27T01:16:30","slug":"falecimentos-26-11-19","status":"publish","type":"post","link":"https:\/\/jorgezanoni.com.br\/2019\/falecimentos-26-11-19\/","title":{"rendered":"Falecimentos 26\/11\/19"},"content":{"rendered":"<p>Encarna\u00e7\u00e3o Cust\u00f3dio dos Santos, Jos\u00e9 Joaquim Liano Muniz e Maria Lucatelli Pereira.<img loading=\"lazy\" decoding=\"async\" class=\"alignnone size-full wp-image-12409\" src=\"https:\/\/jorgezanoni.com.br\/2019\/wp-content\/uploads\/2019\/11\/Maria-Lucatelli-Pereira.jpg\" alt=\"\" width=\"587\" height=\"324\" srcset=\"https:\/\/jorgezanoni.com.br\/2019\/wp-content\/uploads\/2019\/11\/Maria-Lucatelli-Pereira.jpg 587w, https:\/\/jorgezanoni.com.br\/2019\/wp-content\/uploads\/2019\/11\/Maria-Lucatelli-Pereira-300x166.jpg 300w\" sizes=\"auto, (max-width: 587px) 100vw, 587px\" \/><img loading=\"lazy\" decoding=\"async\" class=\"alignnone size-full wp-image-12412\" src=\"https:\/\/jorgezanoni.com.br\/2019\/wp-content\/uploads\/2019\/11\/Jos\u00e9-Joaquim-Liano-Muniz.jpg\" alt=\"\" width=\"1280\" height=\"640\" srcset=\"https:\/\/jorgezanoni.com.br\/2019\/wp-content\/uploads\/2019\/11\/Jos\u00e9-Joaquim-Liano-Muniz.jpg 1280w, https:\/\/jorgezanoni.com.br\/2019\/wp-content\/uploads\/2019\/11\/Jos\u00e9-Joaquim-Liano-Muniz-300x150.jpg 300w, https:\/\/jorgezanoni.com.br\/2019\/wp-content\/uploads\/2019\/11\/Jos\u00e9-Joaquim-Liano-Muniz-768x384.jpg 768w, https:\/\/jorgezanoni.com.br\/2019\/wp-content\/uploads\/2019\/11\/Jos\u00e9-Joaquim-Liano-Muniz-1024x512.jpg 1024w, https:\/\/jorgezanoni.com.br\/2019\/wp-content\/uploads\/2019\/11\/Jos\u00e9-Joaquim-Liano-Muniz-696x348.jpg 696w, https:\/\/jorgezanoni.com.br\/2019\/wp-content\/uploads\/2019\/11\/Jos\u00e9-Joaquim-Liano-Muniz-1068x534.jpg 1068w, https:\/\/jorgezanoni.com.br\/2019\/wp-content\/uploads\/2019\/11\/Jos\u00e9-Joaquim-Liano-Muniz-840x420.jpg 840w\" sizes=\"auto, (max-width: 1280px) 100vw, 1280px\" \/><\/p>\n","protected":false},"excerpt":{"rendered":"<p>Encarna\u00e7\u00e3o Cust\u00f3dio dos Santos, Jos\u00e9 Joaquim Liano Muniz e Maria Lucatelli Pereira.<\/p>\n","protected":false},"author":1,"featured_media":12410,"comment_status":"closed","ping_status":"open","sticky":false,"template":"","format":"standard","meta":{"footnotes":""},"categories":[178],"tags":[],"class_list":["post-12408","post","type-post","status-publish","format-standard","has-post-thumbnail","hentry","category-notadefalecimento"],"_links":{"self":[{"href":"https:\/\/jorgezanoni.com.br\/2019\/wp-json\/wp\/v2\/posts\/12408","targetHints":{"allow":["GET"]}}],"collection":[{"href":"https:\/\/jorgezanoni.com.br\/2019\/wp-json\/wp\/v2\/posts"}],"about":[{"href":"https:\/\/jorgezanoni.com.br\/2019\/wp-json\/wp\/v2\/types\/post"}],"author":[{"embeddable":true,"href":"https:\/\/jorgezanoni.com.br\/2019\/wp-json\/wp\/v2\/users\/1"}],"replies":[{"embeddable":true,"href":"https:\/\/jorgezanoni.com.br\/2019\/wp-json\/wp\/v2\/comments?post=12408"}],"version-history":[{"count":0,"href":"https:\/\/jorgezanoni.com.br\/2019\/wp-json\/wp\/v2\/posts\/12408\/revisions"}],"wp:featuredmedia":[{"embeddable":true,"href":"https:\/\/jorgezanoni.com.br\/2019\/wp-json\/wp\/v2\/media\/12410"}],"wp:attachment":[{"href":"https:\/\/jorgezanoni.com.br\/2019\/wp-json\/wp\/v2\/media?parent=12408"}],"wp:term":[{"taxonomy":"category","embeddable":true,"href":"https:\/\/jorgezanoni.com.br\/2019\/wp-json\/wp\/v2\/categories?post=12408"},{"taxonomy":"post_tag","embeddable":true,"href":"https:\/\/jorgezanoni.com.br\/2019\/wp-json\/wp\/v2\/tags?post=12408"}],"curies":[{"name":"wp","href":"https:\/\/api.w.org\/{rel}","templated":true}]}}