{"id":12400,"date":"2019-11-27T00:02:55","date_gmt":"2019-11-27T00:02:55","guid":{"rendered":"https:\/\/jorgezanoni.com.br\/2019\/?p=12400"},"modified":"2019-11-27T00:04:41","modified_gmt":"2019-11-27T00:04:41","slug":"policia-civil-prende-suspeito-furto-de-motocicleta-em-panorama-e-motocicleta-e-recuperada","status":"publish","type":"post","link":"https:\/\/jorgezanoni.com.br\/2019\/policia-civil-prende-suspeito-furto-de-motocicleta-em-panorama-e-motocicleta-e-recuperada\/","title":{"rendered":"Pol\u00edcia Civil prende suspeito de furto em Panorama e motocicleta \u00e9 recuperada"},"content":{"rendered":"<p style=\"text-align: justify;\">A Pol\u00edcia Civil prendeu um indiv\u00edduo com diversos antecedentes criminais, nesta segunda-feira (25), no munic\u00edpio de Panorama, durante os trabalhos investigativos realizados pelo Setor de Investiga\u00e7\u00e3o, da Delegacia de Pol\u00edcia de Panorama.<br \/>\nO suspeito, de 19 anos, foi localizado na casa de familiares, e confessou que havia praticado um furto de uma motocicleta, cor preta, ano 2015, ocorrido durante a madrugada daquela segunda-feira (25), com intuito de desmont\u00e1-la. A motocicleta objeto do furto, j\u00e1 havia sido localizada e apreendida num galp\u00e3o abandonado, pr\u00f3ximo a uma cer\u00e2mica.<br \/>\nDiante dos fatos, o indiv\u00edduo foi autuado em flagrante por crime de furto qualificado, em raz\u00e3o de praticado o crime durante o repouso noturno, ap\u00f3s os t\u00e9rminos dos procedimentos de pol\u00edcia judici\u00e1ria, seria apresentado no F\u00f3rum da Comarca de Panorama para participar de audi\u00eancia de Cust\u00f3dia. A motocicleta ap\u00f3s passar per\u00edcia ser\u00e1 entregue ao leg\u00edtimo propriet\u00e1rio.<\/p>\n<p style=\"text-align: justify;\">Fonte: Com. Social Pol\u00edcia Civil<\/p>\n","protected":false},"excerpt":{"rendered":"<p>A Pol\u00edcia Civil prendeu um indiv\u00edduo com diversos antecedentes criminais, nesta segunda-feira (25), no munic\u00edpio de Panorama, durante os trabalhos investigativos realizados pelo Setor de Investiga\u00e7\u00e3o, da Delegacia de Pol\u00edcia de Panorama. O suspeito, de 19 anos, foi localizado na casa de familiares, e confessou que havia praticado um furto de uma motocicleta, cor preta, [&hellip;]<\/p>\n","protected":false},"author":1,"featured_media":12401,"comment_status":"closed","ping_status":"open","sticky":false,"template":"","format":"standard","meta":{"footnotes":""},"categories":[110,2],"tags":[],"class_list":["post-12400","post","type-post","status-publish","format-standard","has-post-thumbnail","hentry","category-noticiasdestaque","category-policial"],"_links":{"self":[{"href":"https:\/\/jorgezanoni.com.br\/2019\/wp-json\/wp\/v2\/posts\/12400","targetHints":{"allow":["GET"]}}],"collection":[{"href":"https:\/\/jorgezanoni.com.br\/2019\/wp-json\/wp\/v2\/posts"}],"about":[{"href":"https:\/\/jorgezanoni.com.br\/2019\/wp-json\/wp\/v2\/types\/post"}],"author":[{"embeddable":true,"href":"https:\/\/jorgezanoni.com.br\/2019\/wp-json\/wp\/v2\/users\/1"}],"replies":[{"embeddable":true,"href":"https:\/\/jorgezanoni.com.br\/2019\/wp-json\/wp\/v2\/comments?post=12400"}],"version-history":[{"count":0,"href":"https:\/\/jorgezanoni.com.br\/2019\/wp-json\/wp\/v2\/posts\/12400\/revisions"}],"wp:featuredmedia":[{"embeddable":true,"href":"https:\/\/jorgezanoni.com.br\/2019\/wp-json\/wp\/v2\/media\/12401"}],"wp:attachment":[{"href":"https:\/\/jorgezanoni.com.br\/2019\/wp-json\/wp\/v2\/media?parent=12400"}],"wp:term":[{"taxonomy":"category","embeddable":true,"href":"https:\/\/jorgezanoni.com.br\/2019\/wp-json\/wp\/v2\/categories?post=12400"},{"taxonomy":"post_tag","embeddable":true,"href":"https:\/\/jorgezanoni.com.br\/2019\/wp-json\/wp\/v2\/tags?post=12400"}],"curies":[{"name":"wp","href":"https:\/\/api.w.org\/{rel}","templated":true}]}}