{"id":12387,"date":"2019-11-26T23:09:25","date_gmt":"2019-11-26T23:09:25","guid":{"rendered":"https:\/\/jorgezanoni.com.br\/2019\/?p=12387"},"modified":"2019-11-26T23:09:25","modified_gmt":"2019-11-26T23:09:25","slug":"morre-o-humorista-rapadura-de-a-praca-e-nossa","status":"publish","type":"post","link":"https:\/\/jorgezanoni.com.br\/2019\/morre-o-humorista-rapadura-de-a-praca-e-nossa\/","title":{"rendered":"Morre o humorista Rapadura de &#8220;A Pra\u00e7a \u00e9 Nossa&#8221;"},"content":{"rendered":"<h3><strong>INFORMA\u00c7\u00c3O FOI CONFIRMADA PELO PROGRAMA TRICOTANDO.<\/strong><\/h3>\n<p style=\"text-align: justify;\">O humorista\u00a0<strong>Charles\u00a0<\/strong><b>Guttenberg<\/b>,\u00a0conhecido como\u00a0<strong>Rapadura<\/strong>,\u00a0famoso por participar do programa \u201c<strong>A Pra\u00e7a \u00e9 Nossa<\/strong>\u201d, do\u00a0<strong>SBT<\/strong>, morreu na tarde desta ter\u00e7a-feira (26), segundo o programa\u00a0<strong>Tricotando<\/strong>, da\u00a0<strong>RedeTV!<\/strong>.<\/p>\n<p><img loading=\"lazy\" decoding=\"async\" class=\"alignnone size-full wp-image-12388\" src=\"https:\/\/jorgezanoni.com.br\/2019\/wp-content\/uploads\/2019\/11\/humor.jpg\" alt=\"\" width=\"585\" height=\"344\" srcset=\"https:\/\/jorgezanoni.com.br\/2019\/wp-content\/uploads\/2019\/11\/humor.jpg 585w, https:\/\/jorgezanoni.com.br\/2019\/wp-content\/uploads\/2019\/11\/humor-300x176.jpg 300w\" sizes=\"auto, (max-width: 585px) 100vw, 585px\" \/><\/p>\n<p style=\"text-align: justify;\">De acordo com as informa\u00e7\u00f5es, ele estava internado na\u00a0<strong>Unidade de Terapia Intensiva<\/strong>\u00a0(<strong>UTI<\/strong>), em um hospital de Jundia\u00ed, no interior de S\u00e3o Paulo.\u00a0O humorista passou por uma opera\u00e7\u00e3o, mas devido a complica\u00e7\u00f5es do processo, precisou permanecer internado e veio a falecer nesta tarde.<\/p>\n<p style=\"text-align: justify;\">O sobrinho do humorista, Alisson Bruno, publicou uma mensagem em seu Instagram lamentando a morte do tio. \u201cAcabei de perder meu tio. Para sempre vou ter amar\u201d, escreveu.<\/p>\n<p style=\"text-align: justify;\">Uma mensagem publicada no perfil do humorista j\u00e1 havia adiantado que o estado de sa\u00fade era delicado: \u201cInfelizmente o estado da sa\u00fade do Rapadura \u00e9 grave. Ele continua na UTI, continuem orando por ele\u201d, disse o texto.<\/p>\n<p style=\"text-align: justify;\"><strong>Cirurgia causou complica\u00e7\u00f5es<\/strong><\/p>\n<p style=\"text-align: justify;\">O\u00a0<strong>portal da RedeTV!<\/strong>\u00a0conversou por telefone com\u00a0<strong>Marcelo Benny<\/strong>, o Bananinha, que era parceiro de trabalho de Rapadura. O humorista era amigo de Charles e explicou como o estado de sa\u00fade do colega piorou ap\u00f3s ele passar pela opera\u00e7\u00e3o.<\/p>\n<p style=\"text-align: justify;\">\u201cEle fez um cirurgia no intestino, na semana passada. Ai ele come\u00e7ou a se recuperar, mas estava sentindo dores. O m\u00e9dico disse que ele precisaria passar por uma nova opera\u00e7\u00e3o pois tinha vazado alguma coisa\u201d, explicou Marcelo ao portal da RedeTV!.<\/p>\n<p style=\"text-align: justify;\">\u201cDepois da segunda cirurgia, ele n\u00e3o conseguiu se recuperar do quadro de infec\u00e7\u00e3o e precisou fazer hemodi\u00e1lise, mas eles tiveram que parar no meio porque ele n\u00e3o estava aguentando. Depois disso a fam\u00edlia foi comunicada que n\u00e3o tinha muito mais o que fazer\u201d, finalizou.<\/p>\n<p style=\"text-align: justify;\">Charles estreou no \u201cA<strong>\u00a0Pra\u00e7a \u00e9 Nossa<\/strong>&#8221; em 2004, junto de\u00a0<strong>Ded\u00e9 Santana<\/strong>. No ano seguinte, eles fizeram parte de \u201c<strong>Ded\u00e9 e o Comando Maluco<\/strong>\u201d, transmitido aos domingos no SBT.<\/p>\n<p style=\"text-align: justify;\">H\u00e1 cerca de seis dias, o humorista publicou um v\u00eddeo na rede social falando que ia passar por uma cirurgia cirurgia no intestino.<\/p>\n<p style=\"text-align: justify;\">Fonte: https:\/\/www.redetv.uol.com.br\/tvfama\/blog\/celebridades\/morre-o-humorista-rapadura-de-a-praca-e-nossa<\/p>\n","protected":false},"excerpt":{"rendered":"<p>INFORMA\u00c7\u00c3O FOI CONFIRMADA PELO PROGRAMA TRICOTANDO. O humorista\u00a0Charles\u00a0Guttenberg,\u00a0conhecido como\u00a0Rapadura,\u00a0famoso por participar do programa \u201cA Pra\u00e7a \u00e9 Nossa\u201d, do\u00a0SBT, morreu na tarde desta ter\u00e7a-feira (26), segundo o programa\u00a0Tricotando, da\u00a0RedeTV!. De acordo com as informa\u00e7\u00f5es, ele estava internado na\u00a0Unidade de Terapia Intensiva\u00a0(UTI), em um hospital de Jundia\u00ed, no interior de S\u00e3o Paulo.\u00a0O humorista passou por uma opera\u00e7\u00e3o, [&hellip;]<\/p>\n","protected":false},"author":1,"featured_media":12390,"comment_status":"closed","ping_status":"open","sticky":false,"template":"","format":"standard","meta":{"footnotes":""},"categories":[178,110],"tags":[],"class_list":["post-12387","post","type-post","status-publish","format-standard","has-post-thumbnail","hentry","category-notadefalecimento","category-noticiasdestaque"],"_links":{"self":[{"href":"https:\/\/jorgezanoni.com.br\/2019\/wp-json\/wp\/v2\/posts\/12387","targetHints":{"allow":["GET"]}}],"collection":[{"href":"https:\/\/jorgezanoni.com.br\/2019\/wp-json\/wp\/v2\/posts"}],"about":[{"href":"https:\/\/jorgezanoni.com.br\/2019\/wp-json\/wp\/v2\/types\/post"}],"author":[{"embeddable":true,"href":"https:\/\/jorgezanoni.com.br\/2019\/wp-json\/wp\/v2\/users\/1"}],"replies":[{"embeddable":true,"href":"https:\/\/jorgezanoni.com.br\/2019\/wp-json\/wp\/v2\/comments?post=12387"}],"version-history":[{"count":0,"href":"https:\/\/jorgezanoni.com.br\/2019\/wp-json\/wp\/v2\/posts\/12387\/revisions"}],"wp:featuredmedia":[{"embeddable":true,"href":"https:\/\/jorgezanoni.com.br\/2019\/wp-json\/wp\/v2\/media\/12390"}],"wp:attachment":[{"href":"https:\/\/jorgezanoni.com.br\/2019\/wp-json\/wp\/v2\/media?parent=12387"}],"wp:term":[{"taxonomy":"category","embeddable":true,"href":"https:\/\/jorgezanoni.com.br\/2019\/wp-json\/wp\/v2\/categories?post=12387"},{"taxonomy":"post_tag","embeddable":true,"href":"https:\/\/jorgezanoni.com.br\/2019\/wp-json\/wp\/v2\/tags?post=12387"}],"curies":[{"name":"wp","href":"https:\/\/api.w.org\/{rel}","templated":true}]}}