{"id":12381,"date":"2019-11-26T22:35:46","date_gmt":"2019-11-26T22:35:46","guid":{"rendered":"https:\/\/jorgezanoni.com.br\/2019\/?p=12381"},"modified":"2019-11-26T22:35:46","modified_gmt":"2019-11-26T22:35:46","slug":"queda-de-elevador-deixa-funcionarias-feridas-no-hospital-das-clinicas-de-botucatu","status":"publish","type":"post","link":"https:\/\/jorgezanoni.com.br\/2019\/queda-de-elevador-deixa-funcionarias-feridas-no-hospital-das-clinicas-de-botucatu\/","title":{"rendered":"Queda de elevador deixa funcion\u00e1rias feridas no Hospital das Cl\u00ednicas de Botucatu"},"content":{"rendered":"<h2 class=\"content-head__subtitle\" style=\"text-align: justify;\"><strong>Segundo o hospital, equipamento era de uso exclusivo para o transporte de carga. As funcion\u00e1rias foram atendidas e estado de sa\u00fade \u00e9 est\u00e1vel; causas do acidente ser\u00e3o investigadas.<\/strong><\/h2>\n<div class=\"mc-column content-text active-extra-styles \" data-block-type=\"unstyled\" data-block-weight=\"29\" data-block-id=\"2\">\n<p class=\"content-text__container \" style=\"text-align: justify;\" data-track-category=\"Link no Texto\" data-track-links=\"\">Duas funcion\u00e1rias do Hospital das Cl\u00ednicas (HC) da Faculdade de Medicina da Unesp de Botucatu (SP) ficaram feridas ap\u00f3s a queda de um elevador de servi\u00e7os da unidade.<\/p>\n<\/div>\n<div class=\"wall protected-content\">\n<div class=\"mc-column content-text active-extra-styles \" style=\"text-align: justify;\" data-block-type=\"unstyled\" data-block-weight=\"46\" data-block-id=\"3\">\n<p class=\"content-text__container \" data-track-category=\"Link no Texto\" data-track-links=\"\">Segundo a assessoria de imprensa do HC, a queda ocorreu na segunda-feira (25). O elevador da Central de Materiais e Esteriliza\u00e7\u00e3o (CME) \u00e9 utilizado exclusivamente por funcion\u00e1rios no transporte de cargas do centro cir\u00fargico. Por isso, n\u00e3o houve preju\u00edzo para a locomo\u00e7\u00e3o de pacientes e acompanhantes.<\/p>\n<\/div>\n<div class=\"mc-column content-text active-extra-styles \" data-block-type=\"unstyled\" data-block-weight=\"31\" data-block-id=\"4\">\n<p class=\"content-text__container \" style=\"text-align: justify;\" data-track-category=\"Link no Texto\" data-track-links=\"\">Segundo a nota do hospital, as duas funcion\u00e1rias que estavam no interior do elevador no momento da queda passaram por atendimento na pr\u00f3pria unidade e est\u00e3o em estado de sa\u00fade est\u00e1vel.<\/p>\n<p style=\"text-align: justify;\" data-track-category=\"Link no Texto\" data-track-links=\"\">O HC diz ainda que a manuten\u00e7\u00e3o preventiva do elevador est\u00e1 em dia e que vai avaliar as causas do acidente.<\/p>\n<p style=\"text-align: justify;\" data-track-category=\"Link no Texto\" data-track-links=\"\">Fonte: G1<\/p>\n<\/div>\n<\/div>\n","protected":false},"excerpt":{"rendered":"<p>Segundo o hospital, equipamento era de uso exclusivo para o transporte de carga. As funcion\u00e1rias foram atendidas e estado de sa\u00fade \u00e9 est\u00e1vel; causas do acidente ser\u00e3o investigadas. Duas funcion\u00e1rias do Hospital das Cl\u00ednicas (HC) da Faculdade de Medicina da Unesp de Botucatu (SP) ficaram feridas ap\u00f3s a queda de um elevador de servi\u00e7os da [&hellip;]<\/p>\n","protected":false},"author":1,"featured_media":12382,"comment_status":"closed","ping_status":"open","sticky":false,"template":"","format":"standard","meta":{"footnotes":""},"categories":[170,110],"tags":[],"class_list":["post-12381","post","type-post","status-publish","format-standard","has-post-thumbnail","hentry","category-acidentes","category-noticiasdestaque"],"_links":{"self":[{"href":"https:\/\/jorgezanoni.com.br\/2019\/wp-json\/wp\/v2\/posts\/12381","targetHints":{"allow":["GET"]}}],"collection":[{"href":"https:\/\/jorgezanoni.com.br\/2019\/wp-json\/wp\/v2\/posts"}],"about":[{"href":"https:\/\/jorgezanoni.com.br\/2019\/wp-json\/wp\/v2\/types\/post"}],"author":[{"embeddable":true,"href":"https:\/\/jorgezanoni.com.br\/2019\/wp-json\/wp\/v2\/users\/1"}],"replies":[{"embeddable":true,"href":"https:\/\/jorgezanoni.com.br\/2019\/wp-json\/wp\/v2\/comments?post=12381"}],"version-history":[{"count":0,"href":"https:\/\/jorgezanoni.com.br\/2019\/wp-json\/wp\/v2\/posts\/12381\/revisions"}],"wp:featuredmedia":[{"embeddable":true,"href":"https:\/\/jorgezanoni.com.br\/2019\/wp-json\/wp\/v2\/media\/12382"}],"wp:attachment":[{"href":"https:\/\/jorgezanoni.com.br\/2019\/wp-json\/wp\/v2\/media?parent=12381"}],"wp:term":[{"taxonomy":"category","embeddable":true,"href":"https:\/\/jorgezanoni.com.br\/2019\/wp-json\/wp\/v2\/categories?post=12381"},{"taxonomy":"post_tag","embeddable":true,"href":"https:\/\/jorgezanoni.com.br\/2019\/wp-json\/wp\/v2\/tags?post=12381"}],"curies":[{"name":"wp","href":"https:\/\/api.w.org\/{rel}","templated":true}]}}