{"id":12370,"date":"2019-11-26T21:38:29","date_gmt":"2019-11-26T21:38:29","guid":{"rendered":"https:\/\/jorgezanoni.com.br\/2019\/?p=12370"},"modified":"2019-11-26T21:38:29","modified_gmt":"2019-11-26T21:38:29","slug":"dracena-tempersul-empata-em-sao-jose-pela-liga-paulista","status":"publish","type":"post","link":"https:\/\/jorgezanoni.com.br\/2019\/dracena-tempersul-empata-em-sao-jose-pela-liga-paulista\/","title":{"rendered":"Dracena Tempersul empata em S\u00e3o Jos\u00e9 pela Liga Paulista"},"content":{"rendered":"<p style=\"font-weight: 400;\">Tudo igual no gin\u00e1sio do T\u00eanis Clube. O Dracena Futsal Tempersul viajou at\u00e9 o Vale do Para\u00edba e empatou com o S\u00e3o Jos\u00e9 Futsal por 3 a 3, no primeiro duelo das quartas de final da Liga Paulista da modalidade, disputado na noite de segunda-feira (25).<\/p>\n<p style=\"font-weight: 400;\">Com o resultado, a equipe dracenense joga por novo empate na pr\u00f3xima quinta-feira (28), no gin\u00e1sio Alaor Ferrari, por ter feito melhor campanha na fase de classifica\u00e7\u00e3o. Quem vencer avan\u00e7a.<\/p>\n<p style=\"font-weight: 400;\">Marcaram para o Dracena Tempersul Raf\u00e3o, Rafa Martins e Marcelinho. Para a &#8220;\u00c1guia do Vale&#8221; anotaram Gustavinho, Romada e Biel.<\/p>\n<p style=\"font-weight: 400;\">&#8220;Foi um jogo muito dif\u00edcil. Come\u00e7amos melhor no primeiro tempo e depois o S\u00e3o Jos\u00e9 cresceu. Na etapa final tomamos o gol logo no in\u00edcio e tivemos que correr atr\u00e1s do empate&#8221;, analisou o presidente Lucas Batista, que acompanhou o jogo\u00a0<em>in loco<\/em>. &#8220;Coube ao Marcelinho, que tinha acabado de entrar, anotar o gol que nos deixa a um empate da vaga&#8221;, completou.<\/p>\n<p><img loading=\"lazy\" decoding=\"async\" class=\"alignnone size-full wp-image-12372\" src=\"https:\/\/jorgezanoni.com.br\/2019\/wp-content\/uploads\/2019\/11\/temper1-1.jpg\" alt=\"\" width=\"240\" height=\"238\" srcset=\"https:\/\/jorgezanoni.com.br\/2019\/wp-content\/uploads\/2019\/11\/temper1-1.jpg 240w, https:\/\/jorgezanoni.com.br\/2019\/wp-content\/uploads\/2019\/11\/temper1-1-150x150.jpg 150w\" sizes=\"auto, (max-width: 240px) 100vw, 240px\" \/><\/p>\n<p style=\"font-weight: 400;\"><strong>Ingressos \u00e0 venda<\/strong><\/p>\n<p style=\"font-weight: 400;\">Para o duelo de volta das quartas de final, os ingressos est\u00e3o \u00e0 venda na Polidoro Pneus, Brink Sports e Posto da Pra\u00e7a ao pre\u00e7o de R$ 5,00. Crian\u00e7as at\u00e9 12 anos n\u00e3o pagam.<\/p>\n<p style=\"font-weight: 400;\">Fonte: Assessoria de Imprensa<\/p>\n","protected":false},"excerpt":{"rendered":"<p>Tudo igual no gin\u00e1sio do T\u00eanis Clube. O Dracena Futsal Tempersul viajou at\u00e9 o Vale do Para\u00edba e empatou com o S\u00e3o Jos\u00e9 Futsal por 3 a 3, no primeiro duelo das quartas de final da Liga Paulista da modalidade, disputado na noite de segunda-feira (25). Com o resultado, a equipe dracenense joga por novo [&hellip;]<\/p>\n","protected":false},"author":1,"featured_media":12371,"comment_status":"closed","ping_status":"open","sticky":false,"template":"","format":"standard","meta":{"footnotes":""},"categories":[111],"tags":[],"class_list":["post-12370","post","type-post","status-publish","format-standard","has-post-thumbnail","hentry","category-esporteecultura"],"_links":{"self":[{"href":"https:\/\/jorgezanoni.com.br\/2019\/wp-json\/wp\/v2\/posts\/12370","targetHints":{"allow":["GET"]}}],"collection":[{"href":"https:\/\/jorgezanoni.com.br\/2019\/wp-json\/wp\/v2\/posts"}],"about":[{"href":"https:\/\/jorgezanoni.com.br\/2019\/wp-json\/wp\/v2\/types\/post"}],"author":[{"embeddable":true,"href":"https:\/\/jorgezanoni.com.br\/2019\/wp-json\/wp\/v2\/users\/1"}],"replies":[{"embeddable":true,"href":"https:\/\/jorgezanoni.com.br\/2019\/wp-json\/wp\/v2\/comments?post=12370"}],"version-history":[{"count":0,"href":"https:\/\/jorgezanoni.com.br\/2019\/wp-json\/wp\/v2\/posts\/12370\/revisions"}],"wp:featuredmedia":[{"embeddable":true,"href":"https:\/\/jorgezanoni.com.br\/2019\/wp-json\/wp\/v2\/media\/12371"}],"wp:attachment":[{"href":"https:\/\/jorgezanoni.com.br\/2019\/wp-json\/wp\/v2\/media?parent=12370"}],"wp:term":[{"taxonomy":"category","embeddable":true,"href":"https:\/\/jorgezanoni.com.br\/2019\/wp-json\/wp\/v2\/categories?post=12370"},{"taxonomy":"post_tag","embeddable":true,"href":"https:\/\/jorgezanoni.com.br\/2019\/wp-json\/wp\/v2\/tags?post=12370"}],"curies":[{"name":"wp","href":"https:\/\/api.w.org\/{rel}","templated":true}]}}