{"id":12367,"date":"2019-11-26T21:12:34","date_gmt":"2019-11-26T21:12:34","guid":{"rendered":"https:\/\/jorgezanoni.com.br\/2019\/?p=12367"},"modified":"2019-11-26T21:13:16","modified_gmt":"2019-11-26T21:13:16","slug":"reta-final-ultimos-dias-para-inscricoes-do-vestibular-de-verao-da-unifadra","status":"publish","type":"post","link":"https:\/\/jorgezanoni.com.br\/2019\/reta-final-ultimos-dias-para-inscricoes-do-vestibular-de-verao-da-unifadra\/","title":{"rendered":"Reta final: \u00faltimos dias para inscri\u00e7\u00f5es do Vestibular de Ver\u00e3o da Unifadra"},"content":{"rendered":"<p style=\"font-weight: 400; text-align: justify;\">\u00daltimos dias para as inscri\u00e7\u00f5es para o Vestibular de Ver\u00e3o da Unifadra\/Fundec para os cursos de Artes Visuais, An\u00e1lise e Desenvolvimento de Sistemas, Educa\u00e7\u00e3o F\u00edsica, Enfermagem, Letras, Pedagogia, Ci\u00eancias Biol\u00f3gicas, Psicologia e Servi\u00e7o Social. Elas podem ser feitas at\u00e9 4 de dezembro no site\u00a0<a href=\"http:\/\/www.fundec.edu.br\/\">www.fundec.edu.br<\/a>\u00a0ou at\u00e9 o dia 6 de dezembro na Secretaria Geral da Fundec. A prova para estes cursos ser\u00e1 realizada no dia 8 de dezembro, \u00e0s 10h. O candidato pode conferir no site da Fundec informa\u00e7\u00f5es de todos os cursos superiores, editais dos vestibulares, bolsas e todos os contatos.<br \/>\nMais informa\u00e7\u00f5es: (18) 3821-9004.<\/p>\n<p style=\"font-weight: 400; text-align: justify;\">Carolina Colnago<\/p>\n<p style=\"font-weight: 400; text-align: justify;\">Assessora de Comunica\u00e7\u00e3o da Fundec &#8211; Jornalista<\/p>\n","protected":false},"excerpt":{"rendered":"<p>\u00daltimos dias para as inscri\u00e7\u00f5es para o Vestibular de Ver\u00e3o da Unifadra\/Fundec para os cursos de Artes Visuais, An\u00e1lise e Desenvolvimento de Sistemas, Educa\u00e7\u00e3o F\u00edsica, Enfermagem, Letras, Pedagogia, Ci\u00eancias Biol\u00f3gicas, Psicologia e Servi\u00e7o Social. Elas podem ser feitas at\u00e9 4 de dezembro no site\u00a0www.fundec.edu.br\u00a0ou at\u00e9 o dia 6 de dezembro na Secretaria Geral da Fundec. [&hellip;]<\/p>\n","protected":false},"author":1,"featured_media":12368,"comment_status":"closed","ping_status":"open","sticky":false,"template":"","format":"standard","meta":{"footnotes":""},"categories":[122],"tags":[],"class_list":["post-12367","post","type-post","status-publish","format-standard","has-post-thumbnail","hentry","category-saudeeducacaoeconcurso"],"_links":{"self":[{"href":"https:\/\/jorgezanoni.com.br\/2019\/wp-json\/wp\/v2\/posts\/12367","targetHints":{"allow":["GET"]}}],"collection":[{"href":"https:\/\/jorgezanoni.com.br\/2019\/wp-json\/wp\/v2\/posts"}],"about":[{"href":"https:\/\/jorgezanoni.com.br\/2019\/wp-json\/wp\/v2\/types\/post"}],"author":[{"embeddable":true,"href":"https:\/\/jorgezanoni.com.br\/2019\/wp-json\/wp\/v2\/users\/1"}],"replies":[{"embeddable":true,"href":"https:\/\/jorgezanoni.com.br\/2019\/wp-json\/wp\/v2\/comments?post=12367"}],"version-history":[{"count":0,"href":"https:\/\/jorgezanoni.com.br\/2019\/wp-json\/wp\/v2\/posts\/12367\/revisions"}],"wp:featuredmedia":[{"embeddable":true,"href":"https:\/\/jorgezanoni.com.br\/2019\/wp-json\/wp\/v2\/media\/12368"}],"wp:attachment":[{"href":"https:\/\/jorgezanoni.com.br\/2019\/wp-json\/wp\/v2\/media?parent=12367"}],"wp:term":[{"taxonomy":"category","embeddable":true,"href":"https:\/\/jorgezanoni.com.br\/2019\/wp-json\/wp\/v2\/categories?post=12367"},{"taxonomy":"post_tag","embeddable":true,"href":"https:\/\/jorgezanoni.com.br\/2019\/wp-json\/wp\/v2\/tags?post=12367"}],"curies":[{"name":"wp","href":"https:\/\/api.w.org\/{rel}","templated":true}]}}